{"id":20784,"date":"2022-08-29T08:00:50","date_gmt":"2022-08-29T06:00:50","guid":{"rendered":"https:\/\/www.generationsanstabac.org\/actualites\/une-initiative-citoyenne-plaide-pour-une-generation-sans-tabac-europeenne-dici-2030\/"},"modified":"2022-08-29T08:00:50","modified_gmt":"2022-08-29T06:00:50","slug":"une-initiative-citoyenne-plaide-pour-une-generation-sans-tabac-europeenne-dici-2030","status":"publish","type":"actualites","link":"https:\/\/www.generationsanstabac.org\/fr\/actualites\/une-initiative-citoyenne-plaide-pour-une-generation-sans-tabac-europeenne-dici-2030\/","title":{"rendered":"Une initiative citoyenne plaide pour une g\u00e9n\u00e9ration sans tabac europ\u00e9enne d\u2019ici 2030"},"content":{"rendered":"<p style=\"text-align: justify;\"><em>Le mercredi 24 ao\u00fbt, la Commission europ\u00e9enne a enregistr\u00e9 une nouvelle initiative citoyenne europ\u00e9enne (ICE) port\u00e9e par plusieurs associations europ\u00e9enne, intitul\u00e9e <\/em><a href=\"https:\/\/europa.eu\/citizens-initiative\/initiatives\/details\/2022\/000005_en\"><em>\u00ab Appel \u00e0 un environnement sans tabac et \u00e0 la premi\u00e8re g\u00e9n\u00e9ration europ\u00e9enne sans tabac d&rsquo;ici 2030 \u00bb<\/em><\/a><em>. Les organisateurs de l&rsquo;initiative demandent \u00e0 la Commission de proposer une l\u00e9gislation pour \u00e9viter aux nouvelles g\u00e9n\u00e9rations de tomber dans la d\u00e9pendance au tabac et d\u2019agir contre les d\u00e9g\u00e2ts environnementaux li\u00e9s \u00e0 sa consommation. <\/em><\/p>\n<p style=\"text-align: justify;\">Suite \u00e0 l\u2019enregistrement, les organisateurs ont 6 mois pour ouvrir la collecte de signatures. Si une initiative citoyenne europ\u00e9enne re\u00e7oit 1 million de d\u00e9clarations de soutien dans un d\u00e9lai d&rsquo;un an, en provenance d&rsquo;au moins 7 \u00c9tats membres diff\u00e9rents, la Commission devra r\u00e9agir. Elle pourra d\u00e9cider de donner suite ou non \u00e0 la demande, et devra expliquer son choix.<\/p>\n<h2 style=\"text-align: justify;\"><strong>Un ensemble coh\u00e9rent de mesures pour parvenir \u00e0 une g\u00e9n\u00e9ration sans tabac<\/strong><\/h2>\n<p style=\"text-align: justify;\">Les initiateurs souhaitent que la l\u00e9gislation europ\u00e9enne emp\u00eache les jeunes de commencer \u00e0 consommer du tabac tout en limitant les cons\u00e9quences de celui-ci sur l\u2019environnement. Pour ce faire, ils pr\u00e9conisent plusieurs mesures :<\/p>\n<p style=\"text-align: justify;\">&#8211; Promouvoir la premi\u00e8re g\u00e9n\u00e9ration europ\u00e9enne sans tabac d&rsquo;ici 2028, en mettant fin \u00e0 la vente de tabac et de produits \u00e0 base de nicotine aux citoyens n\u00e9s depuis 2010 ;<\/p>\n<p style=\"text-align: justify;\">&#8211; Cr\u00e9er un r\u00e9seau europ\u00e9en de plages et de berges sans tabac, en rendant ces espaces plus sains et \u00e9cologiquement durables ;<\/p>\n<p style=\"text-align: justify;\">&#8211; Cr\u00e9er un r\u00e9seau europ\u00e9en de parcs nationaux sans tabac, afin de les rendre plus sains et de r\u00e9duire la pollution li\u00e9e aux m\u00e9gots et les risques d&rsquo;incendie ;<\/p>\n<p style=\"text-align: justify;\">&#8211; \u00c9tendre les espaces ext\u00e9rieurs sans tabac et sans vapotage, en particulier ceux fr\u00e9quent\u00e9s par les mineurs (parcs, piscines, \u00e9v\u00e9nements et centres sportifs, spectacles et terrasses de restaurants) ;<\/p>\n<p style=\"text-align: justify;\">&#8211; \u00c9liminer la publicit\u00e9 et la pr\u00e9sence du tabac dans les productions audiovisuelles, les m\u00e9dias sociaux, en s&rsquo;attaquant sp\u00e9cialement \u00e0 la publicit\u00e9 \u00ab sous le radar \u00bb par le biais des influenceurs et du placement de produits ;<\/p>\n<p style=\"text-align: justify;\">&#8211; Financer des projets de recherche et de d\u00e9veloppement sur les maladies caus\u00e9es par le tabagisme afin d&rsquo;am\u00e9liorer leur pronostic et de les rendre curables.<\/p>\n<h2 style=\"text-align: justify;\"><strong>Une ambition similaire exprim\u00e9e par la Commission<\/strong><\/h2>\n<p style=\"text-align: justify;\">Avec 40% des cas de cancers attribu\u00e9s \u00e0 des causes \u00e9vitables et 25% de sa population qui fume quotidiennement, l\u2019Union europ\u00e9enne avait recommand\u00e9 dans son nouveau plan cancer, publi\u00e9 le 3 f\u00e9vrier 2021, de renforcer les politiques de lutte antitabac pour atteindre une Europe sans tabac d\u2019ici 2040 o\u00f9 moins de 5% de la population seront fumeuse.<\/p>\n<p style=\"text-align: justify;\">Les mesures du nouveau plan comprennent notamment :<\/p>\n<p style=\"text-align: justify;\">&#8211; l\u2019instauration du paquet neutre pour l\u2019ensemble des pays membres ;<\/p>\n<p style=\"text-align: justify;\">&#8211; une interdiction totale des ar\u00f4mes (la Commission a propos\u00e9 d\u2019interdire les <a href=\"https:\/\/www.generationsanstabac.org\/actualites\/la-commission-europeenne-propose-dinterdire-les-aromes-pour-le-tabac-a-chauffer\/\">ar\u00f4mes<\/a> pour le tabac chauff\u00e9 le 29 juin 2022) ;<\/p>\n<p style=\"text-align: justify;\">&#8211; l\u2019am\u00e9lioration de l\u2019\u00e9valuation des ingr\u00e9dients contenus dans les cigarettes ;<\/p>\n<p style=\"text-align: justify;\">&#8211; l\u2019extension de la fiscalit\u00e9 aux nouveaux produits du tabac et ;<\/p>\n<p style=\"text-align: justify;\">&#8211; la lutte contre la publicit\u00e9, la promotion et le parrainage du tabac sur Internet et les r\u00e9seaux sociaux.<\/p>\n<p style=\"text-align: justify;\">\u00c0 ce titre, la r\u00e9vision de la directive sur les produits du tabac constituera une \u00e9tape cruciale pour la sant\u00e9 publique. La r\u00e9vision de la directive aura notamment pour mission de proposer un cadre r\u00e9glementaire sur les nouveaux produits du tabac et de la nicotine, dont l\u2019apparition massive sur le march\u00e9 est post\u00e9rieure \u00e0 2014.<\/p>\n<p style=\"text-align: justify;\"><strong>Mots-cl\u00e9s : G\u00e9n\u00e9ration sans tabac, Commission europ\u00e9enne, Union europ\u00e9enne, 2030, lutte antitabac, environnement<\/strong><\/p>\n<p style=\"text-align: justify;\"><strong><a href=\"https:\/\/www.generationsanstabac.org\/\">\u00a9G\u00e9n\u00e9ration Sans Tabac<\/a><\/strong><\/p>\n<p style=\"text-align: right;\"><b><i>AE<\/i><\/b><\/p>\n<p><span style=\"color: #999999;\"><strong><a style=\"color: #999999;\" href=\"http:\/\/www.cnct.fr\/\" target=\"_blank\" rel=\"noopener noreferrer\">Comit\u00e9 national contre le tabagisme |<\/a><\/strong><\/span><\/p>\n","protected":false},"excerpt":{"rendered":"<p>Le mercredi 24 ao\u00fbt, la Commission europ\u00e9enne a enregistr\u00e9 une nouvelle initiative citoyenne europ\u00e9enne (ICE) port\u00e9e par plusieurs associations europ\u00e9enne, intitul\u00e9e \u00ab Appel \u00e0 un environnement sans tabac et \u00e0 la premi\u00e8re g\u00e9n\u00e9ration europ\u00e9enne sans tabac d&rsquo;ici 2030 \u00bb. Les organisateurs de l&rsquo;initiative demandent \u00e0 la Commission de proposer une l\u00e9gislation pour \u00e9viter aux nouvelles [&hellip;]<\/p>\n","protected":false},"featured_media":18864,"template":"","tags":[],"thematique":[491,474],"class_list":["post-20784","actualites","type-actualites","status-publish","has-post-thumbnail","hentry","thematique-politiques-publiques","thematique-sante"],"acf":[],"_links":{"self":[{"href":"https:\/\/www.generationsanstabac.org\/fr\/wp-json\/wp\/v2\/actualites\/20784","targetHints":{"allow":["GET"]}}],"collection":[{"href":"https:\/\/www.generationsanstabac.org\/fr\/wp-json\/wp\/v2\/actualites"}],"about":[{"href":"https:\/\/www.generationsanstabac.org\/fr\/wp-json\/wp\/v2\/types\/actualites"}],"version-history":[{"count":0,"href":"https:\/\/www.generationsanstabac.org\/fr\/wp-json\/wp\/v2\/actualites\/20784\/revisions"}],"wp:featuredmedia":[{"embeddable":true,"href":"https:\/\/www.generationsanstabac.org\/fr\/wp-json\/wp\/v2\/media\/18864"}],"wp:attachment":[{"href":"https:\/\/www.generationsanstabac.org\/fr\/wp-json\/wp\/v2\/media?parent=20784"}],"wp:term":[{"taxonomy":"post_tag","embeddable":true,"href":"https:\/\/www.generationsanstabac.org\/fr\/wp-json\/wp\/v2\/tags?post=20784"},{"taxonomy":"thematique","embeddable":true,"href":"https:\/\/www.generationsanstabac.org\/fr\/wp-json\/wp\/v2\/thematique?post=20784"}],"curies":[{"name":"wp","href":"https:\/\/api.w.org\/{rel}","templated":true}]}}