{"id":20776,"date":"2022-08-17T07:58:29","date_gmt":"2022-08-17T05:58:29","guid":{"rendered":"https:\/\/www.generationsanstabac.org\/actualites\/ouverture-200-bureaux-de-tabac-frontiere-espagnole-prejudiciable-sante-espagnols-et-francais\/"},"modified":"2022-08-17T07:58:29","modified_gmt":"2022-08-17T05:58:29","slug":"ouverture-200-bureaux-de-tabac-frontiere-espagnole-prejudiciable-sante-espagnols-et-francais","status":"publish","type":"actualites","link":"https:\/\/www.generationsanstabac.org\/fr\/actualites\/ouverture-200-bureaux-de-tabac-frontiere-espagnole-prejudiciable-sante-espagnols-et-francais\/","title":{"rendered":"Espagne : l\u2019ouverture de 200 bureaux de tabac est pr\u00e9judiciable \u00e0 la sant\u00e9 des Espagnols et des Fran\u00e7ais"},"content":{"rendered":"<p style=\"text-align: justify;\"><em>Le gouvernement espagnol a annonc\u00e9 d\u00e9but ao\u00fbt vouloir cr\u00e9er plus de 200 nouveaux bureaux de tabac, dont une trentaine aux zones frontali\u00e8res fr\u00e9quent\u00e9es par les citoyens fran\u00e7ais qui traversent la fronti\u00e8re pour acheter des paquets de cigarettes \u00e0 des prix qui sont en moyenne deux fois moins \u00e9lev\u00e9s qu\u2019en France. Une association de lutte contre le tabagisme espagnole (Nofumadores) d\u00e9nonce cette initiative qui va \u00e0 contre-courant des dispositions prises dans les deux pays pour parvenir prochainement \u00e0 une g\u00e9n\u00e9ration sans tabac.<\/em><\/p>\n<p style=\"text-align: justify;\">Les 203 nouvelles licences seront attribu\u00e9es pour la premi\u00e8re fois par ench\u00e8res publiques \u00e0 partir d\u2019octobre 2022. Cela signifie que l&rsquo;autorisation d&rsquo;ouverture sera accord\u00e9e au prix le plus \u00e9lev\u00e9 propos\u00e9 et ce pendant une dur\u00e9e de 25 ans. L\u2019acheteur devra ensuite installer son \u00e9tablissement \u00e0 au moins 150 m\u00e8tres d\u2019un autre \u00e9tablissement ou d\u2019une \u00e9cole. \u00c0 l\u2019exception des territoires frontaliers qui voient cette r\u00e9glementation limit\u00e9e \u00e0 25 m\u00e8tres, confirmant ainsi la volont\u00e9 du gouvernement espagnol de concentrer l\u2019offre dans les zones frontali\u00e8res et attirer les consommateurs fran\u00e7ais. Certaines communes limitrophes verront ainsi leur nombre de buralistes plus que doubler, \u00e0 l\u2019exemple de la Jonquera (\u00e0 proximit\u00e9 des Pyr\u00e9n\u00e9es-Orientales) qui pourrait voir son nombre de bureaux de tabac passer de 7 \u00e0 17 concessions<a href=\"#_ftn1\" name=\"_ftnref1\">[1]<\/a>.<\/p>\n<h2 style=\"text-align: justify;\"><strong>Une initiative qui va \u00e0 l\u2019encontre de l\u2019objectif d\u2019une g\u00e9n\u00e9ration sans tabac en Espagne<\/strong><\/h2>\n<p style=\"text-align: justify;\">L&rsquo;augmentation du nombre de bureaux de tabac en Espagne s\u2019oppose en effet \u00e0 la volont\u00e9 europ\u00e9enne de r\u00e9duire le nombre de cancers dans l\u2019Union d\u2019ici 2030 et d\u2019une Europe sans tabac d\u2019ici 2040 et aux politiques de sant\u00e9 de l\u2019Espagne. L&rsquo;association Nofumadores<a href=\"#_ftn2\" name=\"_ftnref2\">[2]<\/a>, porteuse du plan visant \u00e0 parvenir \u00e0 une g\u00e9n\u00e9ration sans tabac espagnole, qui consiste \u00e0 prendre des mesures telles que la r\u00e9duction du nombre de points de vente, l&rsquo;augmentation de plus de 100 % du prix actuel du tabac et l&rsquo;interdiction de l&rsquo;acc\u00e8s des mineurs aux cigarettes et autres produits \u00e0 base de nicotine d\u00e9plore l\u2019initiative approuv\u00e9e par le Tr\u00e9sor public d\u2019ouvrir de nouveaux points de vente.<\/p>\n<p style=\"text-align: justify;\">Fin 2021<a href=\"#_ftn3\" name=\"_ftnref3\">[3]<\/a>, le gouvernement espagnol avait pourtant d\u00e9voil\u00e9 un plan ambitieux et global contre le tabagisme qui introduisait, entre autres, l\u2019interdiction de fumer sur les terrasses de restaurants, les plages et dans les voitures, une restriction de la publicit\u00e9 en ligne, l\u2019interdiction des ar\u00f4mes, l\u2019introduction du paquet neutre et une hausse des taxes. Ces mesures concernent l\u2019ensemble des produits du tabac et de la nicotine et sont cens\u00e9es couvrir la p\u00e9riode 2021-2025. Les objectifs de ce plan sont de parvenir \u00e0 une g\u00e9n\u00e9ration sans tabac dans le pays et de r\u00e9duire d\u2019un tiers la mortalit\u00e9 pr\u00e9matur\u00e9e due aux maladies non transmissibles d\u2019ici 2030. En Espagne, 20 % des citoyens de plus de 15 ans fument r\u00e9guli\u00e8rement.<\/p>\n<h2 style=\"text-align: justify;\"><strong>Et qui affecte aussi l\u2019efficacit\u00e9 des politiques antitabac en France<\/strong><\/h2>\n<p style=\"text-align: justify;\">L&rsquo;augmentation du nombre de points de vente de tabac \u00e0 proximit\u00e9 de la fronti\u00e8re fran\u00e7aise se traduit par un ratio de 50 buralistes pour 10 000 habitants, alors que dans le reste du pays, le pourcentage est de quatre points de vente pour 10 000 habitants. La multiplication des lieux de vente proposant des cigarettes \u00e0 moiti\u00e9 prix par rapport \u00e0 la France risque de nuire, du moins localement, aux nombreux efforts entrepris ces derni\u00e8res ann\u00e9es et qui ont fait leur preuve dans la r\u00e9duction du nombre de fumeurs.<\/p>\n<p style=\"text-align: justify;\">Une telle approche met \u00e0 mal au moins partiellement les efforts d\u00e9ploy\u00e9s en France au cours de ces derni\u00e8res ann\u00e9es pour r\u00e9duire l&rsquo;accessibilit\u00e9 aux produits du tabac notamment chez les jeunes.<\/p>\n<p style=\"text-align: justify;\">Selon plusieurs \u00e9tudes, une densit\u00e9 plus \u00e9lev\u00e9e de d\u00e9taillants de tabac est associ\u00e9e \u00e0 une plus grande consommation de tabac. La <a href=\"https:\/\/www.generationsanstabac.org\/actualites\/la-nouvelle-zelande-proche-datteindre-son-objectif-de-generation-sans-tabac-dici-2025\/\">Nouvelle-Z\u00e9lande<\/a>, dans sa volont\u00e9 d\u2019End Game d\u2019ici 2025 pr\u00e9voit de r\u00e9duire drastiquement les points de vente \u00e0 travers le pays (jusqu\u2019\u00e0 95%).<\/p>\n<p style=\"text-align: justify;\">Pour le Comit\u00e9 national contre le tabagisme en France<a href=\"#_ftn4\" name=\"_ftnref4\">[4]<\/a>, cette situation souligne les enjeux d\u2019une harmonisation vers le haut des taxes sur les produits du tabac, mais aussi la n\u00e9cessit\u00e9, conform\u00e9ment aux dispositions de lutte contre le commerce illicite des produits du tabac, de limiter les approvisionnements des pays en lien avec la consommation de tabac r\u00e9elle de ceux-ci.<\/p>\n<p style=\"text-align: justify;\"><strong>Mots-cl\u00e9s : Espagne, France, points de vente, bureaux de tabac, buralistes, g\u00e9n\u00e9ration sans tabac, achats transfrontaliers, fronti\u00e8re<\/strong><\/p>\n<p style=\"text-align: justify;\"><strong><a href=\"https:\/\/www.generationsanstabac.org\/\">\u00a9G\u00e9n\u00e9ration Sans Tabac<\/a><\/strong><\/p>\n<p style=\"text-align: right;\"><strong><em>AE<\/em><\/strong><\/p>\n<hr \/>\n<p style=\"text-align: justify;\"><a href=\"#_ftnref1\" name=\"_ftn1\">[1]<\/a> <a href=\"https:\/\/france3-regions.francetvinfo.fr\/occitanie\/pyrenees-orientales\/cigarettes-l-espagne-annonce-l-ouverture-prochaine-de-200-nouveaux-bureaux-de-tabac-dont-une-dizaine-a-la-frontiere-de-la-jonquera-2592712.html\">Catalogne : 200 nouveaux bureaux de tabac en Espagne, dont une dizaine \u00e0 la fronti\u00e8re \u00e0 la Jonquera<\/a>, France 3 r\u00e9gions, publi\u00e9 le 7 ao\u00fbt 2022, consult\u00e9 le 16 ao\u00fbt 2022<\/p>\n<p style=\"text-align: justify;\"><a href=\"#_ftnref2\" name=\"_ftn2\">[2]<\/a> Communiqu\u00e9 de presse, <a href=\"https:\/\/nofumadores.org\/wp-content\/uploads\/2022\/08\/2022-08-15-NP-Nofumadores-exige-al-Gobierno-recortar-el-numero-de-puntos-de-venta-de-tabaco.pdf\">Nofumadores exige al Gobierno recortar el n\u00famero de puntos de venta de tabaco<\/a>, Nofumadores.org, publi\u00e9 le 15 ao\u00fbt 2022, consult\u00e9 le 16 ao\u00fbt 2022<\/p>\n<p style=\"text-align: justify;\"><a href=\"#_ftnref3\" name=\"_ftn3\">[3]<\/a> G\u00e9n\u00e9ration sans tabac, <a href=\"https:\/\/www.generationsanstabac.org\/actualites\/espagne-renforce-reglementations-ensemble-produits-du-tabac-et-de-la-nicotine\/\">L\u2019Espagne renforce ses r\u00e9glementations pour l\u2019ensemble des produits du tabac et de la nicotine<\/a>, publi\u00e9 le 10 d\u00e9cembre 2021, consult\u00e9 le 16 ao\u00fbt 2022<\/p>\n<p style=\"text-align: justify;\"><a href=\"#_ftnref4\" name=\"_ftn4\">[4]<\/a> Comit\u00e9 national contre le tabagisme, <a href=\"https:\/\/cnct.fr\/plaidoyers\/lutter-commerce-illicite-et-marches-paralleles\/\">Lutter contre le commerce illicite et les march\u00e9s parall\u00e8les<\/a>, publi\u00e9 le 3 juin 2021, consult\u00e9 le 16 ao\u00fbt 2022<\/p>\n<p><span style=\"color: #999999;\"><strong><a style=\"color: #999999;\" href=\"http:\/\/www.cnct.fr\/\" target=\"_blank\" rel=\"noopener noreferrer\">Comit\u00e9 national contre le tabagisme |<\/a><\/strong><\/span><\/p>\n","protected":false},"excerpt":{"rendered":"<p>Le gouvernement espagnol a annonc\u00e9 d\u00e9but ao\u00fbt vouloir cr\u00e9er plus de 200 nouveaux bureaux de tabac, dont une trentaine aux zones frontali\u00e8res fr\u00e9quent\u00e9es par les citoyens fran\u00e7ais qui traversent la fronti\u00e8re pour acheter des paquets de cigarettes \u00e0 des prix qui sont en moyenne deux fois moins \u00e9lev\u00e9s qu\u2019en France. Une association de lutte contre [&hellip;]<\/p>\n","protected":false},"featured_media":11145,"template":"","tags":[],"thematique":[538,474],"class_list":["post-20776","actualites","type-actualites","status-publish","has-post-thumbnail","hentry","thematique-marches-paralleles","thematique-sante"],"acf":[],"_links":{"self":[{"href":"https:\/\/www.generationsanstabac.org\/fr\/wp-json\/wp\/v2\/actualites\/20776","targetHints":{"allow":["GET"]}}],"collection":[{"href":"https:\/\/www.generationsanstabac.org\/fr\/wp-json\/wp\/v2\/actualites"}],"about":[{"href":"https:\/\/www.generationsanstabac.org\/fr\/wp-json\/wp\/v2\/types\/actualites"}],"version-history":[{"count":0,"href":"https:\/\/www.generationsanstabac.org\/fr\/wp-json\/wp\/v2\/actualites\/20776\/revisions"}],"wp:featuredmedia":[{"embeddable":true,"href":"https:\/\/www.generationsanstabac.org\/fr\/wp-json\/wp\/v2\/media\/11145"}],"wp:attachment":[{"href":"https:\/\/www.generationsanstabac.org\/fr\/wp-json\/wp\/v2\/media?parent=20776"}],"wp:term":[{"taxonomy":"post_tag","embeddable":true,"href":"https:\/\/www.generationsanstabac.org\/fr\/wp-json\/wp\/v2\/tags?post=20776"},{"taxonomy":"thematique","embeddable":true,"href":"https:\/\/www.generationsanstabac.org\/fr\/wp-json\/wp\/v2\/thematique?post=20776"}],"curies":[{"name":"wp","href":"https:\/\/api.w.org\/{rel}","templated":true}]}}