{"id":20775,"date":"2022-08-18T08:00:25","date_gmt":"2022-08-18T06:00:25","guid":{"rendered":"https:\/\/www.generationsanstabac.org\/actualites\/cleveland-effet-benefique-sur-la-consommation-du-relevement-a-21-ans-de-lage-legal-de-vente-de-tabac\/"},"modified":"2022-08-18T08:00:25","modified_gmt":"2022-08-18T06:00:25","slug":"cleveland-effet-benefique-sur-la-consommation-du-relevement-a-21-ans-de-lage-legal-de-vente-de-tabac","status":"publish","type":"actualites","link":"https:\/\/www.generationsanstabac.org\/fr\/actualites\/cleveland-effet-benefique-sur-la-consommation-du-relevement-a-21-ans-de-lage-legal-de-vente-de-tabac\/","title":{"rendered":"Cleveland : effet b\u00e9n\u00e9fique sur la consommation du rel\u00e8vement \u00e0 21 ans de l\u2019\u00e2ge l\u00e9gal de vente de tabac"},"content":{"rendered":"<p style=\"text-align: justify;\"><em>Avoir relev\u00e9 l\u2019\u00e2ge de vente \u00e0 21ans a eu, dans cette ville, une influence sur l\u2019\u00e9volution de la pr\u00e9valence tabagique chez les jeunes, avec d\u00e9clin de la consommation de cigares, la forme de tabac la plus consomm\u00e9e par ceux-ci, et r\u00e9duction des disparit\u00e9s de consommation entre les minorit\u00e9s ethniques, indique une \u00e9tude. <\/em><\/p>\n<p style=\"text-align: justify;\">Partant du constat que 90 % des fumeurs sont entr\u00e9s dans le tabagisme durant l\u2019adolescence et qu\u2019il est plus difficile de s\u2019en extraire lorsqu\u2019on a commenc\u00e9 tr\u00e8s jeune, plusieurs pays ont envisag\u00e9 de relever l\u2019\u00e2ge l\u00e9gal de vente du tabac \u00e0 21 ans au lieu de 18 ans<a href=\"#_ftn1\" name=\"_ftnref1\">[1]<\/a>. Ce type de mesure a \u00e9t\u00e9 adopt\u00e9, \u00e0 ce jour, principalement aux Etats-Unis et \u00e0 Singapour.<\/p>\n<p style=\"text-align: justify;\">Avant la g\u00e9n\u00e9ralisation du rel\u00e8vement de l\u2019\u00e2ge l\u00e9gal de vente de tabac au niveau f\u00e9d\u00e9ral, fin 2019, certains \u00e9tats \u00e9tatsuniens avaient anticip\u00e9 cette mesure. \u00c0 Cleveland (Ohio), elle avait \u00e9t\u00e9 adopt\u00e9e d\u00e8s avril 2016, alors que l\u2019essentiel de l\u2019Ohio ne l\u2019a mise en \u0153uvre qu\u2019\u00e0 partir de 2019. Une \u00e9tude r\u00e9cemment publi\u00e9e a \u00e9valu\u00e9 l\u2019impact de cette mesure sur les jeunes de la ville de Cleveland, en se penchant sur la p\u00e9riode 2013-2019<a href=\"#_ftn2\" name=\"_ftnref2\">[2]<\/a>.<\/p>\n<h2 style=\"text-align: justify;\"><strong>Une baisse de consommation observ\u00e9e dans toutes les cat\u00e9gories <\/strong><\/h2>\n<p style=\"text-align: justify;\">La comparaison des pr\u00e9valences tabagiques s\u2019appuie sur les donn\u00e9es des \u00e9tudes bisannuelles sur les comportements \u00e0 risques des jeunes, r\u00e9alis\u00e9es en 2013, 2015, 2017 et 2019 dans les \u00e9tablissements scolaires locaux, aupr\u00e8s de 12 616 \u00e9l\u00e8ves du secondaire. Les donn\u00e9es de la ville de Cleveland ont \u00e9t\u00e9 mises en perspective avec celles des villes de la premi\u00e8re couronne de son agglom\u00e9ration, o\u00f9 la mesure de rel\u00e8vement de l\u2019\u00e2ge l\u00e9gal n\u2019a \u00e9t\u00e9 adopt\u00e9e qu\u2019en 2019. Ceci permettait de mieux faire ressortir les diff\u00e9rences ethniques, la population de Cleveland \u00e9tant plus pauvre, plus fumeuse et davantage compos\u00e9e de personnes noires ou hispaniques. Les consommations de cigarettes, de cigares (notamment cigarillos et cigares aromatis\u00e9s, tr\u00e8s pris\u00e9s des jeunes) et de cigarettes \u00e9lectroniques \u00e9taient relev\u00e9es sur les 30 derniers jours. Des questions sur l\u2019appartenance ethnique \u00e9taient \u00e9galement pos\u00e9es durant le recueil des donn\u00e9es.<\/p>\n<p style=\"text-align: justify;\">Il ressort que l\u2019effet du rel\u00e8vement de l\u2019\u00e2ge l\u00e9gal de vente permet d\u2019observer une baisse de tous les types de consommations, y compris de cigarettes \u00e9lectroniques, sur Cleveland \u00e0 partir de 2017, alors que les consommations de cigarettes et surtout de cigares \u00e9taient en augmentation entre 2013 et 2015. Globalement, la pr\u00e9valence de la consommation de cigares qui \u00e9tait pass\u00e9e de 19,8 % en 2013 \u00e0 21,3 % en 2015 est tomb\u00e9e \u00e0 16,8 % en 2019, et cette baisse \u00e9tait significativement plus importante que dans la banlieue de Cleveland o\u00f9 la vente \u00e9tait encore autoris\u00e9e pass\u00e9 18 ans. Ces baisses sont plus ou moins marqu\u00e9es selon les types de produits et les profils ethno-d\u00e9mographiques des r\u00e9pondants, mais s\u2019observent dans toutes les cat\u00e9gories (avec pour exception une hausse de la consommation de cigarettes chez les adolescents noirs entre 2017 et 2019).<\/p>\n<h2 style=\"text-align: justify;\"><strong>Une r\u00e9duction des disparit\u00e9s ethniques<\/strong><\/h2>\n<p style=\"text-align: justify;\">Les baisses observ\u00e9es ont \u00e9t\u00e9 accompagn\u00e9es d\u2019une r\u00e9duction des disparit\u00e9s de consommation entre des groupes de sexe ou d\u2019ethnies diff\u00e9rents (ex. : r\u00e9duction des \u00e9carts les plus importants relev\u00e9s entre les consommations de cigares chez les adolescentes noires et les adolescents blancs, entre 2013 et 2019, ou entre les consommations de cigarettes chez les adolescentes blanches et les adolescents noirs, entre 2015 et 2019).<\/p>\n<p style=\"text-align: justify;\">Cette mesure faisait suite \u00e0 une augmentation du prix des cigarettes en Ohio en juillet 2015, et a \u00e9t\u00e9 contemporaine de la diffusion des cigarettes \u00e9lectroniques jetables ; toutefois, la baisse de consommation des cigarettes \u00e9lectroniques s\u2019est poursuive r\u00e9guli\u00e8rement dans les diff\u00e9rents groupes de population avant et apr\u00e8s le rel\u00e8vement de l\u2019\u00e2ge de vente. A signaler qu\u2019une \u00e9tude de 2016 a observ\u00e9 que l\u2019effet des mesures antitabac chez les adolescents est plus sensible dans la p\u00e9riode qui suit imm\u00e9diatement l\u2019adoption de la mesure, la persistance de l\u2019effet dans le temps devant \u00eatre \u00e9valu\u00e9e<a href=\"#_ftn3\" name=\"_ftnref3\">[3]<\/a>. Enfin, l\u2019application effective de l\u2019interdiction de vente de tabac aux moins de 21 ans semblait moins respect\u00e9e dans les quartiers noirs de Cleveland, ainsi que l\u2019affichage du nouvel \u00e2ge l\u00e9gal sur le lieu de vente.<\/p>\n<p style=\"text-align: justify;\">L\u2019\u00e9tude d\u00e9montre l\u2019effet positif du rel\u00e8vement de l\u2019\u00e2ge l\u00e9gal de vente de tabac sur la consommation des produits du tabac et cigarettes \u00e9lectroniques, notamment des cigares, les produits les plus populaires chez les jeunes de Cleveland, avec r\u00e9duction des disparit\u00e9s entre les groupes ethniques. Cette augmentation locale de l\u2019\u00e2ge l\u00e9gal de vente des produits de tabac, initi\u00e9e sur Cleveland par la soci\u00e9t\u00e9 civile, confirme que des mesures locales peuvent \u00eatre efficaces, avant m\u00eame d\u2019\u00eatre d\u00e9ploy\u00e9es \u00e0 une plus large \u00e9chelle<a href=\"#_ftn4\" name=\"_ftnref4\">[4]<\/a>.<\/p>\n<p><strong>Mots-cl\u00e9s : \u00e2ge l\u00e9gal de vente, 21 ans, disparit\u00e9s ethniques, Cleveland<\/strong><\/p>\n<p style=\"text-align: justify;\"><strong><a href=\"https:\/\/www.generationsanstabac.org\/\">\u00a9G\u00e9n\u00e9ration Sans Tabac<\/a><\/strong><\/p>\n<p style=\"text-align: right;\"><strong><em>MF<\/em><\/strong><\/p>\n<hr \/>\n<p><a href=\"#_ftnref1\" name=\"_ftn1\">[1]<\/a> <a href=\"https:\/\/www.generationsanstabac.org\/actualites\/interdire-la-vente-de-tabac-aux-moins-de-21-ans-quels-enjeux\/\"><em>Interdire la vente de tabac aux moins de 21 ans : quels enjeux ?<\/em><\/a>, G\u00e9n\u00e9ration sans tabac, publi\u00e9 le 31 mai 2021, consult\u00e9 le 11 ao\u00fbt 2021.<\/p>\n<p><a href=\"#_ftnref2\" name=\"_ftn2\">[2]<\/a> Trapl E, Pike Moore S, Osborn C, Gupta N, Love T, Kinzy T, Kinsella A, Frank S, <a href=\"https:\/\/jamanetwork.com\/journals\/jamanetworkopen\/fullarticle\/2794152\"><em>Evaluation of Restrictions on Tobacco Sales to Youth Younger Than 21 Years in Cleveland, Ohio, Area<\/em><\/a>, JAMA Network Open. 2022;5(7):e2222987.<\/p>\n<p><a href=\"#_ftnref3\" name=\"_ftn3\">[3]<\/a> Kessel Schneider S, Buka SL, Dash K, Winickoff JP, O\u2019Donnell L. <a href=\"https:\/\/tobaccocontrol.bmj.com\/content\/25\/3\/355\"><em>Community reductions in youth smoking after raising the minimum tobacco sales age to 21<\/em><\/a>. Tob Control. 2016;25(3):355-359.<\/p>\n<p><a href=\"#_ftnref4\" name=\"_ftn4\">[4]<\/a> <a href=\"https:\/\/medicalxpress.com\/news\/2022-08-discusses-impact-age-limit-tobacco.html\"><em>Researcher discusses impact of raising age limit to buy tobacco products<\/em><\/a>, Medical X Press, publi\u00e9 le 8 ao\u00fbt 2022, consult\u00e9 le 11 ao\u00fbt 2022.<\/p>\n<p><span style=\"color: #999999;\"><strong><a style=\"color: #999999;\" href=\"http:\/\/www.cnct.fr\/\" target=\"_blank\" rel=\"noopener noreferrer\">Comit\u00e9 national contre le tabagisme |<\/a><\/strong><\/span><\/p>\n","protected":false},"excerpt":{"rendered":"<p>Avoir relev\u00e9 l\u2019\u00e2ge de vente \u00e0 21ans a eu, dans cette ville, une influence sur l\u2019\u00e9volution de la pr\u00e9valence tabagique chez les jeunes, avec d\u00e9clin de la consommation de cigares, la forme de tabac la plus consomm\u00e9e par ceux-ci, et r\u00e9duction des disparit\u00e9s de consommation entre les minorit\u00e9s ethniques, indique une \u00e9tude. Partant du constat [&hellip;]<\/p>\n","protected":false},"featured_media":11143,"template":"","tags":[],"thematique":[491],"class_list":["post-20775","actualites","type-actualites","status-publish","has-post-thumbnail","hentry","thematique-politiques-publiques"],"acf":[],"_links":{"self":[{"href":"https:\/\/www.generationsanstabac.org\/fr\/wp-json\/wp\/v2\/actualites\/20775","targetHints":{"allow":["GET"]}}],"collection":[{"href":"https:\/\/www.generationsanstabac.org\/fr\/wp-json\/wp\/v2\/actualites"}],"about":[{"href":"https:\/\/www.generationsanstabac.org\/fr\/wp-json\/wp\/v2\/types\/actualites"}],"version-history":[{"count":0,"href":"https:\/\/www.generationsanstabac.org\/fr\/wp-json\/wp\/v2\/actualites\/20775\/revisions"}],"wp:featuredmedia":[{"embeddable":true,"href":"https:\/\/www.generationsanstabac.org\/fr\/wp-json\/wp\/v2\/media\/11143"}],"wp:attachment":[{"href":"https:\/\/www.generationsanstabac.org\/fr\/wp-json\/wp\/v2\/media?parent=20775"}],"wp:term":[{"taxonomy":"post_tag","embeddable":true,"href":"https:\/\/www.generationsanstabac.org\/fr\/wp-json\/wp\/v2\/tags?post=20775"},{"taxonomy":"thematique","embeddable":true,"href":"https:\/\/www.generationsanstabac.org\/fr\/wp-json\/wp\/v2\/thematique?post=20775"}],"curies":[{"name":"wp","href":"https:\/\/api.w.org\/{rel}","templated":true}]}}