{"id":20774,"date":"2022-08-12T12:39:21","date_gmt":"2022-08-12T10:39:21","guid":{"rendered":"https:\/\/www.generationsanstabac.org\/actualites\/organisation-youth-for-tobacco-control-appelle-a-la-responsabilite-intergenerationnelle-de-lindustrie-du-tabac\/"},"modified":"2022-08-12T12:39:21","modified_gmt":"2022-08-12T10:39:21","slug":"organisation-youth-for-tobacco-control-appelle-a-la-responsabilite-intergenerationnelle-de-lindustrie-du-tabac","status":"publish","type":"actualites","link":"https:\/\/www.generationsanstabac.org\/fr\/actualites\/organisation-youth-for-tobacco-control-appelle-a-la-responsabilite-intergenerationnelle-de-lindustrie-du-tabac\/","title":{"rendered":"Youth for Tobacco Control appelle \u00e0 la responsabilit\u00e9 interg\u00e9n\u00e9rationnelle de l&rsquo;industrie du tabac"},"content":{"rendered":"<p style=\"text-align: justify;\"><em>\u00c0 l&rsquo;occasion de la Journ\u00e9e internationale de la jeunesse, ce vendredi 12 ao\u00fbt, l&rsquo;organisation International Youth for Tobacco Control (IYTC) et plusieurs organismes internationaux et nationaux de lutte contre le tabac ont publi\u00e9 une <\/em><a href=\"https:\/\/www.iytc.org\/post\/statement-of-the-youth\"><em>d\u00e9claration commune<\/em><\/a><em> \u00e0 l\u2019encontre de l\u2019industrie du tabac. Le th\u00e8me en 2022 de cette journ\u00e9e est la solidarit\u00e9 interg\u00e9n\u00e9rationnelle et l&rsquo;IYTC interpelle \u00e0 ce titre l&rsquo;industrie du tabac. <\/em><\/p>\n<p style=\"text-align: justify;\">International Youth for Tobacco Control s&rsquo;engage \u00e0 prot\u00e9ger les jeunes adultes, les enfants et la g\u00e9n\u00e9ration future de la d\u00e9pendance \u00e0 vie caus\u00e9e par l&rsquo;industrie du tabac. Elle rappelle qu\u2019il existe un conflit d&rsquo;int\u00e9r\u00eat fondamental entre l&rsquo;industrie du tabac et la sant\u00e9 publique, notamment la sant\u00e9 des g\u00e9n\u00e9rations futures qui d\u00e9pendra des politiques adopt\u00e9es aujourd&rsquo;hui.<\/p>\n<h2 style=\"text-align: justify;\"><strong>Une longue de liste de griefs \u00e0 l\u2019encontre de l\u2019industrie du tabac<\/strong><\/h2>\n<p style=\"text-align: justify;\">La d\u00e9claration d\u00e9nonce l\u2019implication des fabricants de tabac dans la r\u00e9cente \u00e9pid\u00e9mie de vapotage chez les jeunes, r\u00e9sultant d\u2019un marketing agressif de ces nouveaux produits \u00e0 base de nicotine via les canaux pl\u00e9biscit\u00e9s par les jeunes (r\u00e9seaux sociaux) en recourant, par exemple, au parrainage sportif, notamment aux sports m\u00e9caniques. Le risque de d\u00e9pendance suite \u00e0 une consommation dite r\u00e9cr\u00e9ative chez les jeunes doit \u00eatre au centre de toute d\u00e9cision politique concernant les nouveaux produits du tabac et de la nicotine. L&rsquo;industrie du tabac ne doit pas \u00eatre autoris\u00e9e \u00e0 tirer profit des dits produits.<\/p>\n<p style=\"text-align: justify;\">IYTC insiste sur la menace que repr\u00e9sentent les produits du tabac et de la nicotine pour l\u2019environnement, avec, notamment, l&rsquo;accumulation de plastiques \u00e0 usage unique toxiques dans les oc\u00e9ans, sachant que les activit\u00e9s de responsabilit\u00e9 soci\u00e9tale (RSE) et les relations publiques de l\u2019industrie du tabac visent \u00e0 d\u00e9tourner l\u2019attention des cons\u00e9quences d\u00e9vastatrices de ses activit\u00e9s sur l\u2019environnement. Ainsi, la plantation de quelques arbres ou le nettoyage des plages sont un moyen sans commune mesure avec les d\u00e9g\u00e2ts majeurs caus\u00e9s \u00e0 la plan\u00e8te par cette industrie de redorer son image aupr\u00e8s des d\u00e9cideurs politiques et contrer les mesures de lutte contre le tabagisme.<\/p>\n<p style=\"text-align: justify;\">R\u00e9cemment, les compagnies de tabac ont acquis des entreprises pharmaceutiques (vaccins) ou promouvant des drogues r\u00e9cr\u00e9atives (cannabis). Il s\u2019agit pour elles de diversifier leurs activit\u00e9s pour faire face au d\u00e9clin de la consommation de cigarettes traditionnelles et donner une image de compagnies \u00ab respectables \u00bb. Cette recherche d\u2019honorabilit\u00e9 n\u2019emp\u00eache pas, en m\u00eame temps, de poursuivre l\u2019exploitation du travail des enfants dans les champs de tabac.<\/p>\n<h2 style=\"text-align: justify;\"><strong>Tenir l\u2019industrie responsable de ses agissements<\/strong><\/h2>\n<p style=\"text-align: justify;\">Les organisations appellent les gouvernements \u00e0 agir \u00e0 l\u2019encontre des fabricants de tabac pour les d\u00e9g\u00e2ts pass\u00e9s, pr\u00e9sents et futurs caus\u00e9s par la fabrication des produits du tabac et leur consommation et exigent de l&rsquo;industrie du tabac qu&rsquo;elle rende des comptes, ce qui pourrait prendre la forme, par exemple, d&rsquo;une r\u00e9vocation des licences des d\u00e9taillants de tabac ne respectant pas la loi, d&rsquo;une indemnisation pour les pr\u00e9judices subis, de garanties financi\u00e8res pour les pr\u00e9judices futurs, mesures qui pourraient \u00eatre obtenues par le biais de proc\u00e8s pour lesquels les gouvernements devraient faciliter l&rsquo;acc\u00e8s aux actions en justice des jeunes et pr\u00e9lever des taxes suppl\u00e9mentaires sur les produits du tabac et de la nicotine.<\/p>\n<p style=\"text-align: justify;\">Puisque ce sont les jeunes g\u00e9n\u00e9rations qui vivront des ressources de la plan\u00e8te, IYTC appelle l\u2019industrie du tabac \u00e0 payer pour les nombreux d\u00e9g\u00e2ts environnementaux qu\u2019elle cause. Enfin, afin d\u2019\u00e9viter toute future pollution, les gouvernements doivent interdire les filtres de cigarettes, un plastique \u00e0 usage unique, ce qui, de plus, contribuerait \u00e0 r\u00e9duire l&rsquo;attrait des cigarettes et \u00e0 pr\u00e9venir l\u2019entr\u00e9e des jeunes dans le tabagisme.<\/p>\n<p style=\"text-align: justify;\"><strong>Mots-cl\u00e9s : International Youth for Tobacco Control, IYTC, jeunes, g\u00e9n\u00e9ration future, g\u00e9n\u00e9ration sans tabac, responsabilit\u00e9, industrie du tabac, nouveaux produits, environnement<\/strong><\/p>\n<p style=\"text-align: justify;\"><strong><a href=\"https:\/\/www.generationsanstabac.org\/\">\u00a9G\u00e9n\u00e9ration Sans Tabac<\/a><\/strong><\/p>\n<p style=\"text-align: right;\"><strong><em>AE<\/em><\/strong><\/p>\n<p><span style=\"color: #999999;\"><strong><a style=\"color: #999999;\" href=\"http:\/\/www.cnct.fr\/\" target=\"_blank\" rel=\"noopener noreferrer\">Comit\u00e9 national contre le tabagisme |<\/a><\/strong><\/span><\/p>\n","protected":false},"excerpt":{"rendered":"<p>\u00c0 l&rsquo;occasion de la Journ\u00e9e internationale de la jeunesse, ce vendredi 12 ao\u00fbt, l&rsquo;organisation International Youth for Tobacco Control (IYTC) et plusieurs organismes internationaux et nationaux de lutte contre le tabac ont publi\u00e9 une d\u00e9claration commune \u00e0 l\u2019encontre de l\u2019industrie du tabac. Le th\u00e8me en 2022 de cette journ\u00e9e est la solidarit\u00e9 interg\u00e9n\u00e9rationnelle et l&rsquo;IYTC [&hellip;]<\/p>\n","protected":false},"featured_media":11141,"template":"","tags":[],"thematique":[480],"class_list":["post-20774","actualites","type-actualites","status-publish","has-post-thumbnail","hentry","thematique-environnement"],"acf":[],"_links":{"self":[{"href":"https:\/\/www.generationsanstabac.org\/fr\/wp-json\/wp\/v2\/actualites\/20774","targetHints":{"allow":["GET"]}}],"collection":[{"href":"https:\/\/www.generationsanstabac.org\/fr\/wp-json\/wp\/v2\/actualites"}],"about":[{"href":"https:\/\/www.generationsanstabac.org\/fr\/wp-json\/wp\/v2\/types\/actualites"}],"version-history":[{"count":0,"href":"https:\/\/www.generationsanstabac.org\/fr\/wp-json\/wp\/v2\/actualites\/20774\/revisions"}],"wp:featuredmedia":[{"embeddable":true,"href":"https:\/\/www.generationsanstabac.org\/fr\/wp-json\/wp\/v2\/media\/11141"}],"wp:attachment":[{"href":"https:\/\/www.generationsanstabac.org\/fr\/wp-json\/wp\/v2\/media?parent=20774"}],"wp:term":[{"taxonomy":"post_tag","embeddable":true,"href":"https:\/\/www.generationsanstabac.org\/fr\/wp-json\/wp\/v2\/tags?post=20774"},{"taxonomy":"thematique","embeddable":true,"href":"https:\/\/www.generationsanstabac.org\/fr\/wp-json\/wp\/v2\/thematique?post=20774"}],"curies":[{"name":"wp","href":"https:\/\/api.w.org\/{rel}","templated":true}]}}