{"id":20772,"date":"2022-08-17T12:00:57","date_gmt":"2022-08-17T10:00:57","guid":{"rendered":"https:\/\/www.generationsanstabac.org\/actualites\/afrique-plusieurs-pays-renforcent-leurs-lois-anti-tabac\/"},"modified":"2022-08-17T12:00:57","modified_gmt":"2022-08-17T10:00:57","slug":"afrique-plusieurs-pays-renforcent-leurs-lois-anti-tabac","status":"publish","type":"actualites","link":"https:\/\/www.generationsanstabac.org\/fr\/actualites\/afrique-plusieurs-pays-renforcent-leurs-lois-anti-tabac\/","title":{"rendered":"Afrique : plusieurs pays renforcent leurs lois anti-tabac"},"content":{"rendered":"<p style=\"text-align: justify;\"><em>Plusieurs pays africains, dont la Sierra Leone, la C\u00f4te d\u2019Ivoire et le Gabon ont r\u00e9cemment annonc\u00e9 un renforcement dans leurs pays de la lutte contre le tabac en collaboration avec l\u2019Organisation Mondiale de la Sant\u00e9 (OMS). La forte croissance d\u00e9mographique des pays africains se traduit par une population tr\u00e8s jeune qui en fait un terrain de pr\u00e9dilection pour le marketing de l\u2019industrie du tabac.<\/em><\/p>\n<p style=\"text-align: justify;\">L\u2019\u00e9volution du tabagisme en Afrique plonge ce continent dans une situation sanitaire pr\u00e9occupante. Entre 1986 et 2016, le nombre de fumeurs a augment\u00e9 de 52% et, si rien n\u2019est fait, l\u2019Afrique deviendra la r\u00e9gion du monde o\u00f9 l\u2019on fumera le plus. Avec aujourd\u2019hui 80 millions de fumeurs, l\u2019Afrique devrait voir le nombre des d\u00e9c\u00e8s li\u00e9s \u00e0 la cigarette doubler d\u2019ici 2030.<\/p>\n<h2 style=\"text-align: justify;\"><strong>La Sierra Leone devient le 38e pays dot\u00e9 de lois anti-tabac dans la R\u00e9gion Afrique de l&rsquo;OMS<\/strong><\/h2>\n<p style=\"text-align: justify;\">Les l\u00e9gislateurs de la Sierra Leone viennent d\u2019adopter \u00e0 l&rsquo;unanimit\u00e9 le 3 ao\u00fbt 2022 une loi<a href=\"#_ftn1\" name=\"_ftnref1\">[1]<\/a> visant \u00e0 prot\u00e9ger sa population contre les effets nocifs du tabac et des produits \u00e0 base de nicotine. Cette loi permet d\u2019appliquer int\u00e9gralement les dispositions de la Convention Cadre de l\u2019OMS pour la lutte anti-tabac (CCLAT) (ratifi\u00e9e en 2009 par la Sierra Leone), car elle vise \u00e0 contr\u00f4ler et \u00e0 r\u00e9glementer la production, la fabrication, l&rsquo;importation, le conditionnement, l&rsquo;\u00e9tiquetage, la publicit\u00e9, la promotion et le parrainage, la vente et l&rsquo;utilisation du tabac, des produits du tabac et des autres produits \u00e0 base de nicotine, dont les cigarettes \u00e9lectroniques. Enfin, cette loi interdit toute forme de tabagisme dans les lieux publics et toute forme de publicit\u00e9 pour le tabac et les produits \u00e0 base de nicotine.<\/p>\n<p style=\"text-align: justify;\">L&rsquo;\u00e9pid\u00e9mie de tabagisme augmente en Sierra Leone. L&rsquo;enqu\u00eate d\u00e9mographique et de sant\u00e9 (EDS2019) a estim\u00e9 qu&rsquo;environ 18 % des hommes et 3 % des femmes \u00e2g\u00e9s de 15 \u00e0 49 ans y consommaient du tabac et cette pr\u00e9valence du tabagisme augmente principalement chez les jeunes.<\/p>\n<h2 style=\"text-align: justify;\"><strong>Un renforcement du cadre juridique autour de l\u2019ing\u00e9rence de l\u2019industrie du tabac au Gabon<\/strong><\/h2>\n<p style=\"text-align: justify;\">Au Gabon, le minist\u00e8re de la Sant\u00e9 a organis\u00e9 le 2 ao\u00fbt 2022, en collaboration avec l\u2019OMS, un atelier de renforcement des capacit\u00e9s juridiques concernant la pr\u00e9vention de l\u2019interf\u00e9rence de l\u2019industrie du tabac dans le pays et l\u2019importance de l\u2019action multisectorielle dans le contexte de la CCLAT pour renforcer la lutte nationale contre le tabagisme<a href=\"#_ftn2\" name=\"_ftnref2\">[2]<\/a>&#8211;<a href=\"#_ftn3\" name=\"_ftnref3\">[3]<\/a>.<\/p>\n<p style=\"text-align: justify;\">Le Gabon, avec la loi n\u00b0006\/2013, a instaur\u00e9 des mesures pour la lutte anti-tabac et contre l\u2019ing\u00e9rence de l\u2019industrie du tabac. Malgr\u00e9 cette loi, le lobbying de l\u2019industrie du tabac continue \u00e0 \u00eatre tr\u00e8s important au sein des instances gouvernementales, comme le souligne l\u2019<a href=\"https:\/\/globaltobaccoindex.org\/upload\/assets\/L7oZVHOWjnQ42s0ndDBOSiemCH6luEL4wXckQOnkjOobkhdEyM.pdf\">Indice de l\u2019interf\u00e9rence<\/a> de l\u2019industrie du tabac de 2021 qui d\u00e9nonce l\u2019implication de l\u2019industrie dans la mise en place de la politique fiscale relative aux produits du tabac.<\/p>\n<p style=\"text-align: justify;\">Cet atelier a \u00e9t\u00e9 l\u2019occasion pour les diff\u00e9rentes parties prenantes dans la lutte antitabac, de r\u00e9fl\u00e9chir sur les m\u00e9canismes et dispositifs d\u2019encadrement de la vente et de l\u2019usage des nouveaux produits du tabac et de la nicotine sur le territoire national. Pour le repr\u00e9sentant de l\u2019OMS Gabon, le Dr Bagayoko Magaran Monzo, ces produits, qui ne sont pas sans risque pour la sant\u00e9, sont promus par l\u2019industrie du tabac avec comme seul objectif la poursuite de ses profits par le recrutement de jeunes nouveaux consommateurs en les rendant d\u00e9pendant \u00e0 la nicotine.<\/p>\n<h2 style=\"text-align: justify;\"><strong>C\u00f4te d\u2019Ivoire : l\u2019OMS forme des journalistes sur la lutte anti-tabac<\/strong><\/h2>\n<p style=\"text-align: justify;\">L\u2019OMS, en collaboration avec le Programme national de lutte contre le tabagisme et autres addictions (PNLTA) et le R\u00e9seau des communicateurs pour la lutte contre le tabagisme et l\u2019alcoolisme en milieu scolaire et universitaire (RECLTASU), a organis\u00e9 d\u00e9but ao\u00fbt un atelier de renforcement des capacit\u00e9s et connaissances des professionnels des m\u00e9dias en mati\u00e8re de lutte anti-tabac<a href=\"#_ftn4\" name=\"_ftnref4\">[4]<\/a>.<\/p>\n<p style=\"text-align: justify;\">Les journalistes ont \u00e9t\u00e9 form\u00e9s aux nombreuses man\u0153uvres d\u2019ing\u00e9rence de l\u2019industrie du tabac pour bloquer la lutte contre le tabac, mais aussi sur la CCLAT et ses protocoles additionnels, et la l\u00e9gislation et la r\u00e9glementation en mati\u00e8re de lutte anti-tabac en C\u00f4te d\u2019Ivoire. L\u2019objectif d\u2019un tel atelier est d\u2019amener les journalistes \u00e0 \u00eatre des relais de la lutte anti-tabac pour mieux informer les populations des dangers du tabac, tout en luttant contre la d\u00e9sinformation poursuivie par l\u2019industrie du tabac et  ses alli\u00e9s<a href=\"#_ftn5\" name=\"_ftnref5\">[5]<\/a>.<\/p>\n<p><strong>Mots-cl\u00e9s : Afrique, Sierra Leone, Gabon, C\u00f4te d\u2019Ivoire, lutte antitabac, CCLAT, OMS<\/strong><\/p>\n<p style=\"text-align: justify;\"><strong><a href=\"https:\/\/www.generationsanstabac.org\/\">\u00a9G\u00e9n\u00e9ration Sans Tabac<\/a><\/strong><\/p>\n<p style=\"text-align: right;\"><strong><em>AE<\/em><\/strong><\/p>\n<hr \/>\n<p><a href=\"#_ftnref1\" name=\"_ftn1\">[1]<\/a> <a href=\"https:\/\/www.afro.who.int\/countries\/sierra-leone\/news\/sierra-leone-becomes-38th-country-tobacco-control-laws-who-african-region\">Sierra Leone becomes 38th country with tobacco control laws in WHO African Region<\/a>, Bureau de la r\u00e9gion Afrique de l&rsquo;OMS, publi\u00e9 le 5 ao\u00fbt 2022, consult\u00e9 le 11 ao\u00fbt 2022<\/p>\n<p><a href=\"#_ftnref2\" name=\"_ftn2\">[2]<\/a> Loic Ntoutoume, <a href=\"https:\/\/www.gabonreview.com\/lutte-antitabac-le-gabon-sattaque-a-la-nouvelle-strategie-des-marchands-de-cendres\/\">Lutte antitabac : Le Gabon s\u2019attaque \u00e0 la nouvelle strat\u00e9gie des marchands de cendres<\/a>, Gabon Review, publi\u00e9 le 10 ao\u00fbt 2022, consult\u00e9 le 11 ao\u00fbt 2022<\/p>\n<p><a href=\"#_ftnref3\" name=\"_ftn3\">[3]<\/a> Henriette Lembet, <a href=\"https:\/\/www.gabonmediatime.com\/gabon-le-ministere-de-la-sante-en-guerre-contre-lindustrie-du-tabac\/\">Gabon: le minist\u00e8re de la Sant\u00e9 en guerre contre l\u2019industrie du tabac<\/a>, Gabon Media Time, publi\u00e9 le 7 ao\u00fbt 2022, consult\u00e9 le 11 ao\u00fbt 2022<\/p>\n<p><a href=\"#_ftnref4\" name=\"_ftn4\">[4]<\/a> Mael Espoir, <a href=\"https:\/\/www.afrique-sur7.ci\/487744-lutte-antitabac-organisation-sante\">Lutte antitabac : L\u2019OMS renforce les capacit\u00e9s de professionnels des m\u00e9dias<\/a>, Afrique sur 7, publi\u00e9 le 5 ao\u00fbt 2022, consult\u00e9 le 11 ao\u00fbt 2022<\/p>\n<p><a href=\"#_ftnref5\" name=\"_ftn5\">[5]<\/a> <a href=\"https:\/\/www.linfodrome.com\/societe\/79674-les-propositions-des-journalistes-pour-plus-d-efficacite-dans-la-lutte-anti-tabac\">Les propositions des journalistes pour plus d&rsquo;efficacit\u00e9 dans la lutte anti-tabac<\/a>, L&rsquo;infodrome, publi\u00e9 le 7 ao\u00fbt 2022, consult\u00e9 le 11 ao\u00fbt 2022<\/p>\n<p><span style=\"color: #999999;\"><strong><a style=\"color: #999999;\" href=\"http:\/\/www.cnct.fr\/\" target=\"_blank\" rel=\"noopener noreferrer\">Comit\u00e9 national contre le tabagisme |<\/a><\/strong><\/span><\/p>\n","protected":false},"excerpt":{"rendered":"<p>Plusieurs pays africains, dont la Sierra Leone, la C\u00f4te d\u2019Ivoire et le Gabon ont r\u00e9cemment annonc\u00e9 un renforcement dans leurs pays de la lutte contre le tabac en collaboration avec l\u2019Organisation Mondiale de la Sant\u00e9 (OMS). La forte croissance d\u00e9mographique des pays africains se traduit par une population tr\u00e8s jeune qui en fait un terrain [&hellip;]<\/p>\n","protected":false},"featured_media":20773,"template":"","tags":[],"thematique":[499,491],"class_list":["post-20772","actualites","type-actualites","status-publish","has-post-thumbnail","hentry","thematique-lobby","thematique-politiques-publiques"],"acf":[],"_links":{"self":[{"href":"https:\/\/www.generationsanstabac.org\/fr\/wp-json\/wp\/v2\/actualites\/20772","targetHints":{"allow":["GET"]}}],"collection":[{"href":"https:\/\/www.generationsanstabac.org\/fr\/wp-json\/wp\/v2\/actualites"}],"about":[{"href":"https:\/\/www.generationsanstabac.org\/fr\/wp-json\/wp\/v2\/types\/actualites"}],"version-history":[{"count":0,"href":"https:\/\/www.generationsanstabac.org\/fr\/wp-json\/wp\/v2\/actualites\/20772\/revisions"}],"wp:featuredmedia":[{"embeddable":true,"href":"https:\/\/www.generationsanstabac.org\/fr\/wp-json\/wp\/v2\/media\/20773"}],"wp:attachment":[{"href":"https:\/\/www.generationsanstabac.org\/fr\/wp-json\/wp\/v2\/media?parent=20772"}],"wp:term":[{"taxonomy":"post_tag","embeddable":true,"href":"https:\/\/www.generationsanstabac.org\/fr\/wp-json\/wp\/v2\/tags?post=20772"},{"taxonomy":"thematique","embeddable":true,"href":"https:\/\/www.generationsanstabac.org\/fr\/wp-json\/wp\/v2\/thematique?post=20772"}],"curies":[{"name":"wp","href":"https:\/\/api.w.org\/{rel}","templated":true}]}}