{"id":20752,"date":"2022-07-26T12:01:45","date_gmt":"2022-07-26T10:01:45","guid":{"rendered":"https:\/\/www.generationsanstabac.org\/actualites\/la-nouvelle-zelande-proche-datteindre-son-objectif-de-generation-sans-tabac-dici-2025\/"},"modified":"2022-07-26T12:01:45","modified_gmt":"2022-07-26T10:01:45","slug":"la-nouvelle-zelande-proche-datteindre-son-objectif-de-generation-sans-tabac-dici-2025","status":"publish","type":"actualites","link":"https:\/\/www.generationsanstabac.org\/fr\/actualites\/la-nouvelle-zelande-proche-datteindre-son-objectif-de-generation-sans-tabac-dici-2025\/","title":{"rendered":"La Nouvelle-Z\u00e9lande proche d\u2019atteindre son objectif de g\u00e9n\u00e9ration sans tabac d\u2019ici 2025"},"content":{"rendered":"<p style=\"text-align: justify;\"><em>En juin 2022, le gouvernement de Nouvelle-Z\u00e9lande a soumis au Parlement un projet de loi visant \u00e0 mettre fin \u00e0 l&rsquo;\u00e9pid\u00e9mie de tabagisme d\u2019ici 2025. S&rsquo;il est adopt\u00e9, la Nouvelle-Z\u00e9lande disposera, de loin, de la politique la plus compl\u00e8te de l&rsquo;histoire en mati\u00e8re de lutte contre le tabagisme. Le pays sera aussi le premier \u00e0 parvenir \u00e0 une g\u00e9n\u00e9ration sans tabac.<\/em><\/p>\n<p style=\"text-align: justify;\">La premi\u00e8re lecture au Parlement du projet de loi  sur les <a href=\"https:\/\/legislation.govt.nz\/bill\/government\/2022\/0143\/latest\/whole.html#d1216291e2\">environnements sans tabac et les produits r\u00e9glement\u00e9s (tabac fum\u00e9) a<\/a> lieu ce mardi 26 juillet 2022. Il va ensuite \u00eatre soumis pour examen \u00e0 la commission sp\u00e9ciale de la sant\u00e9, avant de revenir \u00e0 la Chambre fin 2022 pour pouvoir \u00eatre adopt\u00e9 en tant que loi.<\/p>\n<h2 style=\"text-align: justify;\"><strong>L\u2019objectif d\u2019une g\u00e9n\u00e9ration sans tabac d\u2019ici 2025<\/strong><\/h2>\n<p style=\"text-align: justify;\">Le gouvernement souhaite r\u00e9duire le tabagisme quotidien \u00e0 moins de 5 % dans tous les groupes de population d&rsquo;ici 2025.<\/p>\n<p>Bien que les taux de tabagisme aient diminu\u00e9 dans l&rsquo;ensemble de la population, des in\u00e9galit\u00e9s subsistent. Les Maori, les habitants du Pacifique et les personnes vivant dans les zones les plus d\u00e9favoris\u00e9es de Nouvelle-Z\u00e9lande continuent de pr\u00e9senter des taux de tabagisme plus \u00e9lev\u00e9s. Ces populations souffrent \u00e9galement d\u2019un taux plus \u00e9lev\u00e9 de maladies et de d\u00e9c\u00e8s. Actuellement, 13,4% de tous les N\u00e9o-Z\u00e9landais (15 ans et+)  fument. Une une proportion qui atteint 31% parmi les Maoris.<\/p>\n<p style=\"text-align: justify;\"><a href=\"https:\/\/www.smokefree.org.nz\/smokefree-in-action\/smokefree-aotearoa-2025\">Smokefree Aotearoa 2025<\/a> d\u00e9finit plusieurs mesures qui visent \u00e0 influencer le comportement des consommateurs mais aussi \u00e0 modifier l&rsquo;environnement tabagique. Une \u00e9volution de la loi est n\u00e9cessaire pour combler les lacunes subsistant dans la r\u00e9glementation des produits en Nouvelle-Z\u00e9lande.<\/p>\n<h2 style=\"text-align: justify;\"><strong>Trois strat\u00e9gies cl\u00e9s pour parvenir \u00e0 une g\u00e9n\u00e9ration sans tabac <\/strong><\/h2>\n<p style=\"text-align: justify;\">Les nouvelles dispositions inscrites dans le projet de loi permettront l&rsquo;introduction d&rsquo;une politique de g\u00e9n\u00e9ration sans tabac en <a href=\"https:\/\/www.generationsanstabac.org\/actualites\/la-nouvelle-zelande-va-interdire-le-tabac-aux-futures-generations\/\">interdisant<\/a> la vente de produits du tabac et de la nicotine fum\u00e9s \u00e0 toute personne n\u00e9e le 1er janvier 2009 ou apr\u00e8s. L&rsquo;objectif est d&#8217;emp\u00eacher les jeunes, et les g\u00e9n\u00e9rations suivantes, de commencer \u00e0 fumer. Actuellement, seules deux villes &#8211; Balanga City aux Philippines et Brookline, Massachusetts &#8211; ont adopt\u00e9 une telle politique. La <a href=\"https:\/\/www.generationsanstabac.org\/actualites\/malaisie-interdit-vente-tabac-personne-nee-apres-2005\/\">Malaisie<\/a> envisage de le faire pour toutes les personnes n\u00e9es apr\u00e8s 2005.<\/p>\n<p style=\"text-align: justify;\">Une disposition sp\u00e9cifique permettra de fixer des limites \u00e0 la quantit\u00e9 de nicotine<span style=\"color: #ffffff;\">.<\/span> (similaire \u00e0 l&rsquo;<a href=\"https:\/\/www.generationsanstabac.org\/actualites\/etats-unis-la-fda-valide-le-principe-des-cigarettes-a-teneur-reduite-en-nicotine\/\">annonce<\/a> de l&rsquo;administration Biden en juin 2022). Mais aussi sur les autres constituants pr\u00e9sents dans les produits du tabac fum\u00e9s. L&rsquo;objectif de cette mesure est en priorit\u00e9 d&rsquo;aider les jeunes \u00e0 rester non-fumeurs, en rendant les produits du tabac fum\u00e9s \u00e0 la fois moins attrayants et moins addictifs. Mais \u00e9galement d&rsquo;augmenter le nombre de fumeurs qui r\u00e9ussissent \u00e0 arr\u00eater de fumer.<\/p>\n<p style=\"text-align: justify;\">Enfin, la vente de produits du tabac et de la nicotine sera r\u00e9serv\u00e9e aux seuls d\u00e9taillants agr\u00e9\u00e9s par le directeur g\u00e9n\u00e9ral de la sant\u00e9. Ce dernier fixera un nombre maximum de locaux de vente au d\u00e9tail autoris\u00e9s par zone. Cette mesure permettra ainsi de r\u00e9duire drastiquement les points de vente \u00e0 travers le pays (jusqu\u2019\u00e0 95%).<\/p>\n<p style=\"text-align: justify;\">Ces modifications l\u00e9gislatives renforcent mutuellement leurs efficacit\u00e9s et devraient permettre d&rsquo;apporter les changements substantiels n\u00e9cessaires pour atteindre une g\u00e9n\u00e9ration sans tabac et, ainsi, am\u00e9liorer la sant\u00e9 de tous les N\u00e9o-Z\u00e9landais.<\/p>\n<p style=\"text-align: justify;\"><strong>Mots-cl\u00e9s : Nouvelle-Z\u00e9lande, g\u00e9n\u00e9ration sans tabac, 2025<\/strong><\/p>\n<p><strong><a href=\"https:\/\/www.generationsanstabac.org\/\">\u00a9G\u00e9n\u00e9ration Sans Tabac<\/a><\/strong><\/p>\n<p style=\"text-align: right;\"><strong><em>AE<\/em><\/strong><\/p>\n<p><span style=\"color: #999999;\"><strong><a style=\"color: #999999;\" href=\"http:\/\/www.cnct.fr\/\" target=\"_blank\" rel=\"noopener noreferrer\">Comit\u00e9 national contre le tabagisme |<\/a><\/strong><\/span><\/p>\n","protected":false},"excerpt":{"rendered":"<p>En juin 2022, le gouvernement de Nouvelle-Z\u00e9lande a soumis au Parlement un projet de loi visant \u00e0 mettre fin \u00e0 l&rsquo;\u00e9pid\u00e9mie de tabagisme d\u2019ici 2025. S&rsquo;il est adopt\u00e9, la Nouvelle-Z\u00e9lande disposera, de loin, de la politique la plus compl\u00e8te de l&rsquo;histoire en mati\u00e8re de lutte contre le tabagisme. Le pays sera aussi le premier \u00e0 [&hellip;]<\/p>\n","protected":false},"featured_media":11104,"template":"","tags":[],"thematique":[491,474],"class_list":["post-20752","actualites","type-actualites","status-publish","has-post-thumbnail","hentry","thematique-politiques-publiques","thematique-sante"],"acf":[],"_links":{"self":[{"href":"https:\/\/www.generationsanstabac.org\/fr\/wp-json\/wp\/v2\/actualites\/20752","targetHints":{"allow":["GET"]}}],"collection":[{"href":"https:\/\/www.generationsanstabac.org\/fr\/wp-json\/wp\/v2\/actualites"}],"about":[{"href":"https:\/\/www.generationsanstabac.org\/fr\/wp-json\/wp\/v2\/types\/actualites"}],"version-history":[{"count":0,"href":"https:\/\/www.generationsanstabac.org\/fr\/wp-json\/wp\/v2\/actualites\/20752\/revisions"}],"wp:featuredmedia":[{"embeddable":true,"href":"https:\/\/www.generationsanstabac.org\/fr\/wp-json\/wp\/v2\/media\/11104"}],"wp:attachment":[{"href":"https:\/\/www.generationsanstabac.org\/fr\/wp-json\/wp\/v2\/media?parent=20752"}],"wp:term":[{"taxonomy":"post_tag","embeddable":true,"href":"https:\/\/www.generationsanstabac.org\/fr\/wp-json\/wp\/v2\/tags?post=20752"},{"taxonomy":"thematique","embeddable":true,"href":"https:\/\/www.generationsanstabac.org\/fr\/wp-json\/wp\/v2\/thematique?post=20752"}],"curies":[{"name":"wp","href":"https:\/\/api.w.org\/{rel}","templated":true}]}}