{"id":20739,"date":"2022-07-07T08:37:43","date_gmt":"2022-07-07T06:37:43","guid":{"rendered":"https:\/\/www.generationsanstabac.org\/actualites\/signature-dun-accord-entre-sante-publique-france-et-le-secretariat-de-la-convention-cadre-de-loms\/"},"modified":"2022-07-07T08:37:43","modified_gmt":"2022-07-07T06:37:43","slug":"signature-dun-accord-entre-sante-publique-france-et-le-secretariat-de-la-convention-cadre-de-loms","status":"publish","type":"actualites","link":"https:\/\/www.generationsanstabac.org\/fr\/actualites\/signature-dun-accord-entre-sante-publique-france-et-le-secretariat-de-la-convention-cadre-de-loms\/","title":{"rendered":"Signature d\u2019un accord entre Sant\u00e9 Publique France et le secr\u00e9tariat de la Convention-Cadre de l\u2019OMS"},"content":{"rendered":"<p style=\"text-align: justify;\"><em>Le 5 juillet 2022, Sant\u00e9 publique France (SPF) et le Secr\u00e9tariat de la Convention-cadre de l\u2019OMS pour la lutte antitabac (CCLAT) en la personne du Docteur Adriana Blanco Marquizo ont sign\u00e9 un m\u00e9morandum d\u2019accord pour la cr\u00e9ation d\u2019un p\u00f4le de connaissance sur le tabac<a href=\"#_ftn1\" name=\"_ftnref1\"><strong>[1]<\/strong><\/a>. Cette plateforme bilingue en anglais et fran\u00e7ais aura pour objectif de favoriser le transfert de connaissances entre les parties au trait\u00e9 notamment les pays francophones d\u2019Afrique et vers les acteurs concern\u00e9s afin de renforcer la mise en \u0153uvre d\u2019actions efficaces en mati\u00e8re de lutte contre le tabac dans ces pays.<\/em><\/p>\n<p style=\"text-align: justify;\">La <a href=\"https:\/\/apps.who.int\/iris\/bitstream\/handle\/10665\/42812\/9242591017.pdf\">Convention-cadre de l&rsquo;Organisation mondiale de la sant\u00e9<\/a> pour la lutte antitabac est un trait\u00e9 multilat\u00e9ral juridiquement contraignant, fond\u00e9 sur des donn\u00e9es probantes, qui compte 182 parties. C\u2019est l&rsquo;un des trait\u00e9s les plus largement ratifi\u00e9s du syst\u00e8me des Nations unies. Son objectif est de \u00ab <em>prot\u00e9ger les g\u00e9n\u00e9rations pr\u00e9sentes et futures des cons\u00e9quences sanitaires, sociales, environnementales et \u00e9conomiques d\u00e9vastatrices du tabagisme et de l&rsquo;exposition \u00e0 la fum\u00e9e du tabac<\/em> \u00bb.<\/p>\n<h2 style=\"text-align: justify;\"><strong>Diffusion des mesures d&rsquo;\u00e9ducation, de sensibilisation du public et de formation<\/strong><\/h2>\n<p style=\"text-align: justify;\">Cet accord concr\u00e9tise l&rsquo;engagement de la France \u00e0 l\u2019\u00e9chelle internationale avec la cr\u00e9ation du premier p\u00f4le de connaissance de la CCLAT sur l&rsquo;\u00e9ducation, la communication, la formation et la sensibilisation du public, domaines abord\u00e9s dans l&rsquo;article 12 de la Convention.<\/p>\n<p style=\"text-align: justify;\">L\u2019agence publique, Sant\u00e9 publique France, a \u00e9t\u00e9 retenue pour mettre en place ce dispositif en raison de son expertise dans le domaine, que ce soit dans la surveillance de l\u2019\u00e9pid\u00e9mie, ses cons\u00e9quences sanitaires, l\u2019\u00e9tude des comportements des fumeurs, la r\u00e9alisation de campagnes d\u2019information et de pr\u00e9vention dont l\u2019op\u00e9ration d\u2019ampleur de marketing social Mois sans tabac, l\u2019\u00e9valuation des actions men\u00e9es, ou encore la production d\u2019indicateurs essentiels pour les strat\u00e9gies de lutte antitabac.<\/p>\n<p style=\"text-align: justify;\">L&rsquo;article 12 de la Convention-cadre pour la lutte antitabac (CCLAT) invite les Parties \u00e0 \u00ab <em>promouvoir et renforcer la sensibilisation du public aux questions relatives \u00e0 la lutte antitabac<\/em> \u00bb, notamment les risques pour la sant\u00e9 li\u00e9s \u00e0 la consommation de tabac, les b\u00e9n\u00e9fices de l&rsquo;arr\u00eat du tabac, l&rsquo;industrie du tabac et la production de tabac. Chaque partie est tenue de mettre en \u0153uvre des mesures visant \u00e0 sensibiliser \u00e0 la fois le grand public et les groupes professionnels, notamment les agents de sant\u00e9, les professionnels des m\u00e9dias et les d\u00e9cideurs politiques.<\/p>\n<p style=\"text-align: justify;\">En outre les dimensions d\u2019information associ\u00e9es \u00e0 la question de la protection contre l\u2019exposition \u00e0 la fum\u00e9e du tabac (article 8 du trait\u00e9) et la promotion du sevrage (article 14 de la CCLAT) seront incluses.<\/p>\n<h2 style=\"text-align: justify;\"><strong>Neufs p\u00f4les de connaissance dans le monde <\/strong><\/h2>\n<p style=\"text-align: justify;\">Ce p\u00f4le de connaissance financ\u00e9 par le fonds de lutte contre les addictions sera le 9<sup>e<\/sup> \u00e0 travers le monde et le second en Europe. Ces p\u00f4les de connaissances aident les Parties \u00e0 la Convention \u00e0 mettre en \u0153uvre la CCLAT de l&rsquo;OMS que ce soit dans le domaine de la surveillance du tabac ou des politiques publiques. Outre ce prochain p\u00f4le d\u00e9di\u00e9 \u00e0 l\u2019\u00e9ducation, la communication, la formation et la sensibilisation du public, les autres centres d\u2019expertise concernent les questions juridiques et les proc\u00e9dures, la surveillance du tabac (Art. 20),  le tabac sans fum\u00e9e, les pipes \u00e0 eau, la fiscalit\u00e9 (Art 6) et le commerce illicite (Art. 15), la protection des politiques publiques \u00e0 l\u2019\u00e9gard de l\u2019interf\u00e9rence de l\u2019industrie du tabac (Art 5.3), la protection de l\u2019environnement et des travailleurs du secteur tabac (art 17 et 18).<\/p>\n<p style=\"text-align: justify;\">Ces diff\u00e9rents centres analysent, synth\u00e9tisent et diffusent des connaissances et des informations aux parties \u00e0 la convention, et fournissent une assistance aux parties dans la mise en \u0153uvre du trait\u00e9.<\/p>\n<h2 style=\"text-align: justify;\"><strong>Un lancement pr\u00e9vu en 2023<\/strong><\/h2>\n<p style=\"text-align: justify;\">La plateforme sera la premi\u00e8re des neufs \u00e0 proposer des contenus dans deux langues (anglais et fran\u00e7ais). Elle sera mise en ligne en 2023. Elle recensera les diff\u00e9rentes mesures de la lutte antitabac existantes ayant fait la preuve de leur efficacit\u00e9 dans le domaine de l\u2019information, de la pr\u00e9vention et du marketing social.<\/p>\n<p style=\"text-align: justify;\">En parall\u00e8le, la plateforme proposera des contenus m\u00e9thodologiques pour la mise en \u0153uvre et l\u2019\u00e9valuation de campagnes d\u2019information, de pr\u00e9vention, de changement de comportements et d\u2019\u00e9valuation au sein des \u00e9tats Parties \u00e0 la Convention-cadre. Sant\u00e9 publique France d\u00e9veloppera ainsi progressivement des formations, des s\u00e9minaires et d\u2019autres outils m\u00e9thodologiques visant \u00e0 aider les Parties qui le souhaitent, \u00e0 renforcer leurs comp\u00e9tences dans ces domaines.<\/p>\n<p style=\"text-align: justify;\"><strong>Mots-cl\u00e9s : Sant\u00e9 publique France, Convention-Cadre, OMS, p\u00f4le de connaissance, Knowledge Hub<\/strong><\/p>\n<p style=\"text-align: justify;\">Cr\u00e9dit photo : <strong>\u00a9<\/strong>Sant\u00e9 Publique France<\/p>\n<p style=\"text-align: justify;\"><strong><a href=\"https:\/\/www.generationsanstabac.org\/\">\u00a9G\u00e9n\u00e9ration Sans Tabac<\/a><\/strong><\/p>\n<p style=\"text-align: right;\"><strong><em>AE<\/em><\/strong><\/p>\n<hr \/>\n<p><a href=\"#_ftnref1\" name=\"_ftn1\">[1]<\/a> Communiqu\u00e9 de presse, <a href=\"https:\/\/www.santepubliquefrance.fr\/presse\/2022\/lutte-antitabac-signature-d-un-memorandum-d-accord-entre-le-secretariat-de-la-convention-cadre-de-l-oms-pour-la-lutte-antitabac-et-sante-publique\">Lutte antitabac : signature d\u2019un m\u00e9morandum d\u2019accord entre le Secr\u00e9tariat de la Convention-cadre de l\u2019OMS pour la lutte antitabac et Sant\u00e9 publique France<\/a>, Sant\u00e9 Publique France, publi\u00e9 le 5 juillet 2022, consult\u00e9 le 6 juillet 2022<\/p>\n<p><span style=\"color: #999999;\"><strong><a style=\"color: #999999;\" href=\"http:\/\/www.cnct.fr\/\" target=\"_blank\" rel=\"noopener noreferrer\">Comit\u00e9 national contre le tabagisme |<\/a><\/strong><\/span><\/p>\n","protected":false},"excerpt":{"rendered":"<p>Le 5 juillet 2022, Sant\u00e9 publique France (SPF) et le Secr\u00e9tariat de la Convention-cadre de l\u2019OMS pour la lutte antitabac (CCLAT) en la personne du Docteur Adriana Blanco Marquizo ont sign\u00e9 un m\u00e9morandum d\u2019accord pour la cr\u00e9ation d\u2019un p\u00f4le de connaissance sur le tabac[1]. Cette plateforme bilingue en anglais et fran\u00e7ais aura pour objectif de [&hellip;]<\/p>\n","protected":false},"featured_media":20740,"template":"","tags":[],"thematique":[491,474],"class_list":["post-20739","actualites","type-actualites","status-publish","has-post-thumbnail","hentry","thematique-politiques-publiques","thematique-sante"],"acf":[],"_links":{"self":[{"href":"https:\/\/www.generationsanstabac.org\/fr\/wp-json\/wp\/v2\/actualites\/20739","targetHints":{"allow":["GET"]}}],"collection":[{"href":"https:\/\/www.generationsanstabac.org\/fr\/wp-json\/wp\/v2\/actualites"}],"about":[{"href":"https:\/\/www.generationsanstabac.org\/fr\/wp-json\/wp\/v2\/types\/actualites"}],"version-history":[{"count":0,"href":"https:\/\/www.generationsanstabac.org\/fr\/wp-json\/wp\/v2\/actualites\/20739\/revisions"}],"wp:featuredmedia":[{"embeddable":true,"href":"https:\/\/www.generationsanstabac.org\/fr\/wp-json\/wp\/v2\/media\/20740"}],"wp:attachment":[{"href":"https:\/\/www.generationsanstabac.org\/fr\/wp-json\/wp\/v2\/media?parent=20739"}],"wp:term":[{"taxonomy":"post_tag","embeddable":true,"href":"https:\/\/www.generationsanstabac.org\/fr\/wp-json\/wp\/v2\/tags?post=20739"},{"taxonomy":"thematique","embeddable":true,"href":"https:\/\/www.generationsanstabac.org\/fr\/wp-json\/wp\/v2\/thematique?post=20739"}],"curies":[{"name":"wp","href":"https:\/\/api.w.org\/{rel}","templated":true}]}}