{"id":20730,"date":"2022-07-01T07:00:15","date_gmt":"2022-07-01T05:00:15","guid":{"rendered":"https:\/\/www.generationsanstabac.org\/actualites\/la-commission-europeenne-propose-dinterdire-les-aromes-pour-le-tabac-a-chauffer\/"},"modified":"2022-07-01T07:00:15","modified_gmt":"2022-07-01T05:00:15","slug":"la-commission-europeenne-propose-dinterdire-les-aromes-pour-le-tabac-a-chauffer","status":"publish","type":"actualites","link":"https:\/\/www.generationsanstabac.org\/fr\/actualites\/la-commission-europeenne-propose-dinterdire-les-aromes-pour-le-tabac-a-chauffer\/","title":{"rendered":"La Commission europ\u00e9enne propose d\u2019interdire les ar\u00f4mes pour le tabac \u00e0 chauffer"},"content":{"rendered":"<p style=\"text-align: justify;\"><em>La Commission europ\u00e9enne a d\u00e9clar\u00e9 le <\/em><a href=\"https:\/\/health.ec.europa.eu\/publications\/commission-delegated-directive-withdrawal-certain-exemptions-respect-heated-tobacco-products_en\"><em>29 juin<\/em><\/a><em> qu&rsquo;elle souhaitait interdire la vente de tous les produits de tabac \u00e0 chauffer aromatis\u00e9 dans le cadre de son objectif d\u2019une g\u00e9n\u00e9ration sans tabac dans l\u2019Union Europ\u00e9enne (UE) d\u2019ici 2040. L&rsquo;envol\u00e9e des taux de vente, et le fait que ces produits d\u00e9passent d\u00e9sormais 2,5 % des ventes totales de produits du tabac, remplissent les conditions pour que l&rsquo;UE agisse.<\/em><\/p>\n<p style=\"text-align: justify;\">De 2018 \u00e0 2020, les ventes de tabac chauff\u00e9 ont explos\u00e9 en Europe, passant de 924 millions \u00e0 19,7 milliards, soit une hausse de plus de 2 000 %, avec des hausses significatives en France (+ 406%), au Portugal (180%) et aux Pays-Bas (153%) selon un <a href=\"https:\/\/eur-lex.europa.eu\/legal-content\/EN\/TXT\/?uri=CELEX%3A52022DC0279&amp;qid=1655456179686\">rapport<\/a> de la Commission publi\u00e9 en juin. Philip Morris International (avec son dispositif IQOS) et British American Tobacco (avec le dispositif Glo) sont les deux principaux fabricants pr\u00e9sents sur le march\u00e9 europ\u00e9en.<\/p>\n<p style=\"text-align: justify;\">La proposition, qui porte uniquement sur les produits du tabac chauff\u00e9 aromatis\u00e9, va maintenant \u00eatre examin\u00e9e par les 27 gouvernements de l&rsquo;UE ainsi que par le Parlement europ\u00e9en et entrera en vigueur si elle ne rencontre aucune objection.<\/p>\n<h2 style=\"text-align: justify;\"><strong>Le tabac chauff\u00e9, un produit qui comporte des risques<\/strong><\/h2>\n<p style=\"text-align: justify;\">Le tabac \u00e0 chauffer se pr\u00e9sente comme des mini-cigarettes contenant un filtre et du tabac qui doivent \u00eatre ins\u00e9r\u00e9es dans un appareil chauffant le tabac \u00e0 350\u00b0environ, lib\u00e9rant un a\u00e9rosol \u00e0 inhaler. La combustion observ\u00e9e avec les cigarettes classiques est remplac\u00e9e ici par une combustion incompl\u00e8te (pyrolyse).<\/p>\n<p style=\"text-align: justify;\">Les produits du tabac chauff\u00e9s sont promus par les fabricants de tabac comme des alternatives moins risqu\u00e9es aux cigarettes combustibles. Philip Morris affirme par exemple que remplacer la combustion compl\u00e8te par la pyrolyse, produit \u00ab <em>en moyenne 90 \u00e0 95% de moins<\/em> \u00bb de substances toxiques, rendant l\u2019IQOS plus s\u00fbr pour les fumeurs et leur entourage. Le fabricant en fait par ailleurs son principal argument marketing. Cependant, une <a href=\"IQOS%20:%20des%20composants%20toxiques%20pr\u00e9sents%20\u00e0%20plus%20forts%20niveaux%20que%20dans%20la%20fum\u00e9e%20de%20cigarette%20classique\">r\u00e9cente \u00e9tude<\/a> a d\u00e9montr\u00e9 la pr\u00e9sence de composants toxiques \u00e0 plus forts niveaux dans le tabac \u00e0 chauffer que dans la fum\u00e9e de cigarette classique. C\u2019est notamment le cas du glycidol, dont un rapport ind\u00e9pendant d\u00e9montre qu\u2019il est 400% plus pr\u00e9sent dans l\u2019IQOS que dans les cigarettes classiques, alors que le Centre international de recherche sur le cancer l\u2019a identifi\u00e9 comme \u00e9tant un canc\u00e9rig\u00e8ne probable. Aussi ces produits pr\u00e9sentent-ils des risques modifi\u00e9s par rapport aux cigarettes classiques mais pas forc\u00e9ment r\u00e9duits.<\/p>\n<h2 style=\"text-align: justify;\"><strong>Un outil marketing pour l\u2019industrie du tabac<\/strong><\/h2>\n<p style=\"text-align: justify;\">En France, Philip Morris est le seul fabricant qui commercialise actuellement du tabac chauff\u00e9 \u00e0 travers son dispositif IQOS dont il fait la promotion agressive sur les lieux de vente. Il promeut son dispositif comme un outil de r\u00e9duction de risques aupr\u00e8s des d\u00e9cideurs politiques. \u00c0 travers ce discours, il cherche \u00e0 assouplir la r\u00e9glementation en vigueur sur les nouveaux produits du tabac et \u00e0 infl\u00e9chir un march\u00e9 devenu d\u00e9clinant des produits du tabac traditionnels en raison des politiques publiques de r\u00e9duction de la consommation.<\/p>\n<p style=\"text-align: justify;\">R\u00e9cemment, Philip Morris a mis sur le march\u00e9 fran\u00e7ais une nouvelle cigarette \u00e9lectronique qu\u2019il commercialise sous la d\u00e9nomination \u00ab alternatives sans combustion \u00bb, aux c\u00f4t\u00e9s de son dispositif de tabac chauff\u00e9. Cette terminologie trompeuse a pour objectif de semer la confusion entre les produits du vapotage et le tabac \u00e0 chauffer et \u00e0 positionner l\u2019entreprise comme un acteur engag\u00e9 dans la sant\u00e9 publique et la lutte contre le tabagisme.<\/p>\n<p><strong>Mots-cl\u00e9s : Tabac \u00e0 chauffer, ar\u00f4mes, g\u00e9n\u00e9ration sans tabac, commission, IQOS<\/strong><\/p>\n<p style=\"text-align: justify;\"><strong><a href=\"https:\/\/www.generationsanstabac.org\/\">\u00a9G\u00e9n\u00e9ration Sans Tabac<\/a><\/strong><\/p>\n<p style=\"text-align: right;\"><b><i>AE<\/i><\/b><\/p>\n<hr \/>\n<p><span style=\"color: #808080;\"><strong><a style=\"color: #808080;\" href=\"http:\/\/www.cnct.fr\/\" target=\"_blank\" rel=\"noopener noreferrer\">Comit\u00e9 national contre le tabagisme |<\/a><\/strong><\/span><\/p>\n","protected":false},"excerpt":{"rendered":"<p>La Commission europ\u00e9enne a d\u00e9clar\u00e9 le 29 juin qu&rsquo;elle souhaitait interdire la vente de tous les produits de tabac \u00e0 chauffer aromatis\u00e9 dans le cadre de son objectif d\u2019une g\u00e9n\u00e9ration sans tabac dans l\u2019Union Europ\u00e9enne (UE) d\u2019ici 2040. L&rsquo;envol\u00e9e des taux de vente, et le fait que ces produits d\u00e9passent d\u00e9sormais 2,5 % des ventes [&hellip;]<\/p>\n","protected":false},"featured_media":20731,"template":"","tags":[],"thematique":[502,516],"class_list":["post-20730","actualites","type-actualites","status-publish","has-post-thumbnail","hentry","thematique-justice","thematique-nouveaux-produits"],"acf":[],"_links":{"self":[{"href":"https:\/\/www.generationsanstabac.org\/fr\/wp-json\/wp\/v2\/actualites\/20730","targetHints":{"allow":["GET"]}}],"collection":[{"href":"https:\/\/www.generationsanstabac.org\/fr\/wp-json\/wp\/v2\/actualites"}],"about":[{"href":"https:\/\/www.generationsanstabac.org\/fr\/wp-json\/wp\/v2\/types\/actualites"}],"version-history":[{"count":0,"href":"https:\/\/www.generationsanstabac.org\/fr\/wp-json\/wp\/v2\/actualites\/20730\/revisions"}],"wp:featuredmedia":[{"embeddable":true,"href":"https:\/\/www.generationsanstabac.org\/fr\/wp-json\/wp\/v2\/media\/20731"}],"wp:attachment":[{"href":"https:\/\/www.generationsanstabac.org\/fr\/wp-json\/wp\/v2\/media?parent=20730"}],"wp:term":[{"taxonomy":"post_tag","embeddable":true,"href":"https:\/\/www.generationsanstabac.org\/fr\/wp-json\/wp\/v2\/tags?post=20730"},{"taxonomy":"thematique","embeddable":true,"href":"https:\/\/www.generationsanstabac.org\/fr\/wp-json\/wp\/v2\/thematique?post=20730"}],"curies":[{"name":"wp","href":"https:\/\/api.w.org\/{rel}","templated":true}]}}