{"id":20722,"date":"2022-06-22T07:00:12","date_gmt":"2022-06-22T05:00:12","guid":{"rendered":"https:\/\/www.generationsanstabac.org\/actualites\/libre-une-campagne-de-sensibilisation-au-tabagisme-a-destination-des-personnes-transgenres\/"},"modified":"2022-06-22T07:00:12","modified_gmt":"2022-06-22T05:00:12","slug":"libre-une-campagne-de-sensibilisation-au-tabagisme-a-destination-des-personnes-transgenres","status":"publish","type":"actualites","link":"https:\/\/www.generationsanstabac.org\/fr\/actualites\/libre-une-campagne-de-sensibilisation-au-tabagisme-a-destination-des-personnes-transgenres\/","title":{"rendered":"\u00ab Libre \u00bb : une campagne de sensibilisation au tabagisme \u00e0 destination des personnes transgenres"},"content":{"rendered":"<p style=\"text-align: justify;\"><em>L\u2019ACT-Alliance contre le tabac, la F\u00e9d\u00e9ration LGBTI+ et OUTrans s\u2019associent pour lancer une campagne de sensibilisation \u00e0 destination des personnes transgenres. La campagne, intitul\u00e9e \u00ab Libre \u00bb a pour objectifs d\u2019informer sur les sp\u00e9cificit\u00e9s m\u00e9connues du tabagisme chez les personnes trans mais aussi de plaider en faveur d\u2019un meilleur accompagnement de ces personnes vers le sevrage tabagique et plus globalement, pour une am\u00e9lioration de leur acc\u00e8s aux soins<a href=\"#_ftn1\" name=\"_ftnref1\"><strong>[1]<\/strong><\/a>.<\/em><\/p>\n<p style=\"text-align: justify;\">Jusqu\u2019\u00e0 r\u00e9cemment, peu de donn\u00e9es en relation \u00e0 l\u2019\u00e9pid\u00e9mie de tabagisme chez les LGBT \u00e9taient disponibles dans la mesure o\u00f9 les crit\u00e8res d\u2019orientations sexuelles et de genre n\u2019\u00e9taient pas retenus lors des enqu\u00eates. Ce n\u2019est qu\u2019au cours des derni\u00e8res d\u00e9cennies que la recherche a pu d\u00e9montrer cette tr\u00e8s forte pr\u00e9valence au sein de cette communaut\u00e9.<\/p>\n<h2 style=\"text-align: justify;\"><strong>Une consommation tabagique plus \u00e9lev\u00e9e chez les personnes transgenres<\/strong><\/h2>\n<p style=\"text-align: justify;\">Selon les derni\u00e8res donn\u00e9es de Sant\u00e9 Publique France, 37% des personnes transgenres sont fumeuses quotidiennes, soit un chiffre sup\u00e9rieur de plus de 10 points par rapport \u00e0 la moyenne nationale. Pour l\u2019ACT-Alliance contre le tabac, cette pr\u00e9valence \u00e9lev\u00e9e s\u2019explique avant tout par des exp\u00e9riences discriminatoires nombreuses : 85 % des personnes trans ont d\u00e9clar\u00e9 avoir \u00e9t\u00e9 victimes de transphobie au cours de leur vie et 37 % ont rapport\u00e9 avoir \u00e9t\u00e9 victimes d\u2019actes discriminants de mani\u00e8re r\u00e9p\u00e9t\u00e9e dans l\u2019ann\u00e9e. Le tabac serait ainsi per\u00e7u comme un moyen de faire face au stress.<\/p>\n<p style=\"text-align: justify;\">Cette consommation \u00e9lev\u00e9e s\u2019explique \u00e9galement par la longue tradition du ciblage de la communaut\u00e9 LGBT par l\u2019industrie du tabac<a href=\"#_ftn2\" name=\"_ftnref2\">[2]<\/a>. L\u2019acceptation sociale et politique de la communaut\u00e9 LGBT, dans les ann\u00e9es 1990, a conduit les sp\u00e9cialistes du marketing \u00e0 vouloir cibler tout particuli\u00e8rement ce segment de la population. Des documents internes prouvent que l\u2019industrie du tabac \u00e9tait bel et bien consciente des forts taux de tabagisme au sein des minorit\u00e9s sexuelles, et que les strat\u00e9gies de marketing mettaient bien en avant les efforts entrepris pour tirer profit du march\u00e9 LGBT, notamment en pla\u00e7ant des campagnes publicitaires dans la presse LGBT.<\/p>\n<h2 style=\"text-align: justify;\"><strong>Appel \u00e0 la mise en place de nouvelles mesures<\/strong><\/h2>\n<p style=\"text-align: justify;\">\u00c0 travers cette campagne, les trois associations souhaitent interpeller les d\u00e9cideurs publics pour mettre en place de nouvelles mesures visant \u00e0 lutter contre le tabagisme au sein de la communaut\u00e9 trans. Elles demandent le financement d\u2019\u00e9tudes sur la consommation tabagique chez les personnes transgenres pour permettre la mise en place d\u2019outils ad\u00e9quats et permettre un parcours de soins adapt\u00e9. Les ONG demandent \u00e9galement de soutenir le d\u00e9ploiement d\u2019un programme de sensibilisation national \u00e0 destination des personnes transgenres pour informer sur les dispositifs existants d\u2019aide \u00e0 l\u2019arr\u00eat et les diff\u00e9rentes prises en charge. L\u2019optique est aussi de mieux former les professionnels de sant\u00e9 \u00e0 cet \u00e9gard.<\/p>\n<p style=\"text-align: justify;\">L\u2019enjeu est de taille, en France, 1 personne sur 5 d\u00e9clarait avoir renonc\u00e9 \u00e0 voir un m\u00e9decin au cours des 12 derniers mois de crainte d\u2019\u00eatre discrimin\u00e9e du fait de sa transidentit\u00e9.<\/p>\n<p><strong>Mots-cl\u00e9s : ACT-Alliance contre le tabac, campagne, pr\u00e9vention, sensibilisation, transgenres, personnes trans<\/strong><a href=\"#_ftnref1\" name=\"_ftn1\"><\/a><\/p>\n<p style=\"text-align: justify;\"><strong><a href=\"https:\/\/www.generationsanstabac.org\/\">\u00a9G\u00e9n\u00e9ration Sans Tabac<\/a><\/strong><\/p>\n<p style=\"text-align: right;\"><strong><em>AE<\/em><\/strong><\/p>\n<hr \/>\n<p style=\"text-align: justify;\"><a href=\"#_ftnref1\" name=\"_ftn1\">[1]<\/a> Communiqu\u00e9 de presse, <a href=\"https:\/\/alliancecontreletabac.org\/2022\/06\/17\/campagne-libre-2\/\">Campagne \u00ab\u00a0Libre\u00a0\u00bb &#8211; Sensibiliser pour mieux appr\u00e9hender la consommation de tabac des personnes trans<\/a>, Act-Alliance contre le tabac, publi\u00e9 le 17 juin 2022, consult\u00e9 le 21 juin 2022<\/p>\n<p style=\"text-align: justify;\"><a href=\"#_ftnref2\" name=\"_ftn2\">[2]<\/a> G\u00e9n\u00e9ration sans tabac, <a href=\"https:\/\/www.generationsanstabac.org\/article\/tabac-et-communaute-lgbt\/\">Tabac et communaut\u00e9 LGBT<\/a>, publi\u00e9 le 25 juin 2021, consult\u00e9 le 21 juin 2022<\/p>\n<p><span style=\"color: #808080;\"><strong><a style=\"color: #808080;\" href=\"http:\/\/www.cnct.fr\/\" target=\"_blank\" rel=\"noopener noreferrer\">Comit\u00e9 national contre le tabagisme |<\/a><\/strong><\/span><\/p>\n","protected":false},"excerpt":{"rendered":"<p>L\u2019ACT-Alliance contre le tabac, la F\u00e9d\u00e9ration LGBTI+ et OUTrans s\u2019associent pour lancer une campagne de sensibilisation \u00e0 destination des personnes transgenres. La campagne, intitul\u00e9e \u00ab Libre \u00bb a pour objectifs d\u2019informer sur les sp\u00e9cificit\u00e9s m\u00e9connues du tabagisme chez les personnes trans mais aussi de plaider en faveur d\u2019un meilleur accompagnement de ces personnes vers le [&hellip;]<\/p>\n","protected":false},"featured_media":11065,"template":"","tags":[],"thematique":[507,491],"class_list":["post-20722","actualites","type-actualites","status-publish","has-post-thumbnail","hentry","thematique-marketing-publicite","thematique-politiques-publiques"],"acf":[],"_links":{"self":[{"href":"https:\/\/www.generationsanstabac.org\/fr\/wp-json\/wp\/v2\/actualites\/20722","targetHints":{"allow":["GET"]}}],"collection":[{"href":"https:\/\/www.generationsanstabac.org\/fr\/wp-json\/wp\/v2\/actualites"}],"about":[{"href":"https:\/\/www.generationsanstabac.org\/fr\/wp-json\/wp\/v2\/types\/actualites"}],"version-history":[{"count":0,"href":"https:\/\/www.generationsanstabac.org\/fr\/wp-json\/wp\/v2\/actualites\/20722\/revisions"}],"wp:featuredmedia":[{"embeddable":true,"href":"https:\/\/www.generationsanstabac.org\/fr\/wp-json\/wp\/v2\/media\/11065"}],"wp:attachment":[{"href":"https:\/\/www.generationsanstabac.org\/fr\/wp-json\/wp\/v2\/media?parent=20722"}],"wp:term":[{"taxonomy":"post_tag","embeddable":true,"href":"https:\/\/www.generationsanstabac.org\/fr\/wp-json\/wp\/v2\/tags?post=20722"},{"taxonomy":"thematique","embeddable":true,"href":"https:\/\/www.generationsanstabac.org\/fr\/wp-json\/wp\/v2\/thematique?post=20722"}],"curies":[{"name":"wp","href":"https:\/\/api.w.org\/{rel}","templated":true}]}}