{"id":20717,"date":"2022-06-20T07:00:41","date_gmt":"2022-06-20T05:00:41","guid":{"rendered":"https:\/\/www.generationsanstabac.org\/actualites\/quebec-medicago-en-difficulte-du-fait-de-lactionnariat-de-philip-morris\/"},"modified":"2022-06-20T07:00:41","modified_gmt":"2022-06-20T05:00:41","slug":"quebec-medicago-en-difficulte-du-fait-de-lactionnariat-de-philip-morris","status":"publish","type":"actualites","link":"https:\/\/www.generationsanstabac.org\/fr\/actualites\/quebec-medicago-en-difficulte-du-fait-de-lactionnariat-de-philip-morris\/","title":{"rendered":"Qu\u00e9bec : Medicago en difficult\u00e9 du fait de l\u2019actionnariat de Philip Morris"},"content":{"rendered":"<p style=\"text-align: justify;\"><em>Medicago peine \u00e0 produire et \u00e0 vendre son vaccin Covifenz contre la COVID-19, et appelle \u00e0 l\u2019aide le gouvernement qu\u00e9b\u00e9cois.  <\/em><\/p>\n<p style=\"text-align: justify;\">Depuis l\u2019annonce, en f\u00e9vrier dernier, de la mise au point de son vaccin anti-COVID et de l\u2019approbation de celui-ci par Sant\u00e9 Canada, qui avait pr\u00e9-command\u00e9 plusieurs millions de doses, le laboratoire pharmaceutique Medicago cumule les d\u00e9boires. Le vaccin Covifenz, qu\u2019il produit, est un vaccin \u00e0 prot\u00e9ine recombinante \u00e9labor\u00e9 \u00e0 base d\u2019une plante voisine du tabac.<\/p>\n<h2 style=\"text-align: justify;\"><strong>Un vaccin \u00e9cart\u00e9 par l\u2019OMS<\/strong><\/h2>\n<p style=\"text-align: justify;\">Covifenz a d\u2019abord \u00e9t\u00e9 le premier vaccin \u00e0 avoir \u00e9t\u00e9, le 2 mars dernier, rejet\u00e9 par l\u2019Organisation Mondiale de la Sant\u00e9 (OMS), au motif que Philip Morris International (PMI) est un actionnaire de ce laboratoire<a href=\"#_ftn1\" name=\"_ftnref1\">[1]<\/a>. L\u2019OMS avait rappel\u00e9 que l\u2019article 5.3 de la Convention-cadre pour la lutte antitabac (CCLAT) interdit aux \u00e9tats signataires d\u2019associer les industriels du tabac aux politiques publiques de sant\u00e9, y compris en tant que simple actionnaire d\u2019un laboratoire.<\/p>\n<p style=\"text-align: justify;\">Ce vaccin a ensuite \u00e9t\u00e9 d\u00e9clar\u00e9 en avril par le Comit\u00e9 sur l\u2019immunisation du Qu\u00e9bec (CIQ) comme un vaccin de seconde intention, la pr\u00e9f\u00e9rence \u00e9tant accord\u00e9e aux vaccins \u00e0 ARN messager. L\u2019efficacit\u00e9 de Covifenz ne serait en effet que de 71 %, contre 94 % et 95 % pour les vaccins des laboratoires Moderna et Pfizer. L\u2019usage de Covifenz serait ainsi uniquement envisag\u00e9 pour les personnes de 18 \u00e0 64 ans, ayant une contre-indication aux vaccins \u00e0 ARN messager ou craignant des effets ind\u00e9sirables de ces vaccins<a href=\"#_ftn2\" name=\"_ftnref2\">[2]<\/a>. Le vaccin Covifenz n\u2019est \u00e9galement consid\u00e9r\u00e9 comme fiable que pour les deux premi\u00e8res doses, en attendant de nouveaux essais cliniques pour \u00eatre habilit\u00e9 \u00e0 constituer une dose de rappel.<\/p>\n<h2 style=\"text-align: justify;\"><strong>D\u2019importantes difficult\u00e9s de production et de vente <\/strong><\/h2>\n<p style=\"text-align: justify;\">Medicago devait livrer fin mai ses premi\u00e8res doses des vaccins, mais celles-ci ne l\u2019\u00e9taient toujours pas au 12 juin dernier, suscitant de nombreuses interrogations au Qu\u00e9bec comme au niveau f\u00e9d\u00e9ral. Medicago a r\u00e9cemment annonc\u00e9 un retard de production de plusieurs semaines, sans indiquer de date pr\u00e9cise de livraison.<\/p>\n<p style=\"text-align: justify;\">Enfin, le 10 juin, Medicago annon\u00e7ait \u00eatre en grande difficult\u00e9 financi\u00e8re, faute de trouver d\u2019autres preneurs que le Canada pour son vaccin Covifenz, et faisait appel \u00e0 l\u2019aide du gouvernement qu\u00e9b\u00e9cois<a href=\"#_ftn3\" name=\"_ftnref3\">[3]<\/a>. Le ministre de l\u2019Economie et de l\u2019Innovation du Qu\u00e9bec, Pierre Fitzgibbon, a indiqu\u00e9 qu\u2019il \u00e9tudiait une possibilit\u00e9 d\u2019aide du laboratoire, sous la forme d\u2019un rachat des participations de PMI (21 %). <em>\u00ab La d\u00e9tention par Philip Morris est un probl\u00e8me \u00bb<\/em>, a-t-il d\u00e9clar\u00e9, d\u00e9sireux de sauver Medicago, fleuron de la bio-ing\u00e9nierie qu\u00e9b\u00e9coise. Des discussions \u00e9taient en cours avec le japonais Mistubishi, principal actionnaire (79 %) de Medicago.<\/p>\n<p style=\"text-align: justify;\">Les infortunes de Medicago risquent ainsi de mettre \u00e0 nouveau \u00e0 contribution les finances publiques qu\u00e9b\u00e9coises, d\u00e9j\u00e0 sollicit\u00e9es en amont du projet de vaccin. <em>\u00ab Il s&rsquo;agit d&rsquo;une situation pr\u00e9visible \u00bb<\/em>, avait indiqu\u00e9 en mars sur ICI Premi\u00e8re Gaston De Serres, m\u00e9decin-\u00e9pid\u00e9miologiste \u00e0 l&rsquo;Institut national de sant\u00e9 publique du Qu\u00e9bec (INSPQ), <em>\u00ab Medicago a fait le choix d&rsquo;accepter, il y a quelques ann\u00e9es, Philip Morris comme \u00e9tant un de ses actionnaires en sachant tr\u00e8s bien la position de l&rsquo;OMS. \u00bb<a href=\"#_ftn4\" name=\"_ftnref4\"><strong>[4]<\/strong><\/a><\/em> La forte r\u00e9activit\u00e9 de l\u2019OMS et du monde m\u00e9dical vis-\u00e0-vis du vaccin Covifenz augure probablement les difficult\u00e9s que rencontreront PMI et les autres industriels du tabac dans leur volont\u00e9 de diversification vers l\u2019univers pharmaceutique.<\/p>\n<p style=\"text-align: justify;\"><strong>Mots-cl\u00e9s : Medicago, Covifenz, Qu\u00e9bec, Canada, PMI<\/strong><\/p>\n<p style=\"text-align: justify;\"><strong><a href=\"https:\/\/www.generationsanstabac.org\/\">\u00a9G\u00e9n\u00e9ration Sans Tabac<\/a><\/strong><\/p>\n<p style=\"text-align: right;\"><strong><em>MF<\/em><\/strong><\/p>\n<hr \/>\n<p><a href=\"#_ftnref1\" name=\"_ftn1\">[1]<\/a> <a href=\"https:\/\/www.generationsanstabac.org\/actualites\/le-vaccin-covifenz-ecarte-par-loms-pour-son-affiliation-a-industrie-du-tabac\/\"><em>Le vaccin Covifenz \u00e9cart\u00e9 par l\u2019OMS pour son affiliation \u00e0 l\u2019industrie du tabac<\/em><\/a><em>, <\/em>G\u00e9n\u00e9ration Sans Tabac, publi\u00e9 le 21 mars 2022, consult\u00e9 le 12 mars 2022.<\/p>\n<p><a href=\"#_ftnref2\" name=\"_ftn2\">[2]<\/a> Lavoie M, <a href=\"https:\/\/www.journaldequebec.com\/2022\/04\/19\/un-autre-revers-pour-medicago\"><em>COVID-19: un autre revers pour le vaccin de Medicago<\/em><\/a>, Le Journal de Qu\u00e9bec, publi\u00e9 le 19 avril 2022, consult\u00e9 le 15 juin 2022.<\/p>\n<p><a href=\"#_ftnref3\" name=\"_ftn3\">[3]<\/a> Boss\u00e9 O, <a href=\"https:\/\/www.lesoleil.com\/2022\/06\/10\/le-gouvernement-du-quebec-songe-a-acheter-des-parts-dans-medicago-48048499e5274876129506cd53472959\"><em>Le gouvernement du Qu\u00e9bec songe \u00e0 acheter des parts dans Medicago<\/em><\/a>, Le Soleil, publi\u00e9 le 10 juin 2022, consult\u00e9 le 15 juin 2022<\/p>\n<p><a href=\"#_ftnref4\" name=\"_ftn4\">[4]<\/a> Morrissette-Beaulieu F, <a href=\"https:\/\/ici.radio-canada.ca\/nouvelle\/1869788\/vaccin-medicago-suspendu-par-oms-philip-morris\"><em>L\u2019OMS suspend l\u2019approbation du vaccin de Medicago<\/em><\/a>, Radio-Canada, publi\u00e9 le 17 mars 2022, consult\u00e9 le 12 mars 2022.<\/p>\n<p><span style=\"color: #808080;\"><strong><a style=\"color: #808080;\" href=\"http:\/\/www.cnct.fr\/\" target=\"_blank\" rel=\"noopener noreferrer\">Comit\u00e9 national contre le tabagisme |<\/a><\/strong><\/span><\/p>\n","protected":false},"excerpt":{"rendered":"<p>Medicago peine \u00e0 produire et \u00e0 vendre son vaccin Covifenz contre la COVID-19, et appelle \u00e0 l\u2019aide le gouvernement qu\u00e9b\u00e9cois. Depuis l\u2019annonce, en f\u00e9vrier dernier, de la mise au point de son vaccin anti-COVID et de l\u2019approbation de celui-ci par Sant\u00e9 Canada, qui avait pr\u00e9-command\u00e9 plusieurs millions de doses, le laboratoire pharmaceutique Medicago cumule les [&hellip;]<\/p>\n","protected":false},"featured_media":11055,"template":"","tags":[],"thematique":[499,474],"class_list":["post-20717","actualites","type-actualites","status-publish","has-post-thumbnail","hentry","thematique-lobby","thematique-sante"],"acf":[],"_links":{"self":[{"href":"https:\/\/www.generationsanstabac.org\/fr\/wp-json\/wp\/v2\/actualites\/20717","targetHints":{"allow":["GET"]}}],"collection":[{"href":"https:\/\/www.generationsanstabac.org\/fr\/wp-json\/wp\/v2\/actualites"}],"about":[{"href":"https:\/\/www.generationsanstabac.org\/fr\/wp-json\/wp\/v2\/types\/actualites"}],"version-history":[{"count":0,"href":"https:\/\/www.generationsanstabac.org\/fr\/wp-json\/wp\/v2\/actualites\/20717\/revisions"}],"wp:featuredmedia":[{"embeddable":true,"href":"https:\/\/www.generationsanstabac.org\/fr\/wp-json\/wp\/v2\/media\/11055"}],"wp:attachment":[{"href":"https:\/\/www.generationsanstabac.org\/fr\/wp-json\/wp\/v2\/media?parent=20717"}],"wp:term":[{"taxonomy":"post_tag","embeddable":true,"href":"https:\/\/www.generationsanstabac.org\/fr\/wp-json\/wp\/v2\/tags?post=20717"},{"taxonomy":"thematique","embeddable":true,"href":"https:\/\/www.generationsanstabac.org\/fr\/wp-json\/wp\/v2\/thematique?post=20717"}],"curies":[{"name":"wp","href":"https:\/\/api.w.org\/{rel}","templated":true}]}}