{"id":20704,"date":"2022-06-08T07:50:25","date_gmt":"2022-06-08T05:50:25","guid":{"rendered":"https:\/\/www.generationsanstabac.org\/actualites\/le-mexique-interdit-la-vente-de-cigarettes-electroniques\/"},"modified":"2022-06-08T07:50:25","modified_gmt":"2022-06-08T05:50:25","slug":"le-mexique-interdit-la-vente-de-cigarettes-electroniques","status":"publish","type":"actualites","link":"https:\/\/www.generationsanstabac.org\/fr\/actualites\/le-mexique-interdit-la-vente-de-cigarettes-electroniques\/","title":{"rendered":"Le Mexique interdit la vente de cigarettes \u00e9lectroniques"},"content":{"rendered":"<p style=\"text-align: justify;\"><em>\u00c0 l\u2019occasion de la journ\u00e9e mondiale sans tabac qui s\u2019est tenue le 31 mai dernier, le pr\u00e9sident de la r\u00e9publique du Mexique a sign\u00e9 un d\u00e9cret interdisant la commercialisation et la circulation des cigarettes \u00e9lectroniques, qu\u2019il estime nocives pour la sant\u00e9. Il sera \u00e9galement interdit de fumer du tabac dans le centre historique de la capitale Mexico<a href=\"#_ftn1\" name=\"_ftnref1\"><strong>[1]<\/strong><\/a>.<\/em><\/p>\n<p style=\"text-align: justify;\">En 2020, le pr\u00e9sident avait d\u00e9j\u00e0 publi\u00e9 un d\u00e9cret interdisant l\u2019importation et l\u2019exportation de cigarettes \u00e9lectroniques et de produits du tabac chauff\u00e9s afin de prot\u00e9ger les jeunes contre le risque de d\u00e9pendance \u00e0 la nicotine<a href=\"#_ftn2\" name=\"_ftnref2\">[2]<\/a>. Une interdiction mise en place en octobre 2021 mais, selon le vice-ministre de la sant\u00e9, Hugo Lopez-Gatell, des commer\u00e7ants continuaient d\u2019\u00e9couler leur stock. Le Mexique rejoint ainsi les 31 autres pays dans le monde ayant interdit la vente de produits du vapotage.<\/p>\n<h2 style=\"text-align: justify;\"><strong>Des dispositifs qui ne peuvent pas \u00eatre consid\u00e9r\u00e9s comme des \u00ab alternatives \u00bb<\/strong><\/h2>\n<p style=\"text-align: justify;\">Pour Hugo Lopez-Gatell, qui qualifie la communication autour des nouveaux produits de la nicotine de \u00ab propagande \u00bb de l\u2019industrie du tabac, d\u00e9clarer que ces produits sont moins nocifs ou sont des \u00ab alternatives \u00bb moins risqu\u00e9s est un mensonge.<\/p>\n<p style=\"text-align: justify;\">Le gouvernement mexicain d\u00e9nonce tout particuli\u00e8rement la diversit\u00e9 des ar\u00f4mes disponibles et le marketing autour des produits du vapotage qui ciblent directement les adolescents.<\/p>\n<h2 style=\"text-align: justify;\"><strong>Une nouvelle mesure qui renforce la r\u00e9glementation des produits de la nicotine<\/strong><\/h2>\n<p style=\"text-align: justify;\">En d\u00e9cembre 2021<a href=\"#_ftn3\" name=\"_ftnref3\">[3]<\/a>, le S\u00e9nat mexicain avait approuv\u00e9 \u00e0 l\u2019unanimit\u00e9 des amendements \u00e0 la l\u00e9gislation sur le contr\u00f4le du tabac qui incluent une interdiction totale de la publicit\u00e9, de la promotion et du parrainage du tabac. Les nouveaux amendements interdisent \u00e9galement de fumer \u2013 y compris l\u2019utilisation de cigarettes \u00e9lectroniques ou de produits du tabac chauff\u00e9s \u2013 dans tous les espaces \u00e0 usage collectif, rendant la loi mexicaine antitabac conforme \u00e0 la Convention-cadre de l\u2019Organisation mondiale de la sant\u00e9 pour la lutte antitabac, que le Mexique a ratifi\u00e9e en 2004.<\/p>\n<p style=\"text-align: justify;\">Pr\u00e8s de 14 millions de Mexicains, soit 17 % de la population \u00e2g\u00e9s de plus de 15 ans fument r\u00e9guli\u00e8rement du tabac (un homme sur 4 et une femme sur 13). Environ 51 500 Mexicains meurent chaque ann\u00e9e de maladies li\u00e9es au tabac, ce qui repr\u00e9sente 10 % de l\u2019ensemble des d\u00e9c\u00e8s du pays.<\/p>\n<h2 style=\"text-align: justify;\"><strong>Des r\u00e9glementations sur le vapotage qui se renforcent en Am\u00e9rique latine<\/strong><\/h2>\n<p style=\"text-align: justify;\">Avec cette nouvelle r\u00e9glementation, le Mexique rejoint d&rsquo;autres pays de la r\u00e9gion<a href=\"#_ftn4\" name=\"_ftnref4\">[4]<\/a>, comme le Br\u00e9sil, o\u00f9 les autorit\u00e9s sanitaires ont impos\u00e9 des restrictions \u00e0 l&rsquo;importation, \u00e0 la commercialisation et \u00e0 la publicit\u00e9 des cigarettes \u00e9lectroniques. Au Panama, milieu 2021, l&rsquo;Assembl\u00e9e nationale souhaitait adopter un projet de loi visant \u00e0 interdire l&rsquo;utilisation et la commercialisation de cigarettes \u00e9lectroniques, mais le pr\u00e9sident Laurentino Cortizo y a oppos\u00e9 son veto.<\/p>\n<p style=\"text-align: justify;\">En mars 2021, le S\u00e9nat chilien a adopt\u00e9 un projet de loi visant \u00e0 modifier la loi sur le tabac et \u00e0 r\u00e9glementer la vente, la publicit\u00e9 et la consommation des cigarettes \u00e9lectroniques, en interdisant leur vente aux mineurs. Ce projet est en attente de discussion \u00e0 la Chambre des d\u00e9put\u00e9s.<\/p>\n<p style=\"text-align: justify;\"><strong>Mots-cl\u00e9s : Mexique, vapotage, cigarettes \u00e9lectroniques, nicotine, interdiction<\/strong><\/p>\n<p style=\"text-align: justify;\"><strong><a href=\"https:\/\/www.generationsanstabac.org\/\">\u00a9G\u00e9n\u00e9ration Sans Tabac<\/a><\/strong><\/p>\n<p style=\"text-align: right;\"><em><strong>AE<\/strong><\/em><\/p>\n<hr \/>\n<p style=\"text-align: justify;\"><a href=\"#_ftnref1\" name=\"_ftn1\">[1]<\/a> <a href=\"https:\/\/www.lemonde.fr\/international\/article\/2022\/05\/31\/la-cigarette-electronique-interdite-au-mexique_6128413_3210.html\">La cigarette \u00e9lectronique interdite au Mexique<\/a>, Le Monde, 31 mai 2022, consult\u00e9 le 7 juin 2022<\/p>\n<p style=\"text-align: justify;\"><a href=\"#_ftnref2\" name=\"_ftn2\">[2]<\/a> G\u00e9n\u00e9ration sans tabac, <a href=\"https:\/\/www.generationsanstabac.org\/actualites\/le-mexique-interdit-limportation-de-cigarettes-electroniques-et-de-produits-du-tabac-chauffes\/\">Le Mexique interdit l\u2019importation de cigarettes \u00e9lectroniques et de produits du tabac chauff\u00e9s<\/a>, 20 mars 2020, consult\u00e9 le 7 juin 2022<\/p>\n<p style=\"text-align: justify;\"><a href=\"#_ftnref3\" name=\"_ftn3\">[3]<\/a> G\u00e9n\u00e9ration sans tabac,<a href=\"https:\/\/www.generationsanstabac.org\/actualites\/le-mexique-renforce-ses-mesures-de-lutte-contre-le-tabagisme\/\"> Le Mexique renforce ses mesures de lutte contre le tabagisme<\/a>, 16 d\u00e9cembre 2021, consult\u00e9 le 7 juin 2022<\/p>\n<p style=\"text-align: justify;\"><a href=\"#_ftnref4\" name=\"_ftn4\">[4]<\/a> <a href=\"https:\/\/www.latimes.com\/espanol\/mexico\/articulo\/2022-05-31\/prohiben-venta-de-cigarrillos-electronicos-en-mexico\">Proh\u00edben venta de cigarrillos electr\u00f3nicos en M\u00e9xico<\/a>, Los Angeles Times, 31 mai 2022, consult\u00e9 le 7 juin 2022<\/p>\n<p><span style=\"color: #808080;\"><strong><a style=\"color: #808080;\" href=\"http:\/\/www.cnct.fr\/\" target=\"_blank\" rel=\"noopener noreferrer\">Comit\u00e9 national contre le tabagisme |<\/a><\/strong><\/span><\/p>\n","protected":false},"excerpt":{"rendered":"<p>\u00c0 l\u2019occasion de la journ\u00e9e mondiale sans tabac qui s\u2019est tenue le 31 mai dernier, le pr\u00e9sident de la r\u00e9publique du Mexique a sign\u00e9 un d\u00e9cret interdisant la commercialisation et la circulation des cigarettes \u00e9lectroniques, qu\u2019il estime nocives pour la sant\u00e9. Il sera \u00e9galement interdit de fumer du tabac dans le centre historique de la [&hellip;]<\/p>\n","protected":false},"featured_media":11038,"template":"","tags":[],"thematique":[516,491],"class_list":["post-20704","actualites","type-actualites","status-publish","has-post-thumbnail","hentry","thematique-nouveaux-produits","thematique-politiques-publiques"],"acf":[],"_links":{"self":[{"href":"https:\/\/www.generationsanstabac.org\/fr\/wp-json\/wp\/v2\/actualites\/20704","targetHints":{"allow":["GET"]}}],"collection":[{"href":"https:\/\/www.generationsanstabac.org\/fr\/wp-json\/wp\/v2\/actualites"}],"about":[{"href":"https:\/\/www.generationsanstabac.org\/fr\/wp-json\/wp\/v2\/types\/actualites"}],"version-history":[{"count":0,"href":"https:\/\/www.generationsanstabac.org\/fr\/wp-json\/wp\/v2\/actualites\/20704\/revisions"}],"wp:featuredmedia":[{"embeddable":true,"href":"https:\/\/www.generationsanstabac.org\/fr\/wp-json\/wp\/v2\/media\/11038"}],"wp:attachment":[{"href":"https:\/\/www.generationsanstabac.org\/fr\/wp-json\/wp\/v2\/media?parent=20704"}],"wp:term":[{"taxonomy":"post_tag","embeddable":true,"href":"https:\/\/www.generationsanstabac.org\/fr\/wp-json\/wp\/v2\/tags?post=20704"},{"taxonomy":"thematique","embeddable":true,"href":"https:\/\/www.generationsanstabac.org\/fr\/wp-json\/wp\/v2\/thematique?post=20704"}],"curies":[{"name":"wp","href":"https:\/\/api.w.org\/{rel}","templated":true}]}}