{"id":20702,"date":"2022-06-07T07:00:07","date_gmt":"2022-06-07T05:00:07","guid":{"rendered":"https:\/\/www.generationsanstabac.org\/actualites\/pays-bas-envisagent-porter-prix-paquet-cigarettes-47e-2040\/"},"modified":"2022-06-07T07:00:07","modified_gmt":"2022-06-07T05:00:07","slug":"pays-bas-envisagent-porter-prix-paquet-cigarettes-47e-2040","status":"publish","type":"actualites","link":"https:\/\/www.generationsanstabac.org\/fr\/actualites\/pays-bas-envisagent-porter-prix-paquet-cigarettes-47e-2040\/","title":{"rendered":"Les Pays-Bas envisagent de porter le prix du paquet de cigarettes \u00e0 47\u20ac en 2040"},"content":{"rendered":"<p style=\"text-align: justify;\"><em>Parmi d\u2019autres mesures engag\u00e9es aux Pays-Bas, l\u2019augmentation des taxes d\u2019accises sur le tabac devrait \u00e9lever le paquet de cigarettes \u00e0 10 \u20ac en 2025 et entre 30 et 57 \u20ac d\u2019ici 2040, pour atteindre \u00e0 cette date l\u2019objectif d\u2019une g\u00e9n\u00e9ration sans tabac.   <\/em><\/p>\n<p style=\"text-align: justify;\">R\u00e9duire les d\u00e9penses de sant\u00e9 aux Pays-Bas est une priorit\u00e9 affich\u00e9e du National Prevention Agreement, conclu en 2018 entre l\u2019\u00e9tat et 70 organisations de sant\u00e9. Cette priorit\u00e9 a \u00e9t\u00e9 r\u00e9affirm\u00e9e par le nouveau gouvernement de coalition, arriv\u00e9 au pouvoir en d\u00e9cembre 2021<a href=\"#_ftn1\" name=\"_ftnref1\">[1]<\/a>.<\/p>\n<h2 style=\"text-align: justify;\"><strong>Des augmentations substantielles pr\u00e9vues sur 17 ans <\/strong><\/h2>\n<p style=\"text-align: justify;\">L\u2019une des mesures-phares de ce programme est d\u2019augmenter substantiellement le prix des produits du tabac sur une longue p\u00e9riode, en vue de faire baisser la pr\u00e9valence tabagique. Cette pr\u00e9valence s\u2019\u00e9tablissait, pour les Pays-Bas, \u00e0 20,2 % de fumeurs en 2020, dont 14,9 % de fumeurs quotidiens<a href=\"#_ftn2\" name=\"_ftnref2\">[2]<\/a>. L\u2019objectif d\u2019une g\u00e9n\u00e9ration sans tabac en 2040, soit moins de 5 % de fumeurs, implique cependant des mesures fortes, d\u2019o\u00f9 l\u2019id\u00e9e d\u2019augmenter progressivement mais significativement les taxes d\u2019accises sur les produits du tabac. Ces augmentations devraient conduire \u00e0 un paquet de cigarettes \u00e0 10 \u20ac en 2025, et entre 30 et 57 \u20ac en 2040, avec un prix moyen estim\u00e9 \u00e0 47 \u20ac, contre 8 \u20ac \u00e0 ce jour. Des seuils qui paraissent aujourd\u2019hui \u00e9lev\u00e9s, mais qui correspondent pourtant aux nombreux co\u00fbts m\u00e9dicaux et sociaux qu\u2019engendrent le tabagisme. En France, une \u00e9valuation reprise par l\u2019ACT dans une campagne de communication avait \u00e9galement plac\u00e9 le prix r\u00e9el d\u2019un paquet \u00e0 45 \u20ac pour absorber l\u2019ensemble des co\u00fbts du tabac<a href=\"#_ftn3\" name=\"_ftnref3\">[3]<\/a>.<\/p>\n<p style=\"text-align: justify;\">La programmation de ces augmentations sur une p\u00e9riode longue est l\u2019une des particularit\u00e9s de cette mesure. Elle conduit notamment le gouvernement n\u00e9erlandais \u00e0 sanctuariser la politique de lutte contre le tabagisme sur les 17 prochaines ann\u00e9es, sur un mod\u00e8le d\u00e9j\u00e0 inaugur\u00e9 par le Royaume-Uni et la Finlande. Les exemples de l\u2019Australie, o\u00f9 le prix du paquet de cigarettes atteint actuellement 24 \u20ac, et de la France avec le paquet \u00e0 10 \u20ac, jouent ici un r\u00f4le incitateur<a href=\"#_ftn4\" name=\"_ftnref4\">[4]<\/a>. Une d\u00e9cision confort\u00e9e par une r\u00e9cente \u00e9tude de l\u2019Universit\u00e9 de Maastricht, selon laquelle l\u2019effet dissuasif du prix ne fonctionnerait vraiment qu\u2019\u00e0 partir de 12 \u20ac, et qui indique qu\u2019il faudrait porter ce prix \u00e0 60 \u20ac le paquet pour obtenir l\u2019arr\u00eat du tabac chez 50 % des fumeurs<a href=\"#_ftn5\" name=\"_ftnref5\">[5]<\/a>.<\/p>\n<h2 style=\"text-align: justify;\"><strong>Des mesures antitabac qui finissent par s\u2019instituer, malgr\u00e9 le lobby industriel <\/strong><\/h2>\n<p style=\"text-align: justify;\">Ces augmentations des taxes s\u2019accompagnent d\u2019autres mesures. Apr\u00e8s l\u2019instauration du paquet neutre pour les cigarettes et le tabac \u00e0 rouler, l\u2019interdiction de fumer dans les gares ferroviaires et le retrait des \u00e9tals de tabac dans les lieux de vente<a href=\"#_ftn6\" name=\"_ftnref6\">[6]<\/a>, les prochaines \u00e9tapes concernent l\u2019interdiction de la vente dans les supermarch\u00e9s, pr\u00e9vue en 2024<a href=\"#_ftn7\" name=\"_ftnref7\">[7]<\/a>, de la vente sur Internet et des distributeurs automatiques.<\/p>\n<p style=\"text-align: justify;\">Ces avanc\u00e9es ne sauraient faire oublier que, si tous les pays du monde subissent un incessant lobbying de l\u2019industrie du tabac, les Pays-Bas sont une cible de pr\u00e9dilection pour les cigarettiers, qui y poss\u00e8dent encore de nombreuses usines et y profitent d\u2019importants avantages fiscaux. Les industriels ont ainsi d\u00e9j\u00e0 retard\u00e9 l\u2019augmentation du paquet \u00e0 10 \u20ac, initialement pr\u00e9vue pour 2023<a href=\"#_ftn8\" name=\"_ftnref8\">[8]<\/a> Ils ont \u00e9galement fortement bataill\u00e9 pour tenter d\u2019emp\u00eacher l\u2019instauration du paquet neutre<a href=\"#_ftn9\" name=\"_ftnref9\">[9]<\/a>. Autant de raisons qui justifient de prot\u00e9ger les politiques publiques des tentatives d\u2019ing\u00e9rence de l\u2019industrie du tabac, comme le pr\u00e9conise l\u2019article 5.3 de la Convention-cadre pour la lutte antitabac (CCLAT).<\/p>\n<p style=\"text-align: justify;\">Mots-cl\u00e9s : Pays-Bas, prix, G\u00e9n\u00e9ration sans tabac, paquet neutre<\/p>\n<p style=\"text-align: justify;\"><strong><a href=\"https:\/\/www.generationsanstabac.org\/\">\u00a9G\u00e9n\u00e9ration Sans Tabac<\/a><\/strong><\/p>\n<p style=\"text-align: right;\"><em><strong>AE<\/strong><\/em><\/p>\n<hr \/>\n<p><a href=\"#_ftnref1\" name=\"_ftn1\">[1]<\/a> S\u00e9veno V, <a href=\"https:\/\/www.iamexpat.nl\/expat-info\/dutch-expat-news\/dutch-cigarette-prices-could-go-47-euros-pack-2040\"><em>Dutch cigarette prices could go up to 47 euros a pack by 2040<\/em><\/a>, NL Times, publi\u00e9 le 1<sup>er<\/sup> juin 2022, consult\u00e9 le 2 juin 2022.<\/p>\n<p><a href=\"#_ftnref2\" name=\"_ftn2\">[2]<\/a> <a href=\"https:\/\/www.trimbos.nl\/docs\/33d58cc4-51bd-4008-8846-02c54b8afca3.pdf?act=winkeldl.download&amp;prod=1438\"><em>Smoking in the netherlands: key statistics for 2020<\/em><\/a>, The Netherlands Expertise Centre for Tobacco Control, mai 2021.<\/p>\n<p><a href=\"#_ftnref3\" name=\"_ftn3\">[3]<\/a> <a href=\"https:\/\/alliancecontreletabac.org\/wp-content\/uploads\/2021\/06\/Infographie_ACT_vrai_cout.pdf\"><em>Le vrai co\u00fbt du tabac en chiffre<\/em><\/a>, ACT, infographie, d\u00e9cembre 2020, consult\u00e9e le 2 juin 2022.<\/p>\n<p><a href=\"#_ftnref4\" name=\"_ftn4\">[4]<\/a> <a href=\"https:\/\/nltimes.nl\/2022\/06\/01\/netherlands-raise-price-cigarette-packs-eu47-2040\"><em>Netherlands could raise price of cigarette packs to \u20ac47 by 2040<\/em><\/a>, NL Times, publi\u00e9 le 1<sup>er<\/sup> juin 2022, consult\u00e9 le 2 juin 2022.<\/p>\n<p><a href=\"#_ftnref5\" name=\"_ftn5\">[5]<\/a> <a href=\"https:\/\/www.maastrichtuniversity.nl\/news\/tobacco-discouragement-only-effective-%E2%82%AC12-cigarette-pack\"><em>Tobacco discouragement is only effective from \u20ac12 per cigarette pack,<\/em><\/a> Maastricht University, publi\u00e9 le 23 novembre 2021, consult\u00e9 le 2 juin 2022.<\/p>\n<p><a href=\"#_ftnref6\" name=\"_ftn6\">[6]<\/a> <a href=\"https:\/\/www.generationsanstabac.org\/actualites\/pays-bas-entree-en-vigueur-de-la-suppression-des-etals-des-produits-du-tabac\/\"><em>Pays-Bas : entr\u00e9e en vigueur de la suppression des \u00e9tals des produits du tabac<\/em><\/a><em>, <\/em>G\u00e9n\u00e9ration Sans Tabac, publi\u00e9 le 22 janvier 2021, consult\u00e9 le 2 juin 2022.<\/p>\n<p><a href=\"#_ftnref7\" name=\"_ftn7\">[7]<\/a> <a href=\"https:\/\/www.generationsanstabac.org\/actualites\/pays-bas-la-vente-de-tabac-en-supermarche-interdite-a-partir-de-2024\/\"><em>Pays-Bas : la vente de tabac en supermarch\u00e9 interdite \u00e0 partir de 2024<\/em><\/a><em>, <\/em>G\u00e9n\u00e9ration Sans Tabac, publi\u00e9 le 27 novembre 2020, consult\u00e9 le 2 juin 2022.<\/p>\n<p><a href=\"#_ftnref8\" name=\"_ftn8\">[8]<\/a> <a href=\"https:\/\/www.generationsanstabac.org\/actualites\/lobby-sante-publique-pays-bas\/\"><em>Pays-Bas. Le lobby du tabac mine les politiques de sant\u00e9<\/em><\/a><em>, <\/em>G\u00e9n\u00e9ration Sans Tabac, publi\u00e9 le 26 ao\u00fbt 2020, consult\u00e9 le 2 juin 2022.<\/p>\n<p><a href=\"#_ftnref9\" name=\"_ftn9\">[9]<\/a> <a href=\"https:\/\/www.generationsanstabac.org\/actualites\/les-pays-bas-forces-par-lindustrie-de-reporter-lintroduction-du-paquet-neutre\/\"><em>Les Pays-Bas forc\u00e9s par l\u2019industrie de reporter l\u2019introduction du paquet neutre<\/em><\/a><em>, <\/em>G\u00e9n\u00e9ration Sans Tabac, publi\u00e9 le 20 avril 2020, consult\u00e9 le 2 juin 2022.<\/p>\n<p><span style=\"color: #808080;\"><strong><a style=\"color: #808080;\" href=\"http:\/\/www.cnct.fr\/\" target=\"_blank\" rel=\"noopener noreferrer\">Comit\u00e9 national contre le tabagisme |<\/a><\/strong><\/span><\/p>\n","protected":false},"excerpt":{"rendered":"<p>Parmi d\u2019autres mesures engag\u00e9es aux Pays-Bas, l\u2019augmentation des taxes d\u2019accises sur le tabac devrait \u00e9lever le paquet de cigarettes \u00e0 10 \u20ac en 2025 et entre 30 et 57 \u20ac d\u2019ici 2040, pour atteindre \u00e0 cette date l\u2019objectif d\u2019une g\u00e9n\u00e9ration sans tabac. R\u00e9duire les d\u00e9penses de sant\u00e9 aux Pays-Bas est une priorit\u00e9 affich\u00e9e du National [&hellip;]<\/p>\n","protected":false},"featured_media":11034,"template":"","tags":[],"thematique":[491],"class_list":["post-20702","actualites","type-actualites","status-publish","has-post-thumbnail","hentry","thematique-politiques-publiques"],"acf":[],"_links":{"self":[{"href":"https:\/\/www.generationsanstabac.org\/fr\/wp-json\/wp\/v2\/actualites\/20702","targetHints":{"allow":["GET"]}}],"collection":[{"href":"https:\/\/www.generationsanstabac.org\/fr\/wp-json\/wp\/v2\/actualites"}],"about":[{"href":"https:\/\/www.generationsanstabac.org\/fr\/wp-json\/wp\/v2\/types\/actualites"}],"version-history":[{"count":0,"href":"https:\/\/www.generationsanstabac.org\/fr\/wp-json\/wp\/v2\/actualites\/20702\/revisions"}],"wp:featuredmedia":[{"embeddable":true,"href":"https:\/\/www.generationsanstabac.org\/fr\/wp-json\/wp\/v2\/media\/11034"}],"wp:attachment":[{"href":"https:\/\/www.generationsanstabac.org\/fr\/wp-json\/wp\/v2\/media?parent=20702"}],"wp:term":[{"taxonomy":"post_tag","embeddable":true,"href":"https:\/\/www.generationsanstabac.org\/fr\/wp-json\/wp\/v2\/tags?post=20702"},{"taxonomy":"thematique","embeddable":true,"href":"https:\/\/www.generationsanstabac.org\/fr\/wp-json\/wp\/v2\/thematique?post=20702"}],"curies":[{"name":"wp","href":"https:\/\/api.w.org\/{rel}","templated":true}]}}