{"id":20698,"date":"2022-06-02T08:47:37","date_gmt":"2022-06-02T06:47:37","guid":{"rendered":"https:\/\/www.generationsanstabac.org\/actualites\/sante-publique-france-lance-un-nouveau-site-pour-favoriser-la-prevention-en-milieu-professionnel\/"},"modified":"2022-06-02T08:47:37","modified_gmt":"2022-06-02T06:47:37","slug":"sante-publique-france-lance-un-nouveau-site-pour-favoriser-la-prevention-en-milieu-professionnel","status":"publish","type":"actualites","link":"https:\/\/www.generationsanstabac.org\/fr\/actualites\/sante-publique-france-lance-un-nouveau-site-pour-favoriser-la-prevention-en-milieu-professionnel\/","title":{"rendered":"Sant\u00e9 Publique France lance un nouveau site pour favoriser la pr\u00e9vention en milieu professionnel"},"content":{"rendered":"<p style=\"text-align: justify;\"><em>Le site <a href=\"https:\/\/www.employeurspourlasante.fr\/\" target=\"_blank\" rel=\"noopener\">Les Employeurs pour la Sant\u00e9<\/a> de Sant\u00e9 Publique France propose un panel d\u2019outils de pr\u00e9vention, ainsi que des informations, des conseils et des exemples d\u2019actions de pr\u00e9vention r\u00e9ussies. <\/em><\/p>\n<p style=\"text-align: justify;\">Premi\u00e8re cause de mortalit\u00e9 pr\u00e9matur\u00e9e \u00e9vitable, le tabagisme quotidien touche encore un quart des salari\u00e9s et constitue une source de maladies non transmissibles entra\u00eenant de nombreux arr\u00eats de travail. La pr\u00e9vention du tabagisme reste un enjeu de sant\u00e9 majeur pour les employeurs, c\u2019est pourquoi Sant\u00e9 Publique France inaugure sur ce th\u00e8me un nouveau site consacr\u00e9 \u00e0 la sant\u00e9 en milieu de travail<a href=\"#_ftn1\" name=\"_ftnref1\">[1]<\/a>.<\/p>\n<h2 style=\"text-align: justify;\"><strong>Une incitation pour les employeurs \u00e0 s\u2019engager pour la sant\u00e9 des salari\u00e9s <\/strong><\/h2>\n<p style=\"text-align: justify;\">Le site Les Employeurs pour la Sant\u00e9 a plusieurs vocations : sensibiliser les employeurs \u00e0 la dimension de la sant\u00e9 en situation de travail, valoriser les actions d\u00e9j\u00e0 engag\u00e9es dans certains \u00e9tablissements et fournir des outils de pr\u00e9vention. Il s\u2019adresse aussi bien aux acteurs du secteur priv\u00e9 qu\u2019\u00e0 ceux du secteur public, et ce quelle que soit la taille de la structure.<\/p>\n<p style=\"text-align: justify;\">Ce site interpelle les employeurs en leur rappelant les obligations r\u00e9glementaires en mati\u00e8re de tabac et de vapotage, qui sont proscrits sur le lieu de travail. Il les incite aussi \u00e0 aller au-del\u00e0 de ces obligations en transformant le lieu de travail en espace sans tabac, sur le mod\u00e8le des h\u00f4pitaux et des universit\u00e9s sans tabac. De telles mesures doivent cependant s\u2019accompagner d\u2019actions incitant les salari\u00e9s fumeurs et vapoteurs \u00e0 s\u2019interroger sur leurs consommations et \u00e0 amorcer une d\u00e9marche d\u2019arr\u00eat. Le Mois sans Tabac est souvent l\u2019occasion saisie pour ces types d\u2019actions, qui peuvent \u00eatre enclench\u00e9s tout au long de l\u2019ann\u00e9e et faire \u00e9cho \u00e0 cette campagne nationale au-del\u00e0 du seul mois de novembre.<\/p>\n<h2 style=\"text-align: justify;\"><strong>Des informations, des conseils et des supports de pr\u00e9vention <\/strong><\/h2>\n<p style=\"text-align: justify;\">Le site apporte des informations qui encouragent \u00e0 s\u2019engager dans une d\u00e9marche de pr\u00e9vention. En indiquant que deux fumeurs sur trois souhaitent arr\u00eater de fumer, il cherche \u00e0 rassurer les employeurs, qui redoutent trop souvent que les actions de pr\u00e9vention ne s\u2019immiscent dans la vie priv\u00e9e de leurs salari\u00e9s.<\/p>\n<p style=\"text-align: justify;\">Il renvoie aussi vers les nombreux outils et supports de pr\u00e9vention \u00e9dit\u00e9s par Sant\u00e9 Publique France autour du tabagisme, dont plusieurs sont sp\u00e9cifiquement consacr\u00e9s aux actions de pr\u00e9vention en milieu professionnel. Ces documents comportent notamment des conseils m\u00e9thodologiques pour mettre sur pied des actions de pr\u00e9vention, des d\u00e9pliants de sensibilisation et une s\u00e9rie d\u2019affiches d\u00e9di\u00e9es au contexte professionnel. Des exemples d\u2019actions r\u00e9ussies dans le secteur public permettent \u00e9galement d\u2019imaginer comment les transposer dans son propre univers de travail. Des liens sont aussi propos\u00e9s vers des structures sp\u00e9cialis\u00e9es sur la pr\u00e9vention en milieu professionnel, comme Addict\u2019Aide Pro ou ESPER (Les Entreprises et les Services Publics s\u2019Engagent R\u00e9solument).<\/p>\n<p style=\"text-align: justify;\">La diffusion des bonnes pratiques \u00e9tant une des conditions n\u00e9cessaires pour bien conduire les actions de pr\u00e9vention en situation professionnelle, ce site peut constituer une base de r\u00e9f\u00e9rence tant pour les managers que pour les services de sant\u00e9 au travail.<\/p>\n<p style=\"text-align: justify;\"><strong>Mots-cl\u00e9s : Les Employeurs pour la Sant\u00e9, Sant\u00e9 Publique France, pr\u00e9vention, milieu professionnel, tabagisme<\/strong><\/p>\n<p style=\"text-align: justify;\"><strong><a href=\"https:\/\/www.generationsanstabac.org\/\">\u00a9G\u00e9n\u00e9ration Sans Tabac<\/a><\/strong><\/p>\n<p style=\"text-align: right;\"><em><strong>MF<\/strong><\/em><\/p>\n<hr \/>\n<p style=\"text-align: justify;\"><a href=\"#_ftnref1\" name=\"_ftn1\">[1]<\/a> <a href=\"https:\/\/www.employeurspourlasante.fr\"><em>Les Employeurs pour la Sant\u00e9<\/em><\/a>, Sant\u00e9 Publique France, consult\u00e9 le 1<sup>er<\/sup> juin 2022<\/p>\n<p><span style=\"color: #808080;\"><strong><a style=\"color: #808080;\" href=\"http:\/\/www.cnct.fr\/\" target=\"_blank\" rel=\"noopener noreferrer\">Comit\u00e9 national contre le tabagisme |<\/a><\/strong><\/span><\/p>\n","protected":false},"excerpt":{"rendered":"<p>Le site Les Employeurs pour la Sant\u00e9 de Sant\u00e9 Publique France propose un panel d\u2019outils de pr\u00e9vention, ainsi que des informations, des conseils et des exemples d\u2019actions de pr\u00e9vention r\u00e9ussies. Premi\u00e8re cause de mortalit\u00e9 pr\u00e9matur\u00e9e \u00e9vitable, le tabagisme quotidien touche encore un quart des salari\u00e9s et constitue une source de maladies non transmissibles entra\u00eenant de [&hellip;]<\/p>\n","protected":false},"featured_media":11026,"template":"","tags":[],"thematique":[474],"class_list":["post-20698","actualites","type-actualites","status-publish","has-post-thumbnail","hentry","thematique-sante"],"acf":[],"_links":{"self":[{"href":"https:\/\/www.generationsanstabac.org\/fr\/wp-json\/wp\/v2\/actualites\/20698","targetHints":{"allow":["GET"]}}],"collection":[{"href":"https:\/\/www.generationsanstabac.org\/fr\/wp-json\/wp\/v2\/actualites"}],"about":[{"href":"https:\/\/www.generationsanstabac.org\/fr\/wp-json\/wp\/v2\/types\/actualites"}],"version-history":[{"count":0,"href":"https:\/\/www.generationsanstabac.org\/fr\/wp-json\/wp\/v2\/actualites\/20698\/revisions"}],"wp:featuredmedia":[{"embeddable":true,"href":"https:\/\/www.generationsanstabac.org\/fr\/wp-json\/wp\/v2\/media\/11026"}],"wp:attachment":[{"href":"https:\/\/www.generationsanstabac.org\/fr\/wp-json\/wp\/v2\/media?parent=20698"}],"wp:term":[{"taxonomy":"post_tag","embeddable":true,"href":"https:\/\/www.generationsanstabac.org\/fr\/wp-json\/wp\/v2\/tags?post=20698"},{"taxonomy":"thematique","embeddable":true,"href":"https:\/\/www.generationsanstabac.org\/fr\/wp-json\/wp\/v2\/thematique?post=20698"}],"curies":[{"name":"wp","href":"https:\/\/api.w.org\/{rel}","templated":true}]}}