{"id":20697,"date":"2022-06-01T10:40:59","date_gmt":"2022-06-01T08:40:59","guid":{"rendered":"https:\/\/www.generationsanstabac.org\/actualites\/efforts-georgie-lutte-tabagisme\/"},"modified":"2022-06-01T10:40:59","modified_gmt":"2022-06-01T08:40:59","slug":"efforts-georgie-lutte-tabagisme","status":"publish","type":"actualites","link":"https:\/\/www.generationsanstabac.org\/fr\/actualites\/efforts-georgie-lutte-tabagisme\/","title":{"rendered":"Les efforts de la G\u00e9orgie dans la lutte contre le tabagisme"},"content":{"rendered":"<p style=\"text-align: justify;\"><em>Une vid\u00e9o r\u00e9cemment diffus\u00e9e par le Bureau r\u00e9gional Europe de l\u2019Organisation mondiale de la sant\u00e9 (OMS) d\u00e9taille l&rsquo;histoire de la lutte contre le tabac en G\u00e9orgie et comment ce petit pays du Caucase continue d\u2019ouvrir la voie vers un avenir sans tabac \u00e0 l\u2019aide de r\u00e9glementations antitabac compl\u00e8tes et efficaces<a href=\"#_ftn1\" name=\"_ftnref1\"><strong>[1]<\/strong><\/a>. L\u2019OMS a par ailleurs r\u00e9compens\u00e9 les efforts, \u00e0 l\u2019occasion de la journ\u00e9e mondiale sans tabac, du Centre national g\u00e9orgien pour la lutte contre les maladies et la sant\u00e9 publique, coauteur et d\u00e9fenseur de la loi antitabac du pays qui est entr\u00e9e en vigueur le 1er mai 2018<a href=\"#_ftn2\" name=\"_ftnref2\"><strong>[2]<\/strong><\/a>.<\/em><\/p>\n<p style=\"text-align: justify;\">La G\u00e9orgie est l&rsquo;un des pays impliqu\u00e9s dans le projet \u00ab FCTC 2030 \u00bb du Secr\u00e9tariat de la Convention-Cadre de l\u2019OMS. Dans le cadre de ce projet, financ\u00e9 par le Royaume-Uni, le Secr\u00e9tariat de la Convention a fourni une assistance technique \u00e0 la G\u00e9orgie pour soutenir la mise en \u0153uvre r\u00e9ussie de la nouvelle loi. Le pays souhaite r\u00e9duire la consommation de tabac chez les personnes \u00e2g\u00e9es de 18 ans et plus \u00e0 20 % d&rsquo;ici 2030.<\/p>\n<h2 style=\"text-align: justify;\"><strong>Le poids du tabac en G\u00e9orgie<\/strong><\/h2>\n<p style=\"text-align: justify;\">Selon les derni\u00e8res donn\u00e9es de 2017, la G\u00e9orgie a l&rsquo;une des pr\u00e9valences de tabagisme les plus \u00e9lev\u00e9es parmi les pays europ\u00e9ens et la pr\u00e9valence du tabagisme a tendance \u00e0 augmenter. 33,7 % de la population adulte g\u00e9orgienne sont des fumeurs actuels. Ils \u00e9taient 30,3 % en 2010. Environ 57 % (55 % en 2010) sont des hommes et 12 ,2% (4,8% en 2010) sont des femmes. Les maladies li\u00e9es au tabac entra\u00eenent ainsi le d\u00e9c\u00e8s de 11 400 G\u00e9orgiens chaque ann\u00e9e, soit 22% de l\u2019ensemble des d\u00e9c\u00e8s chez les adultes. En termes \u00e9conomiques, le pays perd environ 2,4 % de son produit int\u00e9rieur brut chaque ann\u00e9e \u00e0 cause du tabagisme.<\/p>\n<h2 style=\"text-align: justify;\"><strong>Une s\u00e9rie de nouvelles mesures compl\u00e8tes qui commencent \u00e0 donner des r\u00e9sultats<\/strong><\/h2>\n<p style=\"text-align: justify;\">Pour faire face \u00e0 ce fardeau sanitaire et \u00e9conomique d\u00e9vastateur que repr\u00e9sente l&rsquo;\u00e9pid\u00e9mie croissante de tabagisme dans le pays, des amendements aux lois sur la lutte antitabac de 2003 ont \u00e9t\u00e9 adopt\u00e9s par le Parlement g\u00e9orgien en 2017. Cette nouvelle l\u00e9gislation est d\u00e9sormais consid\u00e9r\u00e9e comme l\u2019une des l\u00e9gislations de lutte contre le tabagisme les plus compl\u00e8tes de la R\u00e9gion europ\u00e9enne de l\u2019OMS<a href=\"#_ftn3\" name=\"_ftnref3\">[3]<\/a>.<\/p>\n<p style=\"text-align: justify;\">La loi a introduit une s\u00e9rie de nouvelles mesures et a consid\u00e9rablement renforc\u00e9 la mise en \u0153uvre des dispositions de la Convention-cadre de l&rsquo;OMS pour la lutte antitabac (CCLAT). Celles-ci concernent le d\u00e9veloppement de lieux sans tabac, l\u2019introduction du paquet neutre pour les produits du tabac, ainsi qu\u2019une interdiction de la publicit\u00e9, de la promotion et du parrainage en faveur du tabac incluant la suppression des \u00e9tals des produits sur les lieux de vente de m\u00eame que l\u2019interdiction de la vente de produits du tabac par Internet. Elle a \u00e9galement renforc\u00e9 la r\u00e9glementation des nouveaux produits du tabac et de la nicotine en classant les produits du vapotage contenant de la nicotine comme des produits du tabac.<\/p>\n<p style=\"text-align: justify;\">Selon le Dr Amiran Gamkrelidze, directeur g\u00e9n\u00e9ral du Centre national de contr\u00f4le des maladies et de la sant\u00e9 publique, \u00ab les r\u00e9sultats de cette nouvelle loi ne se sont pas fait attendre. En l&rsquo;espace d&rsquo;un ou deux ans, le nombre de fumeurs a diminu\u00e9 de 1 \u00e0 2 %. Il y a eu une r\u00e9duction du nombre d&rsquo;admissions \u00e0 l&rsquo;h\u00f4pital de personnes souffrant d&rsquo;attaques c\u00e9r\u00e9brales et de crises cardiaques \u00bb.<\/p>\n<p style=\"text-align: justify;\"><strong>Mots cl\u00e9s : G\u00e9orgie, lutte antitabac, CCLAT, OMS<\/strong><\/p>\n<p style=\"text-align: justify;\"><strong><a href=\"https:\/\/www.generationsanstabac.org\/\">\u00a9G\u00e9n\u00e9ration Sans Tabac<\/a><\/strong><\/p>\n<p style=\"text-align: right;\"><em><strong>AE<\/strong><\/em><\/p>\n<hr \/>\n<p style=\"text-align: justify;\"><a href=\"#_ftnref1\" name=\"_ftn1\">[1]<\/a> Bureau r\u00e9gional de l&rsquo;Europe &#8211; Organisation mondiale de la sant\u00e9, <a href=\"https:\/\/www.euro.who.int\/en\/countries\/georgia\/news\/news\/2022\/5\/the-uphill-battle-the-story-of-georgias-fight-for-a-tobacco-free-future\">The uphill battle: the story of Georgia\u2019s fight for a tobacco-free future<\/a>, 30 mai 2022, consult\u00e9 le 31 mai 2022<\/p>\n<p style=\"text-align: justify;\"><a href=\"#_ftnref2\" name=\"_ftn2\">[2]<\/a> Bureau r\u00e9gional de l&rsquo;Europe &#8211; Organisation mondiale de la sant\u00e9, <a href=\"https:\/\/www.euro.who.int\/fr\/health-topics\/disease-prevention\/tobacco\/news\/news\/2022\/5\/world-no-tobacco-day-2022-awards-for-tobacco-control-in-the-who-european-region\">Journ\u00e9e mondiale sans tabac 2022 : les laur\u00e9ats du prix de la lutte antitabac dans la R\u00e9gion europ\u00e9enne de l\u2019OMS<\/a>, 30 mai 2022, consult\u00e9 le 31 mai 2022<\/p>\n<p style=\"text-align: justify;\"><a href=\"#_ftnref3\" name=\"_ftn3\">[3]<\/a> Bureau r\u00e9gional de l&rsquo;Europe &#8211; Organisation mondiale de la sant\u00e9, <a href=\"https:\/\/www.euro.who.int\/fr\/health-topics\/disease-prevention\/pages\/news\/news\/2018\/5\/new-law-on-cigarettes-and-tobacco-coming-into-effect-in-georgia\">Entr\u00e9e en vigueur de la nouvelle loi sur les cigarettes et le tabac en G\u00e9orgie<\/a>, 1er mai 2018, consult\u00e9 le 31 mai 2022<\/p>\n<p><span style=\"color: #808080;\"><strong><a style=\"color: #808080;\" href=\"http:\/\/www.cnct.fr\/\" target=\"_blank\" rel=\"noopener noreferrer\">Comit\u00e9 national contre le tabagisme |<\/a><\/strong><\/span><\/p>\n","protected":false},"excerpt":{"rendered":"<p>Une vid\u00e9o r\u00e9cemment diffus\u00e9e par le Bureau r\u00e9gional Europe de l\u2019Organisation mondiale de la sant\u00e9 (OMS) d\u00e9taille l&rsquo;histoire de la lutte contre le tabac en G\u00e9orgie et comment ce petit pays du Caucase continue d\u2019ouvrir la voie vers un avenir sans tabac \u00e0 l\u2019aide de r\u00e9glementations antitabac compl\u00e8tes et efficaces[1]. L\u2019OMS a par ailleurs r\u00e9compens\u00e9 [&hellip;]<\/p>\n","protected":false},"featured_media":11024,"template":"","tags":[],"thematique":[491],"class_list":["post-20697","actualites","type-actualites","status-publish","has-post-thumbnail","hentry","thematique-politiques-publiques"],"acf":[],"_links":{"self":[{"href":"https:\/\/www.generationsanstabac.org\/fr\/wp-json\/wp\/v2\/actualites\/20697","targetHints":{"allow":["GET"]}}],"collection":[{"href":"https:\/\/www.generationsanstabac.org\/fr\/wp-json\/wp\/v2\/actualites"}],"about":[{"href":"https:\/\/www.generationsanstabac.org\/fr\/wp-json\/wp\/v2\/types\/actualites"}],"version-history":[{"count":0,"href":"https:\/\/www.generationsanstabac.org\/fr\/wp-json\/wp\/v2\/actualites\/20697\/revisions"}],"wp:featuredmedia":[{"embeddable":true,"href":"https:\/\/www.generationsanstabac.org\/fr\/wp-json\/wp\/v2\/media\/11024"}],"wp:attachment":[{"href":"https:\/\/www.generationsanstabac.org\/fr\/wp-json\/wp\/v2\/media?parent=20697"}],"wp:term":[{"taxonomy":"post_tag","embeddable":true,"href":"https:\/\/www.generationsanstabac.org\/fr\/wp-json\/wp\/v2\/tags?post=20697"},{"taxonomy":"thematique","embeddable":true,"href":"https:\/\/www.generationsanstabac.org\/fr\/wp-json\/wp\/v2\/thematique?post=20697"}],"curies":[{"name":"wp","href":"https:\/\/api.w.org\/{rel}","templated":true}]}}