{"id":20695,"date":"2022-05-30T12:37:34","date_gmt":"2022-05-30T10:37:34","guid":{"rendered":"https:\/\/www.generationsanstabac.org\/actualites\/perou-reduction-significative-du-tabagisme-des-adultes-pendant-la-pandemie\/"},"modified":"2022-05-30T12:37:34","modified_gmt":"2022-05-30T10:37:34","slug":"perou-reduction-significative-du-tabagisme-des-adultes-pendant-la-pandemie","status":"publish","type":"actualites","link":"https:\/\/www.generationsanstabac.org\/fr\/actualites\/perou-reduction-significative-du-tabagisme-des-adultes-pendant-la-pandemie\/","title":{"rendered":"P\u00e9rou : r\u00e9duction significative du tabagisme des adultes pendant la pand\u00e9mie"},"content":{"rendered":"<p style=\"text-align: justify;\"><em>Des chercheurs ont cherch\u00e9 \u00e0 d\u00e9terminer l&rsquo;\u00e9volution de la pr\u00e9valence du tabagisme actuel, avant et pendant la pand\u00e9mie de COVID-19 dans la population adulte p\u00e9ruvienne. Les r\u00e9sultats montrent qu&rsquo;au P\u00e9rou, il y a eu une diminution importante de la pr\u00e9valence de la consommation actuelle de tabac dans l\u2019ensemble de la population adulte en 2020, avec des baisses significatives dans certains sous-groupes<a href=\"#_ftn1\" name=\"_ftnref1\"><strong>[1]<\/strong><\/a>.<\/em><\/p>\n<p style=\"text-align: justify;\">La pr\u00e9valence de la consommation de tabac au cours des 30 derniers jours a \u00e9t\u00e9 estim\u00e9e par sexe, \u00e0 partir des enqu\u00eates d\u00e9mographiques et de sant\u00e9 familiale de 2019 et 2020.<\/p>\n<h2 style=\"text-align: justify;\"><strong>Une r\u00e9duction importante de la consommation de tabac chez les femmes p\u00e9ruviennes<\/strong><\/h2>\n<p style=\"text-align: justify;\">Un total de 61 206 r\u00e9pondants a \u00e9t\u00e9 inclus dans l&rsquo;analyse. La pr\u00e9valence de la consommation actuelle de tabac \u00e9tait de 11,2% en 2019 (hommes : 18,7% ; femmes : 4,1%) et de 8% en 2020 (hommes : 13,5% ; femmes : 2,8%). Par rapport \u00e0 2019, les r\u00e9ductions les plus importantes de la consommation de tabac en 2020 ont \u00e9t\u00e9 rapport\u00e9es chez les femmes \u00e2g\u00e9es de plus de 60 ans (-64%), ayant un faible niveau d\u2019\u00e9ducation (-66%), issues du quintile de richesse inf\u00e9rieur (-70%), et habitant dans les villes (-66%) et les montagnes (-56%).<\/p>\n<p style=\"text-align: justify;\">Chez les hommes, les r\u00e9ductions de la consommation de tabac ont \u00e9t\u00e9 particuli\u00e8rement importantes aupr\u00e8s de ceux \u00e2g\u00e9s de plus de 60 ans (-60 %), chez ceux ayant un niveau d&rsquo;\u00e9ducation sup\u00e9rieur (-42 %), appartenant au quintile de revenus les plus \u00e9lev\u00e9s (-28 %), r\u00e9sidant dans les zones rurales (-41 %), dans les petites villes (-43 %) et dans les zones montagneuses (-45 %).<\/p>\n<h2 style=\"text-align: justify;\"><strong>Une r\u00e9duction encourageante qui doit \u00eatre poursuivie<\/strong><\/h2>\n<p style=\"text-align: justify;\">Selon les auteurs, ces r\u00e9sultats pourraient \u00eatre attribu\u00e9s aux r\u00e9ponses \u00e9motionnelles (peur, anxi\u00e9t\u00e9) g\u00e9n\u00e9r\u00e9es par la diffusion d&rsquo;\u00e9tudes \u00e9pid\u00e9miologiques et de recommandations sanitaires qui associaient le tabagisme \u00e0 un risque plus \u00e9lev\u00e9 de gravit\u00e9 et de d\u00e9c\u00e8s par COVID-19. Mais aussi une r\u00e9duction des revenus et aux nombreux confinements, entra\u00eenant une consommation moindre par rapport \u00e0 2019.<\/p>\n<p style=\"text-align: justify;\">Les auteurs ajoutent que si la r\u00e9duction du tabagisme au P\u00e9rou au cours de la pand\u00e9mie est encourageante, le moment est \u00e9galement venu de remettre \u00e0 l&rsquo;ordre du jour les mesures \u00e9tablies dans la convention-cadre de l&rsquo;Organisation mondiale de la sant\u00e9, que le pays a ratifi\u00e9 en 2004, et de poursuivre les efforts pour parvenir \u00e0 une ma\u00eetrise de l&rsquo;\u00e9pid\u00e9mie de tabagisme.<\/p>\n<p style=\"text-align: justify;\"><strong>Mots-cl\u00e9s : P\u00e9rou, tabagisme, covid19, pand\u00e9mie, femmes<\/strong><\/p>\n<p style=\"text-align: justify;\"><strong><a href=\"https:\/\/www.generationsanstabac.org\/\">\u00a9G\u00e9n\u00e9ration Sans Tabac<\/a><\/strong><\/p>\n<p style=\"text-align: right;\"><em><strong>AE<\/strong><\/em><\/p>\n<hr \/>\n<p><a href=\"#_ftnref1\" name=\"_ftn1\">[1]<\/a> Hern\u00e1ndez-V\u00e1squez A, Visconti-Lopez F J, Vargas-Fern\u00e1ndez R. Analysis of tobacco consumption, before and during the COVID-19 pandemic in Peru. Tobacco Induced Diseases. 2022;20(May):48. doi:10.18332\/tid\/149905.<\/p>\n<p><span style=\"color: #808080;\"><strong><a style=\"color: #808080;\" href=\"http:\/\/www.cnct.fr\/\" target=\"_blank\" rel=\"noopener noreferrer\">Comit\u00e9 national contre le tabagisme |<\/a><\/strong><\/span><\/p>\n","protected":false},"excerpt":{"rendered":"<p>Des chercheurs ont cherch\u00e9 \u00e0 d\u00e9terminer l&rsquo;\u00e9volution de la pr\u00e9valence du tabagisme actuel, avant et pendant la pand\u00e9mie de COVID-19 dans la population adulte p\u00e9ruvienne. Les r\u00e9sultats montrent qu&rsquo;au P\u00e9rou, il y a eu une diminution importante de la pr\u00e9valence de la consommation actuelle de tabac dans l\u2019ensemble de la population adulte en 2020, avec [&hellip;]<\/p>\n","protected":false},"featured_media":11020,"template":"","tags":[],"thematique":[474],"class_list":["post-20695","actualites","type-actualites","status-publish","has-post-thumbnail","hentry","thematique-sante"],"acf":[],"_links":{"self":[{"href":"https:\/\/www.generationsanstabac.org\/fr\/wp-json\/wp\/v2\/actualites\/20695","targetHints":{"allow":["GET"]}}],"collection":[{"href":"https:\/\/www.generationsanstabac.org\/fr\/wp-json\/wp\/v2\/actualites"}],"about":[{"href":"https:\/\/www.generationsanstabac.org\/fr\/wp-json\/wp\/v2\/types\/actualites"}],"version-history":[{"count":0,"href":"https:\/\/www.generationsanstabac.org\/fr\/wp-json\/wp\/v2\/actualites\/20695\/revisions"}],"wp:featuredmedia":[{"embeddable":true,"href":"https:\/\/www.generationsanstabac.org\/fr\/wp-json\/wp\/v2\/media\/11020"}],"wp:attachment":[{"href":"https:\/\/www.generationsanstabac.org\/fr\/wp-json\/wp\/v2\/media?parent=20695"}],"wp:term":[{"taxonomy":"post_tag","embeddable":true,"href":"https:\/\/www.generationsanstabac.org\/fr\/wp-json\/wp\/v2\/tags?post=20695"},{"taxonomy":"thematique","embeddable":true,"href":"https:\/\/www.generationsanstabac.org\/fr\/wp-json\/wp\/v2\/thematique?post=20695"}],"curies":[{"name":"wp","href":"https:\/\/api.w.org\/{rel}","templated":true}]}}