{"id":20681,"date":"2022-05-12T06:45:50","date_gmt":"2022-05-12T04:45:50","guid":{"rendered":"https:\/\/www.generationsanstabac.org\/actualites\/dans-les-prisons-francaises-90-des-hommes-sont-fumeurs\/"},"modified":"2022-05-12T06:45:50","modified_gmt":"2022-05-12T04:45:50","slug":"dans-les-prisons-francaises-90-des-hommes-sont-fumeurs","status":"publish","type":"actualites","link":"https:\/\/www.generationsanstabac.org\/fr\/actualites\/dans-les-prisons-francaises-90-des-hommes-sont-fumeurs\/","title":{"rendered":"Dans les prisons fran\u00e7aises, 90% des hommes sont fumeurs"},"content":{"rendered":"<p style=\"text-align: justify;\">L\u2019Organisation mondiale de la Sant\u00e9 (OMS) alerte sur la question du tabagisme dans les prisons europ\u00e9ennes, jug\u00e9e insuffisamment trait\u00e9e. Alors que les pays occidentaux observent une tendance g\u00e9n\u00e9rale \u00e0 une diminution de la consommation tabagique, aucun progr\u00e8s n\u2019est enregistr\u00e9 dans les prisons, constituant un enjeu de sant\u00e9 essentiel pour la population carc\u00e9rale et le personnel p\u00e9nitentiaire. L\u2019OMS souligne la n\u00e9cessit\u00e9 urgente de s\u2019attaquer \u00e0 ce probl\u00e8me de sant\u00e9 publique.<\/p>\n<p style=\"text-align: justify;\">Le tabac est la substance psychoactive la plus consomm\u00e9e par les personnes vivant en prison. Les \u00e9tudes men\u00e9es dans la r\u00e9gion europ\u00e9enne de l\u2019OMS montrent que la pr\u00e9valence tabagique y atteint des niveaux record. Dans l\u2019ensemble, ces taux sont sans commune mesure avec ceux mesur\u00e9s au sein des populations nationales : selon les pays, la pr\u00e9valence tabagique dans les prisons est deux \u00e0 quatre fois sup\u00e9rieure \u00e0 la moyenne<a href=\"#_ftn1\" name=\"_ftnref1\">[1]<\/a>.<\/p>\n<h2 style=\"text-align: justify;\"><strong>Un tabagisme \u00e0 des niveaux record, y compris chez les femmes, et les femmes enceintes<\/strong><\/h2>\n<p style=\"text-align: justify;\">Pour les hommes, la France se distingue avec la Gr\u00e8ce par la plus forte consommation tabagique europ\u00e9enne, avec environ 90% de la population carc\u00e9rale fumeuse. Toutefois, les autres pays de l\u2019enqu\u00eate, enregistrant des pr\u00e9valences plus faibles, t\u00e9moignent \u00e9galement d\u2019une situation particuli\u00e8rement probl\u00e9matique. En Allemagne, 88% des hommes en prisons sont fumeurs, contre 77% en Italie, 81% en Pologne, 83% en Suisse, et 85% en Lituanie. Chez les femmes, le tabagisme est \u00e9galement \u00e0 des niveaux in\u00e9dits : 85% au Royaume-Uni, 82% en Lituanie et 63% en France. L\u2019OMS rappelle que des \u00e9tudes r\u00e9alis\u00e9es auparavant dans les prisons montrent que deux-tiers des femmes enceintes en milieu carc\u00e9ral sont par ailleurs fumeuses.<\/p>\n<h2 style=\"text-align: justify;\"><strong>Le tabagisme passif, une norme dans les prisons europ\u00e9ennes<\/strong><\/h2>\n<p style=\"text-align: justify;\">Contrairement \u00e0 ce qui a \u00e9t\u00e9 observ\u00e9 au sein de la population g\u00e9n\u00e9rale dans ces pays, aucune am\u00e9lioration n\u2019a \u00e9t\u00e9 constat\u00e9e en milieu carc\u00e9ral. A cette forte pr\u00e9valence tabagique s\u2019ajoute le probl\u00e8me du tabagisme passif, car les d\u00e9tenus passent une majorit\u00e9 de leur temps dans des milieux clos et mal ventil\u00e9s. Comme le souligne l\u2019OMS, si des efforts ont \u00e9t\u00e9 r\u00e9alis\u00e9s dans la r\u00e9gion europ\u00e9enne pour d\u00e9velopper des cellules \u00ab sans fum\u00e9e \u00bb, ces mesures restent insuffisantes, et la qualit\u00e9 de l\u2019air reste tr\u00e8s largement d\u00e9grad\u00e9e dans l\u2019ensemble, augmentant ainsi le risque de maladie cardiaque et de cancer du poumon de 20 \u00e0 30% chez la population carc\u00e9rale non-fumeuse. Bien que ce point ne soit pas abord\u00e9 par l\u2019OMS, il est possible d\u2019ajouter que le probl\u00e8me de l&rsquo;exposition au tabagisme passif du personnel est par ailleurs hautement probl\u00e9matique, dans la mesure o\u00f9 il existe une obligation de s\u00e9curit\u00e9 de r\u00e9sultat de l&#8217;employeur.<\/p>\n<h2 style=\"text-align: justify;\"><strong>Promotion du sevrage, d\u00e9veloppement d\u2019activit\u00e9s sportives en prison : des pistes d\u2019am\u00e9lioration possibles<\/strong><\/h2>\n<p style=\"text-align: justify;\">Pour rem\u00e9dier \u00e0 cette in\u00e9galit\u00e9 sanitaire, l\u2019Organisation mondiale de la Sant\u00e9 recommande la pleine mise en \u0153uvre de la Convention-cadre de l\u2019OMS pour la lutte antitabac, une collaboration plus \u00e9troite avec les services p\u00e9nitentiaires et une meilleure prise en compte de l\u2019enjeu de la lutte contre le tabagisme de la part des autorit\u00e9s p\u00e9nitentiaires. Par ailleurs, l\u2019OMS pointe la n\u00e9cessit\u00e9 de soutenir les programmes de sevrage tabagique dans les prisons, et de davantage accompagner les d\u00e9tenus souhaitant cesser leur consommation de tabagique. Un des obstacles majeurs identifi\u00e9s \u00e0 la r\u00e9alisation de progr\u00e8s en la mati\u00e8re est qu\u2019une grande partie des fumeurs en prison expliquent leur consommation par le sentiment d\u2019ennui caus\u00e9 par la situation d\u2019emprisonnement. Une des solutions propos\u00e9es \u00e0 ce probl\u00e8me serait de d\u00e9velopper les activit\u00e9s physiques et sportives, am\u00e9liorant dans le m\u00eame temps la qualit\u00e9 de vie des d\u00e9tenus.<\/p>\n<p><span id=\"docid\">Cr\u00e9dit photo : <strong>\u00a9<\/strong>MARTIN BUREAU \/ POOL\/EPA\/MaxPPP<\/span><\/p>\n<p><strong>Mots-cl\u00e9s : Prison, tabagisme passif<br \/>\n<\/strong><\/p>\n<p><strong><a href=\"https:\/\/www.generationsanstabac.org\/\">\u00a9G\u00e9n\u00e9ration Sans Tabac<\/a><\/strong><\/p>\n<p style=\"text-align: right;\"><em><strong>FT<\/strong><\/em><\/p>\n<hr \/>\n<p style=\"text-align: justify;\"><a href=\"#_ftnref1\" name=\"_ftn1\">[1]<\/a> Organisation mondiale de la sant\u00e9, <a href=\"https:\/\/www.euro.who.int\/__data\/assets\/pdf_file\/0003\/536484\/tobacco-use-prisons-eng.pdf\">Tobacco use in prisons<\/a>, 2022, (consult\u00e9 le 11\/05\/2022)<\/p>\n<p><span style=\"color: #999999;\"><strong><a style=\"color: #999999;\" href=\"http:\/\/www.cnct.fr\/\" target=\"_blank\" rel=\"noopener noreferrer\">Comit\u00e9 national contre le tabagisme |<\/a><\/strong><\/span><\/p>\n","protected":false},"excerpt":{"rendered":"<p>L\u2019Organisation mondiale de la Sant\u00e9 (OMS) alerte sur la question du tabagisme dans les prisons europ\u00e9ennes, jug\u00e9e insuffisamment trait\u00e9e. Alors que les pays occidentaux observent une tendance g\u00e9n\u00e9rale \u00e0 une diminution de la consommation tabagique, aucun progr\u00e8s n\u2019est enregistr\u00e9 dans les prisons, constituant un enjeu de sant\u00e9 essentiel pour la population carc\u00e9rale et le personnel [&hellip;]<\/p>\n","protected":false},"featured_media":10998,"template":"","tags":[],"thematique":[474],"class_list":["post-20681","actualites","type-actualites","status-publish","has-post-thumbnail","hentry","thematique-sante"],"acf":[],"_links":{"self":[{"href":"https:\/\/www.generationsanstabac.org\/fr\/wp-json\/wp\/v2\/actualites\/20681","targetHints":{"allow":["GET"]}}],"collection":[{"href":"https:\/\/www.generationsanstabac.org\/fr\/wp-json\/wp\/v2\/actualites"}],"about":[{"href":"https:\/\/www.generationsanstabac.org\/fr\/wp-json\/wp\/v2\/types\/actualites"}],"version-history":[{"count":0,"href":"https:\/\/www.generationsanstabac.org\/fr\/wp-json\/wp\/v2\/actualites\/20681\/revisions"}],"wp:featuredmedia":[{"embeddable":true,"href":"https:\/\/www.generationsanstabac.org\/fr\/wp-json\/wp\/v2\/media\/10998"}],"wp:attachment":[{"href":"https:\/\/www.generationsanstabac.org\/fr\/wp-json\/wp\/v2\/media?parent=20681"}],"wp:term":[{"taxonomy":"post_tag","embeddable":true,"href":"https:\/\/www.generationsanstabac.org\/fr\/wp-json\/wp\/v2\/tags?post=20681"},{"taxonomy":"thematique","embeddable":true,"href":"https:\/\/www.generationsanstabac.org\/fr\/wp-json\/wp\/v2\/thematique?post=20681"}],"curies":[{"name":"wp","href":"https:\/\/api.w.org\/{rel}","templated":true}]}}