{"id":20678,"date":"2022-05-11T09:51:01","date_gmt":"2022-05-11T07:51:01","guid":{"rendered":"https:\/\/www.generationsanstabac.org\/actualites\/61-des-australiens-soutiennent-linterdiction-progressive-de-vente-au-detail-du-tabac\/"},"modified":"2022-05-11T09:51:01","modified_gmt":"2022-05-11T07:51:01","slug":"61-des-australiens-soutiennent-linterdiction-progressive-de-vente-au-detail-du-tabac","status":"publish","type":"actualites","link":"https:\/\/www.generationsanstabac.org\/fr\/actualites\/61-des-australiens-soutiennent-linterdiction-progressive-de-vente-au-detail-du-tabac\/","title":{"rendered":"61% des Australiens soutiennent l\u2019interdiction progressive de vente au d\u00e9tail du tabac"},"content":{"rendered":"<p style=\"text-align: justify;\"><em>Selon une \u00e9tude men\u00e9e en Australie, une large majorit\u00e9 des Australiens se d\u00e9clarent en faveur de mesures visant \u00e0 \u00e9liminer progressivement la vente au d\u00e9tail des produits du tabac. Ces r\u00e9sultats montrent qu\u2019une telle politique, autrefois impensable, est d\u00e9sormais envisageable, et ne rencontre l\u2019opposition que d\u2019une minorit\u00e9 de la population. <\/em><\/p>\n<p style=\"text-align: justify;\">Une \u00e9quipe de chercheurs a men\u00e9 une enqu\u00eate aupr\u00e8s d\u2019un panel de 1874 Australiens, repr\u00e9sentatif de la population nationale, afin d\u2019\u00e9valuer le soutien de cette derni\u00e8re dans l\u2019\u00e9liminiation progressive de la vente au d\u00e9tail de produits du tabac. Une telle mesure ne signifie pas une interdiction de possession ou de consommation de produits du tabac, et permettrait aux individus, s\u2019ils le souhaitent, de cultiver leurs propres plants de tabac, et m\u00eame d\u2019importer des quantit\u00e9s limit\u00e9es de tabac pour leur consommation personnelle, comme c\u2019est d\u00e9j\u00e0 le cas en Australie pour les produits du tabac sans fum\u00e9e<a href=\"#_ftn1\" name=\"_ftnref1\">[1]<\/a>. Cette \u00e9tude s&rsquo;inscrit dans le cadre d&rsquo;une diminution importante de la pr\u00e9valence tabagique dans le pays qui permet d&rsquo;envisager la sortie compl\u00e8te du tabac de la soci\u00e9t\u00e9 dans les prochaines d\u00e9cennies. <a href=\"#_ftn2\" name=\"_ftnref2\">[2]<\/a><\/p>\n<h2 style=\"text-align: justify;\"><strong>Un large soutien de la part des Australiens <\/strong><\/h2>\n<p style=\"text-align: justify;\">Plus de 61% des r\u00e9pondants ont estim\u00e9 que ce serait \u00ab une bonne chose \u00bb, s\u2019il arrivait un moment o\u00f9 il ne serait plus l\u00e9gal de vendre des produits du tabac fum\u00e9s dans les magasins, tandis que seuls 16,7% ont d\u00e9clar\u00e9 que la mise en place d\u2019une telle mesure serait une \u00ab mauvaise chose \u00bb. Le reste des r\u00e9pondants (21,23%) ont quant \u00e0 eux r\u00e9pondu que la fin de la vente au d\u00e9tail ne serait ni une mauvaise chose, ni une bonne chose. Le degr\u00e9 de soutien \u00e0 cette proposition varie consid\u00e9rablement en fonction du statut tabagique des individus : plus des deux-tiers des r\u00e9pondants n\u2019ayant jamais \u00e9t\u00e9 fumeurs ont pl\u00e9biscit\u00e9 cette mesure (67,2%), contre 62,3% des anciens fumeurs. Les personnes fumeuses au moment de l\u2019enqu\u00eate \u00e9taient quant \u00e0 elles 39,2% \u00e0 soutenir l\u2019\u00e9limination progressive.<\/p>\n<h2 style=\"text-align: justify;\"><strong>Une mesure pl\u00e9biscit\u00e9e pour les dix prochaines ann\u00e9es<\/strong><\/h2>\n<p style=\"text-align: justify;\">Plus d\u2019un tiers des sond\u00e9s ont indiqu\u00e9 que cette mesure d\u2019\u00e9limination progressive devrait \u00eatre mise en place dans les cinq ans, et 61,8% d\u2019entre eux consid\u00e8rent qu\u2019elle devrait \u00eatre effective dans les dix prochaines ann\u00e9es. L\u2019enqu\u00eate r\u00e9alis\u00e9e montre par ailleurs un net soutien en faveur de mesures provisoires pouvant \u00eatre mises en place dans le cadre de cette interdiction progressive. Ainsi, 76,3% des personnes interrog\u00e9es consid\u00e8rent que la vente de tabac doit \u00eatre restreinte aux endroits auxquels les enfants n\u2019ont pas acc\u00e8s, et 10% seulement \u00e9taient oppos\u00e9s \u00e0 une telle mesure. Par ailleurs, pr\u00e8s des deux-tiers des personnes de l\u2019enqu\u00eate ont soulign\u00e9 que les propri\u00e9taires des magasins devraient envisager de cesser de vendre des produits du tabac.<\/p>\n<p><strong>Mots-cl\u00e9s : Philip Morris, tabac chauff\u00e9, IQOS, RSE, monde sans fum\u00e9e<\/strong><\/p>\n<p>&nbsp;<\/p>\n<p><strong><a href=\"https:\/\/www.generationsanstabac.org\/\">\u00a9G\u00e9n\u00e9ration Sans Tabac<\/a><\/strong><\/p>\n<p style=\"text-align: right;\"><em><strong>FT<\/strong><\/em><\/p>\n<hr \/>\n<p style=\"text-align: justify;\"><a href=\"#_ftnref1\" name=\"_ftn1\">[1]<\/a> Brennan E, Ilchenko E, Scollo M, et al, Public support for policies to phase out the retail sale of cigarettes in Australia: results from a nationally representative survey, Tobacco Control Published Online First: 03 May, 2022. doi: 10.1136\/tobaccocontrol-2021-057122<\/p>\n<p><span style=\"color: #999999;\"><strong><a style=\"color: #999999;\" href=\"http:\/\/www.cnct.fr\/\" target=\"_blank\" rel=\"noopener noreferrer\">Comit\u00e9 national contre le tabagisme |<\/a><\/strong><\/span><\/p>\n","protected":false},"excerpt":{"rendered":"<p>Selon une \u00e9tude men\u00e9e en Australie, une large majorit\u00e9 des Australiens se d\u00e9clarent en faveur de mesures visant \u00e0 \u00e9liminer progressivement la vente au d\u00e9tail des produits du tabac. Ces r\u00e9sultats montrent qu\u2019une telle politique, autrefois impensable, est d\u00e9sormais envisageable, et ne rencontre l\u2019opposition que d\u2019une minorit\u00e9 de la population. Une \u00e9quipe de chercheurs a [&hellip;]<\/p>\n","protected":false},"featured_media":19854,"template":"","tags":[],"thematique":[491],"class_list":["post-20678","actualites","type-actualites","status-publish","has-post-thumbnail","hentry","thematique-politiques-publiques"],"acf":[],"_links":{"self":[{"href":"https:\/\/www.generationsanstabac.org\/fr\/wp-json\/wp\/v2\/actualites\/20678","targetHints":{"allow":["GET"]}}],"collection":[{"href":"https:\/\/www.generationsanstabac.org\/fr\/wp-json\/wp\/v2\/actualites"}],"about":[{"href":"https:\/\/www.generationsanstabac.org\/fr\/wp-json\/wp\/v2\/types\/actualites"}],"version-history":[{"count":0,"href":"https:\/\/www.generationsanstabac.org\/fr\/wp-json\/wp\/v2\/actualites\/20678\/revisions"}],"wp:featuredmedia":[{"embeddable":true,"href":"https:\/\/www.generationsanstabac.org\/fr\/wp-json\/wp\/v2\/media\/19854"}],"wp:attachment":[{"href":"https:\/\/www.generationsanstabac.org\/fr\/wp-json\/wp\/v2\/media?parent=20678"}],"wp:term":[{"taxonomy":"post_tag","embeddable":true,"href":"https:\/\/www.generationsanstabac.org\/fr\/wp-json\/wp\/v2\/tags?post=20678"},{"taxonomy":"thematique","embeddable":true,"href":"https:\/\/www.generationsanstabac.org\/fr\/wp-json\/wp\/v2\/thematique?post=20678"}],"curies":[{"name":"wp","href":"https:\/\/api.w.org\/{rel}","templated":true}]}}