{"id":20671,"date":"2022-05-03T10:03:40","date_gmt":"2022-05-03T08:03:40","guid":{"rendered":"https:\/\/www.generationsanstabac.org\/actualites\/la-finlande-en-avance-sur-ses-objectifs-renforce-son-arsenal-de-lutte-contre-le-tabagisme\/"},"modified":"2022-05-03T10:03:40","modified_gmt":"2022-05-03T08:03:40","slug":"la-finlande-en-avance-sur-ses-objectifs-renforce-son-arsenal-de-lutte-contre-le-tabagisme","status":"publish","type":"actualites","link":"https:\/\/www.generationsanstabac.org\/fr\/actualites\/la-finlande-en-avance-sur-ses-objectifs-renforce-son-arsenal-de-lutte-contre-le-tabagisme\/","title":{"rendered":"La Finlande, en avance sur ses objectifs, renforce son arsenal de lutte contre le tabagisme"},"content":{"rendered":"<p style=\"text-align: justify;\"><em>Dans un objectif de sant\u00e9 publique, une s\u00e9rie de mesures de lutte contre le tabagisme sont entr\u00e9es en vigueur en Finlande ce dimanche premier mai. La Finlande se distingue par son avance dans le cadre de la lutte contre le tabagisme, par l\u2019efficacit\u00e9 des politiques publiques entreprises en la mati\u00e8re, et par le vif soutien de la soci\u00e9t\u00e9 finlandaise \u00e0 ces objectifs de sant\u00e9. <\/em><\/p>\n<p style=\"text-align: justify;\">En 2010, la Finlande a \u00e9t\u00e9 le premier pays du monde \u00e0 poser un cadre r\u00e9glementaire dans un objectif d\u2019\u00e9radication du tabagisme. Dans ce cadre, le minist\u00e8re des Affaires sociales et de la Sant\u00e9 finlandais a publi\u00e9 un plan d\u2019action. Ce dernier comprend des mesures visant \u00e0 pr\u00e9venir l\u2019initiation tabagique, \u00e0 travers notamment des hausses de taxes sur le tabac, et \u00e0 promouvoir le sevrage tabagique, par exemple par le biais de la formation de professionnels de sant\u00e9. De la m\u00eame mani\u00e8re, la Finlande a multipli\u00e9 les espaces et les lieux sans tabac, avec le soutien de municipalit\u00e9s. En dix ans, la Finlande a ainsi enregistr\u00e9 une baisse de la consommation tabagique sup\u00e9rieure aux objectifs attendus, d\u00e9passant les projections pour 2040. Avec une pr\u00e9valence tabagique de 14% chez les hommes et de 11% chez les femmes en 2017-2018, les pouvoirs publics ont avanc\u00e9 l\u2019objectif \u00e0 2030, et inclus l\u2019\u00e9radication de la consommation de l\u2019ensemble des produits de la nicotine, tabac et produits du vapotage, \u00e0 cette date<a href=\"#_ftn1\" name=\"_ftnref1\">[1]<\/a>.<\/p>\n<h2 style=\"text-align: justify;\"><strong>La Finlande adopte le paquet neutre<\/strong><\/h2>\n<p style=\"text-align: justify;\">D\u00e9sormais, la loi sur le tabagisme en Finlande impose de retirer les images de marques et les logos de l\u2019ensemble des emballages des produits du tabac, pour l\u2019ensemble des conditionnements des produits du tabac et de la nicotine incluant autant les cigarettes \u00e9lectroniques que les flacons de recharge. L\u2019adoption du paquet neutre, visant \u00e0 emp\u00eacher l\u2019industrie du tabac et de la nicotine de faire de l\u2019emballage de ses produits un support marketing, s\u2019inscrit dans une logique de pr\u00e9vention et de d\u00e9normalisation du tabagisme. Les pouvoirs publics ont accord\u00e9 un d\u00e9lai d\u2019un an aux fabricants pour leur permettre de se conformer \u00e0 la nouvelle r\u00e9glementation<a href=\"#_ftn2\" name=\"_ftnref2\">[2]<\/a>.<\/p>\n<h2 style=\"text-align: justify;\"><strong>Un renforcement de l\u2019interdiction des ar\u00f4mes et une multiplication des espaces sans tabac<\/strong><\/h2>\n<p style=\"text-align: justify;\">Si les ar\u00f4mes caract\u00e9risants sont interdits \u00e0 la vente depuis plusieurs ann\u00e9es en Finlande, la nouvelle r\u00e9glementation interdit d\u00e9sormais la vente des produits annexes, pouvant \u00eatre ins\u00e9r\u00e9s dans les produits du tabac par le consommateur lui-m\u00eame. Cette nouvelle r\u00e9glementation devrait permettre de mettre un frein aux pratiques de contournements de la part de l\u2019industrie du tabac. <a href=\"https:\/\/www.generationsanstabac.org\/wp-content\/uploads\/2021\/05\/Pour-acceder-au-dossier-complet.pdf\">En France<\/a>, \u00e0 la suite de l\u2019interdiction de vente de cigarettes et de tabac \u00e0 rouler menthol\u00e9 en mai 2020, l\u2019industrie du tabac a d\u00e9velopp\u00e9 ces alternatives, \u00e0 l\u2019instar des cartes fra\u00eecheurs, fragilisant en partie l\u2019efficacit\u00e9 de cette mesure de sant\u00e9 publique. Par ailleurs, la Finlande renforce les dispositions concernant les interdictions de fumer : apr\u00e8s l\u2019interdiction de fumer dans les transports publics, dans les \u00e9coles, dans l\u2019ensemble des espaces int\u00e9rieurs publics, dans les restaurants, il est d\u00e9sormais \u00e9galement d\u00e9fendu de fumer sur les terrains de jeux et sur les plages publiques. Selon le minist\u00e8re des Affaires sociales et de la Sant\u00e9 finlandais, ces nouvelles dispositions s\u2019inscrivent autant dans un objectif de sant\u00e9 publique que de protection de l\u2019environnement.<\/p>\n<p><strong>Mots-cl\u00e9s : Finlande, Paquet Neutre, Ar\u00f4mes, Espaces sans tabac<br \/>\n<\/strong><\/p>\n<p><strong><a href=\"https:\/\/www.generationsanstabac.org\/\">\u00a9G\u00e9n\u00e9ration Sans Tabac<\/a><\/strong><\/p>\n<p style=\"text-align: right;\"><strong><em>FT<\/em><\/strong><\/p>\n<hr \/>\n<p style=\"text-align: justify;\"><a href=\"#_ftnref1\" name=\"_ftn1\">[1]<\/a> Timberlake DS, Laitinen U, Kinnunen JM, et al, Strategies and barriers to achieving the goal of Finland\u2019s tobacco endgame,Tobacco Control 2020;29:398-404.<\/p>\n<p style=\"text-align: justify;\"><a href=\"#_ftnref2\" name=\"_ftn2\">[2]<\/a> Business Standard, <a href=\"https:\/\/www.business-standard.com\/article\/international\/finland-new-anti-smoking-laws-aims-to-curb-tobacco-appeal-on-youth-122050200070_1.html\">Finland new anti-smoking laws aims to curb tobacco appeal on youth<\/a>, 02\/05\/2022, (consult\u00e9 le jour-m\u00eame)<\/p>\n<p><span style=\"color: #999999;\"><strong><a style=\"color: #999999;\" href=\"http:\/\/www.cnct.fr\/\" target=\"_blank\" rel=\"noopener noreferrer\">Comit\u00e9 national contre le tabagisme |<\/a><\/strong><\/span><\/p>\n","protected":false},"excerpt":{"rendered":"<p>Dans un objectif de sant\u00e9 publique, une s\u00e9rie de mesures de lutte contre le tabagisme sont entr\u00e9es en vigueur en Finlande ce dimanche premier mai. La Finlande se distingue par son avance dans le cadre de la lutte contre le tabagisme, par l\u2019efficacit\u00e9 des politiques publiques entreprises en la mati\u00e8re, et par le vif soutien [&hellip;]<\/p>\n","protected":false},"featured_media":10984,"template":"","tags":[],"thematique":[491],"class_list":["post-20671","actualites","type-actualites","status-publish","has-post-thumbnail","hentry","thematique-politiques-publiques"],"acf":[],"_links":{"self":[{"href":"https:\/\/www.generationsanstabac.org\/fr\/wp-json\/wp\/v2\/actualites\/20671","targetHints":{"allow":["GET"]}}],"collection":[{"href":"https:\/\/www.generationsanstabac.org\/fr\/wp-json\/wp\/v2\/actualites"}],"about":[{"href":"https:\/\/www.generationsanstabac.org\/fr\/wp-json\/wp\/v2\/types\/actualites"}],"version-history":[{"count":0,"href":"https:\/\/www.generationsanstabac.org\/fr\/wp-json\/wp\/v2\/actualites\/20671\/revisions"}],"wp:featuredmedia":[{"embeddable":true,"href":"https:\/\/www.generationsanstabac.org\/fr\/wp-json\/wp\/v2\/media\/10984"}],"wp:attachment":[{"href":"https:\/\/www.generationsanstabac.org\/fr\/wp-json\/wp\/v2\/media?parent=20671"}],"wp:term":[{"taxonomy":"post_tag","embeddable":true,"href":"https:\/\/www.generationsanstabac.org\/fr\/wp-json\/wp\/v2\/tags?post=20671"},{"taxonomy":"thematique","embeddable":true,"href":"https:\/\/www.generationsanstabac.org\/fr\/wp-json\/wp\/v2\/thematique?post=20671"}],"curies":[{"name":"wp","href":"https:\/\/api.w.org\/{rel}","templated":true}]}}