{"id":20670,"date":"2022-04-28T15:37:52","date_gmt":"2022-04-28T13:37:52","guid":{"rendered":"https:\/\/www.generationsanstabac.org\/actualites\/le-tabac-un-defi-pour-les-entreprises-et-les-etats\/"},"modified":"2022-04-28T15:37:52","modified_gmt":"2022-04-28T13:37:52","slug":"le-tabac-un-defi-pour-les-entreprises-et-les-etats","status":"publish","type":"actualites","link":"https:\/\/www.generationsanstabac.org\/fr\/actualites\/le-tabac-un-defi-pour-les-entreprises-et-les-etats\/","title":{"rendered":"Le tabac, un d\u00e9fi pour les entreprises et les \u00e9tats"},"content":{"rendered":"<p style=\"text-align: justify;\"><em>Le 28 avril est la Journ\u00e9e mondiale de la s\u00e9curit\u00e9 et de la sant\u00e9 au travail, centr\u00e9e sur la pr\u00e9vention des accidents du travail et des maladies professionnelles<a href=\"#_ftn1\" name=\"_ftnref1\">[1]<\/a>. Une occasion de faire le point sur les multiples incidences du tabagisme sur le travail et sur la sant\u00e9 des salari\u00e9s.<\/em><\/p>\n<p style=\"text-align: justify;\">Qu\u2019il s\u2019agisse de le cultiver ou de g\u00e9rer sa consommation sur le lieu de travail, le tabac est encore pr\u00e9sent sous de nombreuses formes en milieu professionnel. Une tribune publi\u00e9e dans China Daily permet un tour d\u2019horizon de ces questions, en Chine comme ailleurs<a href=\"#_ftn2\" name=\"_ftnref2\">[2]<\/a>.<\/p>\n<h2 style=\"text-align: justify;\"><strong>Exposition \u00e0 la fum\u00e9e de tabac sur le lieu de travail <\/strong><\/h2>\n<p style=\"text-align: justify;\">Par la fum\u00e9e secondaire qu\u2019il d\u00e9gage, le tabac nuit \u00e0 la qualit\u00e9 de l\u2019environnement de travail et porte atteinte aux conditions de travail. Si le d\u00e9cret de d\u00e9cembre 2006 prot\u00e8ge les salari\u00e9s de la fum\u00e9e du tabac en France<a href=\"#_ftn3\" name=\"_ftnref3\">[3]<\/a>, cette situation est loin d\u2019\u00eatre universelle, m\u00eame si elle s\u2019am\u00e9liore progressivement : seulement 3% de la population mondiale \u00e9tait prot\u00e9g\u00e9e par des l\u00e9gislations compl\u00e8tes d\u2019interdiction de fumer dans les lieux publics en 2007, alors qu\u2019ils sont aujourd\u2019hui 21%. Dans les entreprises priv\u00e9es, ces mesures de protection compl\u00e8tes concerneraient jusqu\u2019\u00e0 51% des lieux de travail, selon un rapport de la Convention-cadre pour la lutte antitabac (CCLAT)<a href=\"#_ftn4\" name=\"_ftnref4\">[4]<\/a>. Des mesures qui sont de plus en plus faciles \u00e0 respecter, \u00e0 mesure que la proportion de fumeurs se r\u00e9duit dans la population. A l\u2019\u00e9chelle mondiale, les fumeurs ne repr\u00e9senteraient que 18% de la population, avec de fortes variations selon les pays, ce qui reste donc une minorit\u00e9 de salari\u00e9s.<\/p>\n<p style=\"text-align: justify;\">Les l\u00e9gislations continuent par ailleurs d\u2019\u00e9voluer et prennent en compte les nouveaux produits de la nicotine : \u00e0 partir du 30 avril, il sera \u00e9galement interdit de vapoter sur les lieux de travail \u00e0 Hong Kong.<\/p>\n<h2 style=\"text-align: justify;\"><strong>Des atteintes \u00e0 la s\u00e9curit\u00e9 et \u00e0 la sant\u00e9 des salari\u00e9s <\/strong><\/h2>\n<p style=\"text-align: justify;\">Sur le plan de la s\u00e9curit\u00e9, les m\u00e9gots mal \u00e9teints restent l\u2019une des premi\u00e8res sources d\u2019incendie, ce qui touche toutes les entreprises mais plus encore celles confront\u00e9s aux risques industriels. L\u2019usage de tabac peut par ailleurs \u00eatre une source d\u2019accidents du travail qui peuvent affecter la conduite de machines ou de v\u00e9hicules, du fait des moments d\u2019inattention occasionn\u00e9s par l\u2019allumage, la consommation et l\u2019extinction des produits du tabac.<\/p>\n<p style=\"text-align: justify;\">La productivit\u00e9 des salari\u00e9s fumeurs est par ailleurs moins importante que celle des autres salari\u00e9s, du fait des nombreuses pauses et de la moindre concentration des fumeurs. Les pauses des fumeurs peuvent parfois occasionner des tensions au sein des \u00e9quipes de travail, ce qui alt\u00e8re l\u2019ambiance au travail. Les fumeurs connaissent aussi davantage d\u2019arr\u00eats de travail pour maladies et invalidit\u00e9s dus \u00e0 la consommation de tabac, qui affectent fortement les entreprises.<\/p>\n<h2 style=\"text-align: justify;\"><strong>Les dangers de la culture du tabac <\/strong><\/h2>\n<p style=\"text-align: justify;\">La culture du tabac est en elle-m\u00eame un secteur qui met en p\u00e9ril la sant\u00e9 de ses travailleurs. Les conditions de travail des exploitations de tabac exposent leur main d\u2019\u0153uvre \u00e0 de multiples risques : maladie du tabac vert (provoqu\u00e9e par l\u2019absorption de nicotine par la peau), substances chimiques agricoles, troubles de la l\u2019appareil respiratoire et p\u00e9nurie alimentaire.<\/p>\n<p style=\"text-align: justify;\">Sur ce dernier plan, malgr\u00e9 les discours et les incitations des industriels du tabac, de nombreux pays ont pu v\u00e9rifier que la culture du tabac n\u2019est que tr\u00e8s peu rentable, en particulier pour les petits producteurs. Elle accapare par ailleurs de vastes terrains qui pourraient \u00eatre d\u00e9di\u00e9s \u00e0 la production alimentaire. C\u2019est par exemple le cas de la Chine, qui poss\u00e8de les exploitations de tabac les plus \u00e9tendues mais est contrainte d\u2019importer une proportion importante de ses produits alimentaires. Les planteurs de tabac de la province de Yunnan ont ainsi pu enregistrer une augmentation de 110% de leurs gains en passant de la culture du tabac \u00e0 d\u2019autres cultures. La Chine, le Bengladesh, la Tanzanie et le Br\u00e9sil font partie des pays qui ont amorc\u00e9 la transition vers d\u2019autres cultures de sols jusqu\u2019ici d\u00e9di\u00e9s au tabac.<\/p>\n<h2 style=\"text-align: justify;\"><strong>Des atteintes aux droits humains, notamment pour les enfants<\/strong><\/h2>\n<p style=\"text-align: justify;\">Les plantations de tabac peuvent enfin se r\u00e9v\u00e9ler comme des lieux d\u2019atteintes aux droits humains, tout particuli\u00e8rement en Afrique subsaharienne. De nombreux travaux et enqu\u00eates ont r\u00e9v\u00e9l\u00e9 que ces exploitations recourent fr\u00e9quemment au travail des enfants, en contradiction avec la Convention relative aux droits des enfants<a href=\"#_ftn5\" name=\"_ftnref5\">[5]<\/a>. Par ailleurs, les conditions d\u2019exercice impos\u00e9es aux petits fermiers locaux et \u00e0 leurs enfants s\u2019apparentent parfois, par exemple au Malawi, \u00e0 du travail forc\u00e9<a href=\"#_ftn6\" name=\"_ftnref6\">[6]<\/a>.<\/p>\n<p style=\"text-align: justify;\">Quatre articles de la CCLAT peuvent \u00eatre mobilis\u00e9s pour am\u00e9liorer la situation des salari\u00e9s. Il s\u2019agit des articles 8, qui incite \u00e0 prot\u00e9ger la population contre la fum\u00e9e de tabac, 9, qui r\u00e8glement les produits du tabac, 17, qui encourage la transition des cultures du tabac vers d\u2019autres types de culture \u00e9conomiquement viables, et 18, qui invite les cultivateurs et les producteurs de tabac \u00e0 respecter . Le pr\u00e9ambule de la CCLAT fait aussi r\u00e9f\u00e9rence \u00e0 trois trait\u00e9s des droits humains (enfants, femmes et PIDESC) qui doivent \u00eatre pris en compte en milieu de travail.<\/p>\n<p style=\"text-align: justify;\"><strong>Mots-cl\u00e9s : travail, salari\u00e9s, entreprises, CCLAT, culture du tabac<\/strong><\/p>\n<p><strong><a href=\"https:\/\/www.generationsanstabac.org\/\">\u00a9G\u00e9n\u00e9ration Sans Tabac<\/a><\/strong><\/p>\n<p style=\"text-align: right;\"><strong><em>MF<\/em><\/strong><\/p>\n<hr \/>\n<p style=\"text-align: justify;\"><a href=\"#_ftnref1\" name=\"_ftn1\">[1]<\/a> <a href=\"Journ%C3%A9e%20mondiale%20de%20la%20s%C3%A9curit%C3%A9%20et%20de%20la%20sant%C3%A9%20au%20travail%2028%20avril\"><em>Journ\u00e9e mondiale de la s\u00e9curit\u00e9 et de la sant\u00e9 au travail &#8211; 28 avril<\/em><\/a>, Nations Unies, non dat\u00e9, consult\u00e9 le 28 avril 2022.<\/p>\n<p style=\"text-align: justify;\"><a href=\"#_ftnref2\" name=\"_ftn2\">[2]<\/a> Mc Kay J, <a href=\"https:\/\/www.chinadailyhk.com\/article\/a\/269229\"><em>Anti-smoking measures give reason to celebrate<\/em><\/a>, China Daily, publi\u00e9 le 27 avril 2021, consult\u00e9 le 28 avril 2022.<\/p>\n<p style=\"text-align: justify;\"><a href=\"#_ftnref3\" name=\"_ftn3\">[3]<\/a> Selon Sant\u00e9 Publique France, 16% des salari\u00e9s seraient tout de m\u00eame encore expos\u00e9 au tabagisme passif sur leur lieu de travail, cette proportion s\u2019\u00e9levant jusqu\u2019\u00e0 34% pour les ouvriers. <a href=\"https:\/\/www.santepubliquefrance.fr\/determinants-de-sante\/tabac\/documents\/rapport-synthese\/exposition-a-la-fumee-de-tabac-sur-le-lieu-de-travail-et-au-domicile-entre-2014-et-2018-resultats-du-barometre-de-sante-publique-france\"><em>Exposition \u00e0 la fum\u00e9e de tabac sur le lieu de travail et au domicile entre 2014 et 2018, R\u00e9sultats du barom\u00e8tre de Sant\u00e9 Publique France<\/em><\/a>, Sant\u00e9 Publique France, 2020.<\/p>\n<p style=\"text-align: justify;\"><a href=\"#_ftnref4\" name=\"_ftn4\">[4]<\/a> <em><a href=\"https:\/\/untobaccocontrol.org\/downloads\/fctc\/who-fctc-gpr\/WHO-FCTC-Global-Progress-Report.pdf\"><span style=\"font-style: normal !msorm;\">2021 global progress report on implementation of the WHO Framework Convention on Tobacco Control<\/span><\/a><\/em>, Gen\u00e8ve, World Health Organization, 2022.<\/p>\n<p style=\"text-align: justify;\"><a href=\"#_ftnref5\" name=\"_ftn5\">[5]<\/a> <a href=\"https:\/\/www.generationsanstabac.org\/article\/industrie-tabac-obstacle-elimination-travail-des-enfants\/\"><em>L\u2019industrie du tabac : un obstacle \u00e0 l\u2019\u00e9limination du travail des enfants<\/em><\/a><em>, <\/em>G\u00e9n\u00e9ration Sans Tabac, publi\u00e9 le 21 juin 2021, consult\u00e9 le 28 avril 2022.<\/p>\n<p style=\"text-align: justify;\"><a href=\"#_ftnref6\" name=\"_ftn6\">[6]<\/a> <a href=\"https:\/\/www.generationsanstabac.org\/actualites\/deux-geants-tabac-accuses-travail-force-cultivateurs-enfants-malawi\/\"><em>Deux g\u00e9ants du tabac accus\u00e9s de travail forc\u00e9 par des cultivateurs et des enfants du Malawi<\/em><\/a><em>, <\/em>G\u00e9n\u00e9ration Sans Tabac, publi\u00e9 le 20 mai 2021, consult\u00e9 le 28 avril 2022.<\/p>\n<p><span style=\"color: #999999;\"><strong><a style=\"color: #999999;\" href=\"http:\/\/www.cnct.fr\/\" target=\"_blank\" rel=\"noopener noreferrer\">Comit\u00e9 national contre le tabagisme |<\/a><\/strong><\/span><\/p>\n","protected":false},"excerpt":{"rendered":"<p>Le 28 avril est la Journ\u00e9e mondiale de la s\u00e9curit\u00e9 et de la sant\u00e9 au travail, centr\u00e9e sur la pr\u00e9vention des accidents du travail et des maladies professionnelles[1]. Une occasion de faire le point sur les multiples incidences du tabagisme sur le travail et sur la sant\u00e9 des salari\u00e9s. Qu\u2019il s\u2019agisse de le cultiver ou [&hellip;]<\/p>\n","protected":false},"featured_media":10982,"template":"","tags":[],"thematique":[474],"class_list":["post-20670","actualites","type-actualites","status-publish","has-post-thumbnail","hentry","thematique-sante"],"acf":[],"_links":{"self":[{"href":"https:\/\/www.generationsanstabac.org\/fr\/wp-json\/wp\/v2\/actualites\/20670","targetHints":{"allow":["GET"]}}],"collection":[{"href":"https:\/\/www.generationsanstabac.org\/fr\/wp-json\/wp\/v2\/actualites"}],"about":[{"href":"https:\/\/www.generationsanstabac.org\/fr\/wp-json\/wp\/v2\/types\/actualites"}],"version-history":[{"count":0,"href":"https:\/\/www.generationsanstabac.org\/fr\/wp-json\/wp\/v2\/actualites\/20670\/revisions"}],"wp:featuredmedia":[{"embeddable":true,"href":"https:\/\/www.generationsanstabac.org\/fr\/wp-json\/wp\/v2\/media\/10982"}],"wp:attachment":[{"href":"https:\/\/www.generationsanstabac.org\/fr\/wp-json\/wp\/v2\/media?parent=20670"}],"wp:term":[{"taxonomy":"post_tag","embeddable":true,"href":"https:\/\/www.generationsanstabac.org\/fr\/wp-json\/wp\/v2\/tags?post=20670"},{"taxonomy":"thematique","embeddable":true,"href":"https:\/\/www.generationsanstabac.org\/fr\/wp-json\/wp\/v2\/thematique?post=20670"}],"curies":[{"name":"wp","href":"https:\/\/api.w.org\/{rel}","templated":true}]}}