{"id":20669,"date":"2022-04-29T13:03:23","date_gmt":"2022-04-29T11:03:23","guid":{"rendered":"https:\/\/www.generationsanstabac.org\/actualites\/interdiction-de-vente-taxation-les-pistes-du-royaume-uni-pour-sortir-du-tabac\/"},"modified":"2022-04-29T13:03:23","modified_gmt":"2022-04-29T11:03:23","slug":"interdiction-de-vente-taxation-les-pistes-du-royaume-uni-pour-sortir-du-tabac","status":"publish","type":"actualites","link":"https:\/\/www.generationsanstabac.org\/fr\/actualites\/interdiction-de-vente-taxation-les-pistes-du-royaume-uni-pour-sortir-du-tabac\/","title":{"rendered":"Interdiction de vente, taxation : les pistes du Royaume-Uni pour sortir du tabac"},"content":{"rendered":"<p style=\"text-align: justify;\"><em>Le Royaume-Uni, dans la perspective d\u2019\u00e9radiquer l\u2019\u00e9pid\u00e9mie tabagique dans la prochaine d\u00e9cennie, examine un certain nombre de mesures visant \u00e0 r\u00e9duire la consommation de tabac. Entre autres, est notamment envisag\u00e9e la possibilit\u00e9 d\u2019augmenter sensiblement les taxes sur le chiffre d\u2019affaires de l\u2019industrie du tabac, celle de relever l\u2019\u00e2ge l\u00e9gal pour vendre des produits du tabac, ou encore celle de restreindre l\u2019acc\u00e8s aux nouveaux produits de la nicotine, comme les cigarettes \u00e9lectroniques. <\/em><\/p>\n<p style=\"text-align: justify;\">Une mission sur le tabagisme, mandat\u00e9e par le minist\u00e8re de la Sant\u00e9, a \u00e9t\u00e9 mise en place au Royaume-Uni afin de proc\u00e9der \u00e0 une \u00e9valuation de l\u2019objectif de parvenir \u00e0 sortir du tabagisme d\u2019ici 2030, c\u2019est-\u00e0-dire que moins de 5% de la population adulte dans le pays soit consommatrice de produits du tabac \u00e0 cette date.<\/p>\n<h2 style=\"text-align: justify;\"><strong>Faire supporter une partie des d\u00e9penses de sant\u00e9 par l\u2019industrie du tabac<\/strong><\/h2>\n<p style=\"text-align: justify;\">Sur la base du principe du pollueur-payeur, la mission sur le tabagisme, dirig\u00e9e par Javed Khan, ancien directeur g\u00e9n\u00e9ral de l\u2019ONG caritative Bernardo\u2019s, propose l\u2019adoption d\u2019une nouvelle taxe annuelle d\u2019environ 700 millions de livres sterling (830 millions d\u2019euros), bas\u00e9e sur le chiffre d\u2019affaires des fabricants de tabac. Javed Khan, pr\u00e9sent\u00e9 comme la \u00ab tsar antitabac du gouvernement \u00bb par The Telegraph, d\u00e9nie le caract\u00e8re radical d\u2019une telle proposition. Selon lui, ce nouvel imp\u00f4t permettrait surtout de faire supporter une partie du co\u00fbt sanitaire engendr\u00e9 par la consommation de tabac par l\u2019industrie elle-m\u00eame, plut\u00f4t que par les pouvoirs publics, et notamment la s\u00e9curit\u00e9 sociale.<\/p>\n<h2 style=\"text-align: justify;\"><strong>Interdiction de vente de tabac : deux sc\u00e9narios envisag\u00e9s<\/strong><\/h2>\n<p style=\"text-align: justify;\">D\u2019autres mesure compl\u00e9mentaires sont \u00e0 l\u2019\u00e9tude dans le cadre de cette mission sur le tabagisme. En particulier, la mission envisage la possibilit\u00e9 de relever l\u2019\u00e2ge minimum de vente de produits de tabac \u00e0 25 ans, contre 21 ans actuellement. En tant qu\u2019alternative \u00e0 cette mesure, Javed Khan a \u00e9galement annonc\u00e9 \u00e9tudier de pr\u00e8s l\u2019exemple N\u00e9o-Z\u00e9landais, et en particulier la mise en place d\u2019une interdiction progressive de vente de tabac. Ainsi, toute personne n\u00e9e \u00e0 partir de 2008 pourrait ne jamais pouvoir acheter de produits du tabac. Enfin, dans l\u2019objectif de limiter la consommation de cigarettes \u00e9lectroniques, celles-ci pourraient n\u2019\u00eatre d\u00e9livr\u00e9es qu\u2019apr\u00e8s l\u2019obtention d\u2019une ordonnance. Toutefois, la mission a soulign\u00e9 le manque de preuves scientifique sur les effets \u00e0 long terme de la consommation de cigarettes \u00e9lectroniques.<\/p>\n<h2 style=\"text-align: justify;\"><strong>Le co\u00fbt sanitaire et humain du tabac au Royaume-Uni<\/strong><\/h2>\n<p style=\"text-align: justify;\">Comme le mentionne Javed Khan, si la lutte contre le tabagisme a fait de grands progr\u00e8s au cours de ces deux derni\u00e8res d\u00e9cennies, la consommation de tabac demeure un enjeu sanitaire majeur pour le pays. En 2009, 22% des hommes et 20% des femmes \u00e9taient fumeurs quotidiens, contre respectivement 17% et 14% en 2019. Toutefois, le Royaume-Uni compte encore sept millions de fumeurs, tandis que les in\u00e9galit\u00e9s sociales face au tabagisme semblent persister. Dans certaines r\u00e9gions du pays, la pr\u00e9valence tabagique atteint 30% de la population adulte. Ainsi, le tabagisme est responsable de la mort pr\u00e9matur\u00e9e de 74 000 personnes dans la seule Angleterre, et de plus d\u2019un demi-million d\u2019admissions \u00e0 l\u2019h\u00f4pital pendant l\u2019ann\u00e9e 2019-2020, en pleine p\u00e9riode de Covid-19.<\/p>\n<p><strong>Mots-cl\u00e9s : Royaume-Uni, Mission<br \/>\n<\/strong><\/p>\n<p><strong><a href=\"https:\/\/www.generationsanstabac.org\/\">\u00a9G\u00e9n\u00e9ration Sans Tabac<\/a><\/strong><\/p>\n<p style=\"text-align: right;\"><strong><em>FT<\/em><\/strong><\/p>\n<hr \/>\n<p><span style=\"color: #999999;\"><strong><a style=\"color: #999999;\" href=\"http:\/\/www.cnct.fr\/\" target=\"_blank\" rel=\"noopener noreferrer\">Comit\u00e9 national contre le tabagisme |<\/a><\/strong><\/span><\/p>\n","protected":false},"excerpt":{"rendered":"<p>Le Royaume-Uni, dans la perspective d\u2019\u00e9radiquer l\u2019\u00e9pid\u00e9mie tabagique dans la prochaine d\u00e9cennie, examine un certain nombre de mesures visant \u00e0 r\u00e9duire la consommation de tabac. Entre autres, est notamment envisag\u00e9e la possibilit\u00e9 d\u2019augmenter sensiblement les taxes sur le chiffre d\u2019affaires de l\u2019industrie du tabac, celle de relever l\u2019\u00e2ge l\u00e9gal pour vendre des produits du tabac, [&hellip;]<\/p>\n","protected":false},"featured_media":10980,"template":"","tags":[],"thematique":[491],"class_list":["post-20669","actualites","type-actualites","status-publish","has-post-thumbnail","hentry","thematique-politiques-publiques"],"acf":[],"_links":{"self":[{"href":"https:\/\/www.generationsanstabac.org\/fr\/wp-json\/wp\/v2\/actualites\/20669","targetHints":{"allow":["GET"]}}],"collection":[{"href":"https:\/\/www.generationsanstabac.org\/fr\/wp-json\/wp\/v2\/actualites"}],"about":[{"href":"https:\/\/www.generationsanstabac.org\/fr\/wp-json\/wp\/v2\/types\/actualites"}],"version-history":[{"count":0,"href":"https:\/\/www.generationsanstabac.org\/fr\/wp-json\/wp\/v2\/actualites\/20669\/revisions"}],"wp:featuredmedia":[{"embeddable":true,"href":"https:\/\/www.generationsanstabac.org\/fr\/wp-json\/wp\/v2\/media\/10980"}],"wp:attachment":[{"href":"https:\/\/www.generationsanstabac.org\/fr\/wp-json\/wp\/v2\/media?parent=20669"}],"wp:term":[{"taxonomy":"post_tag","embeddable":true,"href":"https:\/\/www.generationsanstabac.org\/fr\/wp-json\/wp\/v2\/tags?post=20669"},{"taxonomy":"thematique","embeddable":true,"href":"https:\/\/www.generationsanstabac.org\/fr\/wp-json\/wp\/v2\/thematique?post=20669"}],"curies":[{"name":"wp","href":"https:\/\/api.w.org\/{rel}","templated":true}]}}