{"id":20663,"date":"2022-04-21T05:45:14","date_gmt":"2022-04-21T03:45:14","guid":{"rendered":"https:\/\/www.generationsanstabac.org\/actualites\/etude-des-modifications-biologiques-associes-au-tabagisme\/"},"modified":"2022-04-21T05:45:14","modified_gmt":"2022-04-21T03:45:14","slug":"etude-des-modifications-biologiques-associes-au-tabagisme","status":"publish","type":"actualites","link":"https:\/\/www.generationsanstabac.org\/fr\/actualites\/etude-des-modifications-biologiques-associes-au-tabagisme\/","title":{"rendered":"\u00c9tude : des modifications biologiques associ\u00e9s au tabagisme"},"content":{"rendered":"<p style=\"text-align: justify;\"><em>Le tabagisme conduit \u00e0 un vieillissement pr\u00e9matur\u00e9 des tissus et augmente les risques de d\u00e9velopper un cancer. Il provoque \u00e9galement une rigidit\u00e9 vasculaire, avec un \u00e9paississement de la paroi des vaisseaux sanguins, favorisant les maladies cardio-vasculaires. Si les cons\u00e9quences sanitaires de la consommation de tabac sont aujourd\u2019hui connues, les m\u00e9canismes \u00e0 l\u2019\u0153uvre ne sont pas toujours bien document\u00e9s. Des chercheurs se sont ainsi int\u00e9ress\u00e9s \u00e0 la recherche des biomarqueurs pr\u00e9sents dans le sang, qui pourraient aider \u00e0 pr\u00e9dire les r\u00e9percussions cliniques du tabagisme. <\/em><\/p>\n<p style=\"text-align: justify;\">Les auteurs de l\u2019\u00e9tude ont analys\u00e9 les donn\u00e9es d\u2019une cohorte de 1 006 familles nanc\u00e9ennes, compos\u00e9es d\u2019au moins deux enfants biologiques ne pr\u00e9sentant pas de maladie chronique au moment du recrutement en 1993. Les participants ont \u00e9t\u00e9 r\u00e9guli\u00e8rement examin\u00e9s, via des visites m\u00e9dicales, des analyses sanguines, urinaires, des \u00e9lectrocardiogrammes, ou des \u00e9chocardiographies. Les participants ont \u00e9t\u00e9 class\u00e9s selon leur statut tabagique : fumeur, non-fumeur ou ancien fumeur. Alors qu\u2019il appara\u00eet que le groupe des fumeurs est en moyenne plus jeune que celui des non-fumeurs et ex-fumeurs (36 ans contre respectivement 55 et 58 ans), les examens ont montr\u00e9 dans ce groupe des alt\u00e9rations habituellement attribu\u00e9es au vieillissement vasculaire (\u00e9paississement de l\u2019art\u00e8re carotide, rigidit\u00e9 des art\u00e8res)<a href=\"#_ftn1\" name=\"_ftnref1\">[1]<\/a>.<\/p>\n<h2 style=\"text-align: justify;\"><strong>Vingt prot\u00e9ines sanguines identifi\u00e9es<\/strong><\/h2>\n<p style=\"text-align: justify;\">Les r\u00e9sultats de l\u2019\u00e9tude ont permis d\u2019identifier vingt prot\u00e9ines sanguines associ\u00e9es \u00e0 ce vieillissement pr\u00e9matur\u00e9, dont la concentration sanguine chez les fumeurs actifs est diff\u00e9rente de celle observ\u00e9e chez les non-fumeurs. Certaines sont impliqu\u00e9es dans des processus pro-inflammatoires, dans des processus favorisant la mort cellulaire, ou encore dans l\u2019apparition d\u2019un cancer. Ces diff\u00e9rences observ\u00e9es entre fumeurs et non-fumeurs persistent, y compris apr\u00e8s la prise en compte de l\u2019ensemble des param\u00e8tres des participants (\u00e2ge, sexe, IMC, comorbidit\u00e9s, pression art\u00e9rielle, etc).<\/p>\n<h2 style=\"text-align: justify;\"><strong>Des modifications biologiques persistantes<\/strong><\/h2>\n<p style=\"text-align: justify;\">Les auteurs de l\u2019\u00e9tude notent par ailleurs avoir \u00e9galement constat\u00e9 des diff\u00e9rences entre les anciens fumeurs et les personnes n\u2019ayant jamais fum\u00e9. Ainsi, les anciens fumeurs pr\u00e9sentaient notamment plus fr\u00e9quemment une hypertension art\u00e9rielle et\/ou une dyslipid\u00e9mie (concentrations anormales de lipides dans le sang). Sur les vingt prot\u00e9ines identifi\u00e9es, onze d\u2019entre elles pr\u00e9sentaient une concentration sanguine modifi\u00e9e par rapport au groupe des non-fumeurs, dont six communes avec les fumeurs actifs. Malgr\u00e9 l\u2019anciennet\u00e9 de l\u2019arr\u00eat de la consommation (14 ans en moyenne), certaines modifications biologiques induites par le tabac persistent.<\/p>\n<h2 style=\"text-align: justify;\"><strong>Des \u00e9tudes compl\u00e9mentaires n\u00e9cessaires pour comprendre l\u2019\u00e9volution dans le temps des prot\u00e9ines<\/strong><\/h2>\n<p style=\"text-align: justify;\">A la suite de cette \u00e9tude, les chercheurs souhaitent conduire une analyse r\u00e9trospective pour analyser la trajectoire de ces biomarqueurs au cours du temps, et comprendre les dynamiques de chacun d\u2019entre eux, notamment depuis le d\u00e9but du tabagisme pour certains des participants. Selon les auteurs de l\u2019\u00e9tude, ces \u00e9l\u00e9ments pourraient permettre de d\u00e9velopper une approche pr\u00e9ventive de l\u2019inflammation du vieillissement pr\u00e9matur\u00e9 dus \u00e0 la consommation de tabac.<\/p>\n<p><strong>Mots-cl\u00e9s : Etude, prot\u00e9ines<br \/>\n<\/strong><\/p>\n<p><strong><a href=\"https:\/\/www.generationsanstabac.org\/\">\u00a9G\u00e9n\u00e9ration Sans Tabac<\/a><\/strong><\/p>\n<p style=\"text-align: right;\"><em><strong>FT<\/strong><\/em><\/p>\n<hr \/>\n<p style=\"text-align: justify;\"><a href=\"#_ftnref1\" name=\"_ftn1\">[1]<\/a> Inserm, <a href=\"https:\/\/www.inserm.fr\/actualite\/tabagisme-une-etude-decrypte-les-bouleversements-biologiques-associes\/\">Tabagisme : une \u00e9tude d\u00e9crypte les bouleversements biologiques associ\u00e9s<\/a>, 19\/04\/2022, (consult\u00e9 le 20\/04\/2022)<\/p>\n<p><span style=\"color: #999999;\"><strong><a style=\"color: #999999;\" href=\"http:\/\/www.cnct.fr\/\" target=\"_blank\" rel=\"noopener noreferrer\">Comit\u00e9 national contre le tabagisme |<\/a><\/strong><\/span><\/p>\n","protected":false},"excerpt":{"rendered":"<p>Le tabagisme conduit \u00e0 un vieillissement pr\u00e9matur\u00e9 des tissus et augmente les risques de d\u00e9velopper un cancer. Il provoque \u00e9galement une rigidit\u00e9 vasculaire, avec un \u00e9paississement de la paroi des vaisseaux sanguins, favorisant les maladies cardio-vasculaires. Si les cons\u00e9quences sanitaires de la consommation de tabac sont aujourd\u2019hui connues, les m\u00e9canismes \u00e0 l\u2019\u0153uvre ne sont pas [&hellip;]<\/p>\n","protected":false},"featured_media":10973,"template":"","tags":[],"thematique":[474],"class_list":["post-20663","actualites","type-actualites","status-publish","has-post-thumbnail","hentry","thematique-sante"],"acf":[],"_links":{"self":[{"href":"https:\/\/www.generationsanstabac.org\/fr\/wp-json\/wp\/v2\/actualites\/20663","targetHints":{"allow":["GET"]}}],"collection":[{"href":"https:\/\/www.generationsanstabac.org\/fr\/wp-json\/wp\/v2\/actualites"}],"about":[{"href":"https:\/\/www.generationsanstabac.org\/fr\/wp-json\/wp\/v2\/types\/actualites"}],"version-history":[{"count":0,"href":"https:\/\/www.generationsanstabac.org\/fr\/wp-json\/wp\/v2\/actualites\/20663\/revisions"}],"wp:featuredmedia":[{"embeddable":true,"href":"https:\/\/www.generationsanstabac.org\/fr\/wp-json\/wp\/v2\/media\/10973"}],"wp:attachment":[{"href":"https:\/\/www.generationsanstabac.org\/fr\/wp-json\/wp\/v2\/media?parent=20663"}],"wp:term":[{"taxonomy":"post_tag","embeddable":true,"href":"https:\/\/www.generationsanstabac.org\/fr\/wp-json\/wp\/v2\/tags?post=20663"},{"taxonomy":"thematique","embeddable":true,"href":"https:\/\/www.generationsanstabac.org\/fr\/wp-json\/wp\/v2\/thematique?post=20663"}],"curies":[{"name":"wp","href":"https:\/\/api.w.org\/{rel}","templated":true}]}}