{"id":20646,"date":"2022-04-05T12:00:14","date_gmt":"2022-04-05T10:00:14","guid":{"rendered":"https:\/\/www.generationsanstabac.org\/actualites\/espagne-interdit-de-fumer-sur-les-plages-et-terrasses\/"},"modified":"2022-04-05T12:00:14","modified_gmt":"2022-04-05T10:00:14","slug":"espagne-interdit-de-fumer-sur-les-plages-et-terrasses","status":"publish","type":"actualites","link":"https:\/\/www.generationsanstabac.org\/fr\/actualites\/espagne-interdit-de-fumer-sur-les-plages-et-terrasses\/","title":{"rendered":"L\u2019Espagne interdit de fumer sur les plages et terrasses"},"content":{"rendered":"<p style=\"text-align: justify;\"><em>Le minist\u00e8re espagnol de la Sant\u00e9 souhaite interdire de fumer sur les terrasses, mais aussi sur les plages, dans les stades et dans les voitures lorsqu\u2019un mineur ou une femme enceinte est \u00e0 bord. Ces dispositions sont inscrites dans le projet du <\/em><a href=\"https:\/\/doh.wa.gov\/sites\/default\/files\/legacy\/Documents\/Pubs\/340-131-TobaccoStrategicPlan-es.pdf\"><em>plan de lutte contre le tabagisme<\/em><\/a><em> pour la p\u00e9riode 2021-2025.  Ce plan a pour objectif d\u2019harmoniser nationalement des mesures, qui pour certaines sont d\u00e9j\u00e0 en vigueur localement<\/em><a href=\"#_ftn1\" name=\"_ftnref1\"><em>[1]<\/em><\/a><em>. <\/em><\/p>\n<p style=\"text-align: justify;\">La nouvelle loi, sur laquelle travaille le minist\u00e8re de la sant\u00e9, devrait entrer en vigueur fin 2023, et r\u00e9visera la loi de 2010 qui interdit de fumer \u00e0 l\u2019int\u00e9rieur des bars et restaurant. Une l\u00e9gislation peu respect\u00e9e car l\u2019am\u00e9nagement de terrasses ext\u00e9rieures ferm\u00e9es o\u00f9 les gens fument s\u2019\u00e9tait g\u00e9n\u00e9ralis\u00e9e. Avec ce nouveau texte, le gouvernement espagnol souhaite atteindre l\u2019objectif fix\u00e9 avec l\u2019Organisation mondiale de la sant\u00e9 (OMS) de r\u00e9duire de 30 % la pr\u00e9valence tabagique entre 2010 et 2025.<\/p>\n<h2 style=\"text-align: justify;\"><strong>Une interdiction de fumer en terrasse d\u00e9j\u00e0 implant\u00e9e localement<\/strong><\/h2>\n<p style=\"text-align: justify;\">Sept communaut\u00e9s autonomes d\u2019Espagne ont d\u00e9j\u00e0 adopt\u00e9 en 2020 la mesure \u00ab Terrazas sin Humo \u00bb (Terrasses sans fum\u00e9e)<a href=\"#_ftn2\" name=\"_ftnref2\">[2]<\/a> comme modalit\u00e9 pour limiter la propagation du virus COVID en interdisant de fumer des cigarettes traditionnelles et \u00e9lectroniques sur les terrasses ext\u00e9rieures des bars et restaurants si le respect d\u2019une distanciation de deux m\u00e8tres entre les individus n\u2019\u00e9tait pas garanti. Dans son nouveau plan, le gouvernement propose ainsi de g\u00e9n\u00e9raliser cet interdit \u00e0 tout le pays. Cette \u00e9volution de la r\u00e9glementation nationale inclurait \u00e9galement certains espaces de la sph\u00e8re priv\u00e9e tels que les v\u00e9hicules o\u00f9 il sera interdit de fumer en pr\u00e9sence d\u2019un mineur ou d\u2019une femme enceinte.<\/p>\n<h2 style=\"text-align: justify;\"><strong>Un ensemble de mesures fortes pour parvenir \u00e0 une g\u00e9n\u00e9ration sans tabac en Espagne<\/strong><\/h2>\n<p style=\"text-align: justify;\">Contrairement \u00e0 certains de ses voisins europ\u00e9ens comme la France, qui ont mis en place un arsenal de mesures pour lutter contre le tabagisme et parvenir \u00e0 une g\u00e9n\u00e9ration sans tabac dans les prochaines ann\u00e9es, l\u2019Espagne n\u2019a pas d\u00e9velopp\u00e9 de strat\u00e9gie claire et efficace depuis 2010. En 2020, plus de 32% de la population \u00e2g\u00e9e de 15 ans et plus consommaient quotidiennement du tabac et le tabagisme est \u00e0 l\u2019origine de plus de 51 000 d\u00e9c\u00e8s pr\u00e9matur\u00e9s dans le pays.<\/p>\n<p style=\"text-align: justify;\">Avec cette nouvelle loi, le gouvernement espagnol souhaite aussi introduire un emballage neutre pour les cigarettes manufactur\u00e9es, augmenter fortement les taxes sur le tabac et mettre en place une taxe sp\u00e9ciale pour les cigarettes \u00e9lectroniques.<\/p>\n<p style=\"text-align: justify;\">En mars 2022, certaines associations antitabac ont demand\u00e9 au minist\u00e8re de la Sant\u00e9 d&rsquo;interdire la vente de tabac aux personnes n\u00e9es depuis 2007, comme le pr\u00e9voit le Danemark<a href=\"#_ftn3\" name=\"_ftnref3\">[3]<\/a>, afin que les jeunes ne puissent pas acc\u00e9der l\u00e9galement aux produits du tabac ou aux cigarettes \u00e9lectroniques et parvenir ainsi \u00e0 une g\u00e9n\u00e9ration sans tabac.<\/p>\n<p style=\"text-align: justify;\"><strong>Mots cl\u00e9s : Espagne, Interdiction de fumer, terrasses, g\u00e9n\u00e9ration sans tabac<\/strong><\/p>\n<p><strong><a href=\"https:\/\/www.generationsanstabac.org\/\">\u00a9G\u00e9n\u00e9ration Sans Tabac<\/a><\/strong><\/p>\n<p style=\"text-align: right;\"><b><i>AE<\/i><\/b><\/p>\n<hr \/>\n<p style=\"text-align: justify;\"><a href=\"#_ftnref1\" name=\"_ftn1\">[1]<\/a> <a href=\"https:\/\/lepetitjournal.com\/valence\/actualites\/espagne-interdira-cigarettes-plage-terrasse-335069\">L\u2019Espagne interdira les cigarettes sur les plages et en terrasse<\/a>, Le Petit journal, 1er avril 2022, consult\u00e9 le 4 avril 2022<\/p>\n<p style=\"text-align: justify;\"><a href=\"#_ftnref2\" name=\"_ftn2\">[2]<\/a> G\u00e9n\u00e9ration sans tabac, <a href=\"https:\/\/www.generationsanstabac.org\/actualites\/region-espagnole-galice-interdit-fumer-rue-covid19\/\">La r\u00e9gion espagnole de Galice interdit de fumer dans la rue en raison du Covid19<\/a>, 13 ao\u00fbt 2020, consult\u00e9 le 4 avril 2022<\/p>\n<p style=\"text-align: justify;\"><a href=\"#_ftnref3\" name=\"_ftn3\">[3]<\/a> G\u00e9n\u00e9ration sans tabac, <a href=\"https:\/\/www.generationsanstabac.org\/actualites\/danemark-veut-interdire-vente-produits-nicotine-personne-nee-apres-2010\/\">Le Danemark veut interdire la vente de produits de nicotine \u00e0 toute personne n\u00e9e apr\u00e8s 2010<\/a>, 18 mars 2022, consult\u00e9 le 4 avril 2022<\/p>\n<p><span style=\"color: #999999;\"><strong><a style=\"color: #999999;\" href=\"http:\/\/www.cnct.fr\/\" target=\"_blank\" rel=\"noopener noreferrer\">Comit\u00e9 national contre le tabagisme |<\/a><\/strong><\/span><\/p>\n","protected":false},"excerpt":{"rendered":"<p>Le minist\u00e8re espagnol de la Sant\u00e9 souhaite interdire de fumer sur les terrasses, mais aussi sur les plages, dans les stades et dans les voitures lorsqu\u2019un mineur ou une femme enceinte est \u00e0 bord. Ces dispositions sont inscrites dans le projet du plan de lutte contre le tabagisme pour la p\u00e9riode 2021-2025. Ce plan a [&hellip;]<\/p>\n","protected":false},"featured_media":20150,"template":"","tags":[],"thematique":[491,474],"class_list":["post-20646","actualites","type-actualites","status-publish","has-post-thumbnail","hentry","thematique-politiques-publiques","thematique-sante"],"acf":[],"_links":{"self":[{"href":"https:\/\/www.generationsanstabac.org\/fr\/wp-json\/wp\/v2\/actualites\/20646","targetHints":{"allow":["GET"]}}],"collection":[{"href":"https:\/\/www.generationsanstabac.org\/fr\/wp-json\/wp\/v2\/actualites"}],"about":[{"href":"https:\/\/www.generationsanstabac.org\/fr\/wp-json\/wp\/v2\/types\/actualites"}],"version-history":[{"count":0,"href":"https:\/\/www.generationsanstabac.org\/fr\/wp-json\/wp\/v2\/actualites\/20646\/revisions"}],"wp:featuredmedia":[{"embeddable":true,"href":"https:\/\/www.generationsanstabac.org\/fr\/wp-json\/wp\/v2\/media\/20150"}],"wp:attachment":[{"href":"https:\/\/www.generationsanstabac.org\/fr\/wp-json\/wp\/v2\/media?parent=20646"}],"wp:term":[{"taxonomy":"post_tag","embeddable":true,"href":"https:\/\/www.generationsanstabac.org\/fr\/wp-json\/wp\/v2\/tags?post=20646"},{"taxonomy":"thematique","embeddable":true,"href":"https:\/\/www.generationsanstabac.org\/fr\/wp-json\/wp\/v2\/thematique?post=20646"}],"curies":[{"name":"wp","href":"https:\/\/api.w.org\/{rel}","templated":true}]}}