{"id":20634,"date":"2022-03-25T08:20:39","date_gmt":"2022-03-25T07:20:39","guid":{"rendered":"https:\/\/www.generationsanstabac.org\/actualites\/la-belgique-sengage-vers-une-generation-sans-tabac\/"},"modified":"2022-03-25T08:20:39","modified_gmt":"2022-03-25T07:20:39","slug":"la-belgique-sengage-vers-une-generation-sans-tabac","status":"publish","type":"actualites","link":"https:\/\/www.generationsanstabac.org\/fr\/actualites\/la-belgique-sengage-vers-une-generation-sans-tabac\/","title":{"rendered":"La Belgique s\u2019engage vers une g\u00e9n\u00e9ration sans tabac"},"content":{"rendered":"<p style=\"text-align: justify;\"><em>La conf\u00e9rence interminist\u00e9rielle (CIM) sant\u00e9, r\u00e9unie en R\u00e9union Th\u00e9matique Drogues (RTD), a approuv\u00e9 le mercredi 23 mars 2022 une approche interf\u00e9d\u00e9rale pour lutter contre certaines addictions, notamment le tabac<a href=\"#_ftn1\" name=\"_ftnref1\"><strong>[1]<\/strong><\/a>. Au travers de la strat\u00e9gie interf\u00e9d\u00e9rale 2022-2028, les ministres f\u00e9d\u00e9raux, r\u00e9gionaux et communautaires s&rsquo;engagent \u00e0 parvenir \u00e0 une premi\u00e8re g\u00e9n\u00e9ration sans tabac en Belgique d\u2019ici \u00e0 2040. <\/em><\/p>\n<p style=\"text-align: justify;\">Selon les derni\u00e8res donn\u00e9es de consommation, en 2018, 19% de la population \u00e2g\u00e9e de 15 ans et plus \u00e9tait <a href=\"https:\/\/www.belgiqueenbonnesante.be\/fr\/etat-de-sante\/determinants-de-sante\/consommation-de-tabac#def-current-smokers\">fumeuse<\/a> en Belgique. L\u2019\u00e9volution au cours des derni\u00e8res d\u00e9cennies est positive puisque le nombre de fumeurs \u00e9tait de 25,5 % en 1997 et de 20,5 % en 2008. Cette tendance \u00e0 la baisse est \u00e9galement observ\u00e9e chez les jeunes puisque 15% des 15\/24 ans sont fumeurs en 2018, (11% sont fumeurs quotidiens) contre 22% en 2013 (17% fumaient alors quotidiennement).<\/p>\n<h2 style=\"text-align: justify;\"><strong>Un ensemble coh\u00e9rent et compl\u00e9mentaire de mesures s\u2019appuyant sur la CCLAT<\/strong><\/h2>\n<p style=\"text-align: justify;\">Le gouvernement souhaite, \u00e0 l\u2019horizon 2028, diminuer la consommation quotidienne de produits du tabac \u00e0 10% de la population g\u00e9n\u00e9rale et 6% dans la tranche d&rsquo;\u00e2ge des 15-24 ans. Cette strat\u00e9gie interf\u00e9d\u00e9rale n\u00e9cessite \u00e0 long terme un financement durable et s\u00e9curis\u00e9. Elle requiert aussi un ensemble coh\u00e9rent et compl\u00e9mentaire de mesures, s\u2019appuyant sur la Convention-Cadre de l\u2019OMS pour la lutte antitabac, concernant \u00e0 la fois l\u2019offre et la demande de tabac pour atteindre l\u2019objectif d\u2019une g\u00e9n\u00e9ration sans tabac.<\/p>\n<p style=\"text-align: justify;\">Cette nouvelle strat\u00e9gie se veut compl\u00e9mentaire aux initiatives et strat\u00e9gies politiques existantes d\u00e9j\u00e0 mises en \u0153uvre par les diff\u00e9rents gouvernements dans le domaine. Les dispositions \u00e0 venir pr\u00e9voient :<\/p>\n<ul style=\"text-align: justify;\">\n<li>La suppression de l\u2019interf\u00e9rence de l\u2019industrie du tabac dans la d\u00e9finition et la mise en \u0153uvre des politiques de sant\u00e9 publique ;<\/li>\n<li>L\u2019augmentation significative du niveau g\u00e9n\u00e9ral des prix ainsi que suppression de l\u2019\u00e9cart des prix entre les diff\u00e9rents types de produits de tabac \u00e0 travers une politique fiscale forte ;<\/li>\n<li>L\u2019am\u00e9lioration des dispositions r\u00e9glementant la composition des produits de tabac ;<\/li>\n<li>La r\u00e9duction du nombre de points de vente de produits de tabac et la suppression des lin\u00e9aires pr\u00e9sentant les paquets de produit de tabac aux points de vente, encore appel\u00e9 \u00ab vente sous le comptoir \u00bb ;<\/li>\n<li>L\u2019interdiction de la vente par des automates et le renforcement du contr\u00f4le de la vente de produits de tabac par internet ;<\/li>\n<li>L\u2019am\u00e9lioration de l\u2019aide au sevrage via une offre pluridisciplinaire et en renfor\u00e7ant le remboursement des traitements de la prise en charge du sevrage tabagique ;<\/li>\n<li>La mise en \u0153uvre d\u2019un syst\u00e8me de tra\u00e7abilit\u00e9 pour tous les produits \u00e0 base de tabac ;<\/li>\n<li>La mise en \u0153uvre d\u2019un m\u00e9canisme de financement durable des activit\u00e9s antitabac ;<\/li>\n<li>R\u00e9duction des cons\u00e9quences environnementales n\u00e9fastes de la consommation de produits de tabac.<\/li>\n<\/ul>\n<h2 style=\"text-align: justify;\"><strong>Le fabricant Philip Morris souhaite int\u00e9grer la table des discussions<\/strong><\/h2>\n<p style=\"text-align: justify;\">Quelques heures apr\u00e8s la diffusion de cette strat\u00e9gie gouvernementale, le fabricant Philip Morris a diffus\u00e9 un communiqu\u00e9<a href=\"#_ftn2\" name=\"_ftnref2\">[2]<\/a> demandant que la strat\u00e9gie interf\u00e9d\u00e9rale tabac 2022-2028 prenne en compte les alternatives moins nocives qui existent selon lui aujourd&rsquo;hui, comme le tabac chauff\u00e9 et les produits du vapotage.  Cette d\u00e9marche s\u2019inscrit dans le cadre d\u2019une strat\u00e9gie de restauration de l\u2019image du fabricant aupr\u00e8s des d\u00e9cideurs publics dans l\u2019espoir de r\u00e9int\u00e9grer la table des discussions. Les fabricants de tabac se pr\u00e9sentent d\u00e9sormais comme des acteurs engag\u00e9s en faveur de la sant\u00e9. Ils se pr\u00e9sentent ainsi comme des interlocuteurs pour les nouvelles r\u00e9glementations envisag\u00e9es, notamment celles concernant les nouveaux produits du tabac. Cette strat\u00e9gie de communication permet en outre \u00e0 PMI d\u2019assurer la promotion de ses produits en les pr\u00e9sentant comme des alternatives plus s\u00fbres. Cette communication va \u00e0 l\u2019encontre des dispositions de la <a href=\"https:\/\/www.who.int\/fctc\/text_download\/fr\/\">Convention-Cadre de l\u2019OMS<\/a>, qui interdit formellement toute forme de publicit\u00e9 directe ou indirecte en faveur des produits du tabac, laissant notamment entendre que des produits seraient plus sains que d\u2019autres.<\/p>\n<p style=\"text-align: justify;\"><strong>Mots cl\u00e9s : Belgique, g\u00e9n\u00e9ration sans tabac, CCLAT, antitabac, Philip Morris, ing\u00e9rence<\/strong><\/p>\n<p style=\"text-align: justify;\"><strong><a href=\"https:\/\/www.generationsanstabac.org\/\">\u00a9G\u00e9n\u00e9ration Sans Tabac<\/a><\/strong><\/p>\n<p style=\"text-align: right;\"><b><i>AE<\/i><\/b><\/p>\n<hr \/>\n<p><a href=\"#_ftnref1\" name=\"_ftn1\">[1]<\/a> Minist\u00e8re de la sant\u00e9 belge, <a href=\"https:\/\/organesdeconcertation.sante.belgique.be\/sites\/default\/files\/documents\/20220323_strategie_interfederale_tabac_note_de_base_fr.pdf\">Projet de strat\u00e9gie interf\u00e9d\u00e9rale 2022-2028 pour une g\u00e9n\u00e9ration sans tabac<\/a>, Cellule g\u00e9n\u00e9ration de Politique Drogues &#8211; coordination permanante, 23 mars 2022, consult\u00e9 le 24 mars 2022<\/p>\n<p><a href=\"#_ftnref2\" name=\"_ftn2\">[2]<\/a> Agence Belga, <a href=\"https:\/\/www.rtl.be\/info\/belgique\/economie\/philip-morris-demande-aux-autorites-de-prendre-en-compte-les-alternatives-a-la-cigarette-1365528.aspx\">Philip Morris demande aux autorit\u00e9s de prendre en compte les alternatives \u00e0 la cigarette<\/a>, RTL Info, 23 mars 2022, consult\u00e9 le 24 mars 2022<\/p>\n<p><span style=\"color: #999999;\"><strong><a style=\"color: #999999;\" href=\"http:\/\/www.cnct.fr\/\" target=\"_blank\" rel=\"noopener noreferrer\">Comit\u00e9 National Contre le Tabagisme |<\/a><\/strong><\/span><\/p>\n","protected":false},"excerpt":{"rendered":"<p>La conf\u00e9rence interminist\u00e9rielle (CIM) sant\u00e9, r\u00e9unie en R\u00e9union Th\u00e9matique Drogues (RTD), a approuv\u00e9 le mercredi 23 mars 2022 une approche interf\u00e9d\u00e9rale pour lutter contre certaines addictions, notamment le tabac[1]. Au travers de la strat\u00e9gie interf\u00e9d\u00e9rale 2022-2028, les ministres f\u00e9d\u00e9raux, r\u00e9gionaux et communautaires s&rsquo;engagent \u00e0 parvenir \u00e0 une premi\u00e8re g\u00e9n\u00e9ration sans tabac en Belgique d\u2019ici \u00e0 [&hellip;]<\/p>\n","protected":false},"featured_media":10926,"template":"","tags":[],"thematique":[491,474],"class_list":["post-20634","actualites","type-actualites","status-publish","has-post-thumbnail","hentry","thematique-politiques-publiques","thematique-sante"],"acf":[],"_links":{"self":[{"href":"https:\/\/www.generationsanstabac.org\/fr\/wp-json\/wp\/v2\/actualites\/20634","targetHints":{"allow":["GET"]}}],"collection":[{"href":"https:\/\/www.generationsanstabac.org\/fr\/wp-json\/wp\/v2\/actualites"}],"about":[{"href":"https:\/\/www.generationsanstabac.org\/fr\/wp-json\/wp\/v2\/types\/actualites"}],"version-history":[{"count":0,"href":"https:\/\/www.generationsanstabac.org\/fr\/wp-json\/wp\/v2\/actualites\/20634\/revisions"}],"wp:featuredmedia":[{"embeddable":true,"href":"https:\/\/www.generationsanstabac.org\/fr\/wp-json\/wp\/v2\/media\/10926"}],"wp:attachment":[{"href":"https:\/\/www.generationsanstabac.org\/fr\/wp-json\/wp\/v2\/media?parent=20634"}],"wp:term":[{"taxonomy":"post_tag","embeddable":true,"href":"https:\/\/www.generationsanstabac.org\/fr\/wp-json\/wp\/v2\/tags?post=20634"},{"taxonomy":"thematique","embeddable":true,"href":"https:\/\/www.generationsanstabac.org\/fr\/wp-json\/wp\/v2\/thematique?post=20634"}],"curies":[{"name":"wp","href":"https:\/\/api.w.org\/{rel}","templated":true}]}}