{"id":20624,"date":"2022-03-18T09:00:20","date_gmt":"2022-03-18T08:00:20","guid":{"rendered":"https:\/\/www.generationsanstabac.org\/actualites\/danemark-veut-interdire-vente-produits-nicotine-personne-nee-apres-2010\/"},"modified":"2022-03-18T09:00:20","modified_gmt":"2022-03-18T08:00:20","slug":"danemark-veut-interdire-vente-produits-nicotine-personne-nee-apres-2010","status":"publish","type":"actualites","link":"https:\/\/www.generationsanstabac.org\/fr\/actualites\/danemark-veut-interdire-vente-produits-nicotine-personne-nee-apres-2010\/","title":{"rendered":"Le Danemark veut interdire la vente de produits de nicotine \u00e0 toute personne n\u00e9e apr\u00e8s 2010"},"content":{"rendered":"<p style=\"text-align: justify;\"><em>Le Danemark a d\u00e9voil\u00e9 des plans pour garantir que les g\u00e9n\u00e9rations futures soient sans tabac et sans nicotine en envisageant d&rsquo;interdire la vente de cigarettes et d&rsquo;autres produits \u00e0 base de nicotine \u00e0 toute personne n\u00e9e apr\u00e8s 2010. Le pays est d\u00e9termin\u00e9 \u00e0 atteindre son objectif d\u2019une g\u00e9n\u00e9ration sans tabac d\u2019ici 2030. <\/em><\/p>\n<p style=\"text-align: justify;\">Cette d\u00e9cision vise \u00e0 emp\u00eacher la prochaine g\u00e9n\u00e9ration de Danois de consommer toute forme de nicotine a d\u00e9clar\u00e9 le ministre de la Sant\u00e9 Magnus Heunicke<a href=\"#_ftn1\" name=\"_ftnref1\">[1]<\/a>. Selon une enqu\u00eate commandit\u00e9e par l&rsquo;Association danoise contre le cancer, 64% des personnes interrog\u00e9es sont favorables au projet d&rsquo;interdire la vente de cigarettes et autres produits de la nicotine aux personnes n\u00e9es apr\u00e8s 2010.<\/p>\n<h2 style=\"text-align: justify;\"><strong>Une pr\u00e9valence tabagique qui reste \u00e9lev\u00e9e chez les jeunes<\/strong><\/h2>\n<p style=\"text-align: justify;\">Au Danemark, la pr\u00e9valence du tabagisme a r\u00e9guli\u00e8rement diminu\u00e9 pendant de nombreuses d\u00e9cennies, mais stagne depuis plusieurs ann\u00e9es \u00e0 un taux de tabagisme quotidien de 17 %. De plus, la pr\u00e9valence du tabagisme chez les adolescents et jeunes adultes, qui reste tr\u00e8s \u00e9lev\u00e9e, a augment\u00e9, passant de 31,8% en 2010 \u00e0 33,2% en 2017<a href=\"#_ftn2\" name=\"_ftnref2\">[2]<\/a>.<\/p>\n<p style=\"text-align: justify;\">En cons\u00e9quence, le tabagisme est la principale cause de cancers dans ce pays de 5,6 millions d\u2019habitants et est responsable de 13 600 d\u00e9c\u00e8s par an.<\/p>\n<h2 style=\"text-align: justify;\"><strong>Une s\u00e9rie de mesures efficaces pour lutter contre le tabagisme au Danemark<\/strong><\/h2>\n<p style=\"text-align: justify;\">Entre 2015 et 2019, le Danemark avait annonc\u00e9 l\u2019objectif ambitieux de parvenir \u00e0 une g\u00e9n\u00e9ration sans tabac d\u2019ici 2030. Cependant, malgr\u00e9 la pr\u00e9valence tabagique \u00e9lev\u00e9e dans le pays, le gouvernement danois n\u2019a pas adopt\u00e9 de nouvelles dispositions en ce sens. En 2019, le nouveau gouvernement social-d\u00e9mocrate a soutenu une taxation plus \u00e9lev\u00e9e des produits du tabac et un nouveau plan de lutte contre le tabagisme.<\/p>\n<p style=\"text-align: justify;\">Fin 2020, le Danemark a adopt\u00e9 une des r\u00e9glementations les plus strictes au monde pour les produits du vapotage<a href=\"#_ftn3\" name=\"_ftnref3\">[3]<\/a>. Les flacons de e-liquides auront un emballage neutre \u00e0 partir d\u2019avril 2022 (comme les cigarettes manufactur\u00e9es et le tabac \u00e0 rouler), et seront aussi davantage tax\u00e9es. Le gouvernement veut aussi une interdiction des ar\u00f4mes autres que la saveur tabac et le menthol pour les produits du  vapotage et une interdiction compl\u00e8te de la publicit\u00e9 pour tous ces produits. Cette interdiction inclut l\u2019interdiction des \u00e9tals des produits qui ne pourront plus \u00eatre expos\u00e9s \u00e0 la vue du public sur les lieux de vente, \u00e0 compter du 1er avril 2022. Sur les sites marchands, il est d\u00e9j\u00e0 interdit de faire des promotions pour les produits du vapotage. La seule possibilit\u00e9 pour les vente en ligne se fait sous la forme d\u2019une liste, sans photos ni graphiques.<\/p>\n<p style=\"text-align: justify;\">Le Danemark est le troisi\u00e8me pays \u00e0 proposer l\u2019interdiction de vente de tabac aux futures g\u00e9n\u00e9ration, apr\u00e8s la Nouvelle-Z\u00e9lande<a href=\"#_ftn4\" name=\"_ftnref4\">[4]<\/a> en d\u00e9cembre 2021 et la Malaisie<a href=\"#_ftn5\" name=\"_ftnref5\">[5]<\/a> en f\u00e9vrier 2022. Il est cependant le premier \u00e0 vouloir inclure l\u2019ensemble des produits de la nicotine dans le champ de l\u2019interdiction de vente.<\/p>\n<p style=\"text-align: justify;\"><strong>Mots cl\u00e9s : Danemark, G\u00e9n\u00e9ration sans tabac, endgame, tabac, nicotine<\/strong><\/p>\n<p style=\"text-align: justify;\"><strong><a href=\"https:\/\/www.generationsanstabac.org\/\">\u00a9G\u00e9n\u00e9ration Sans Tabac<\/a><\/strong><\/p>\n<p style=\"text-align: right;\"><b><i>AE<\/i><\/b><\/p>\n<hr \/>\n<p style=\"text-align: justify;\"><a href=\"#_ftnref1\" name=\"_ftn1\">[1]<\/a> <a href=\"https:\/\/www.euronews.com\/2022\/03\/15\/denmark-proposes-ban-on-selling-cigarettes-to-people-born-after-2010\">Denmark proposes ban on selling cigarettes to people born after 2010<\/a>, Euronews, 15 mars 2022, consult\u00e9 le 22 mars 2022<\/p>\n<p style=\"text-align: justify;\"><a href=\"#_ftnref2\" name=\"_ftn2\">[2]<\/a> Buhelt LP, Pisinger C, Andreasen AH. Smoking and stress in the general population in Denmark. Tobacco Prevention &amp; Cessation. 2021;7(April):27. doi:10.18332\/tpc\/132712.<\/p>\n<p style=\"text-align: justify;\"><a href=\"#_ftnref3\" name=\"_ftn3\">[3]<\/a> G\u00e9n\u00e9ration sans tabac, <a href=\"https:\/\/www.generationsanstabac.org\/actualites\/danemark-adoption-paquet-neutre-certains-produits-tabac-vapotage\/\">Danemark : adoption du paquet neutre pour certains produits du tabac et du vapotage<\/a>, 6 juillet 2021, consult\u00e9 le 17 mars 2022<\/p>\n<p style=\"text-align: justify;\"><a href=\"#_ftnref4\" name=\"_ftn4\">[4]<\/a> G\u00e9n\u00e9ration sans tabac, <a href=\"https:\/\/www.generationsanstabac.org\/actualites\/la-nouvelle-zelande-va-interdire-le-tabac-aux-futures-generations\/\">La Nouvelle-Z\u00e9lande va interdire le tabac aux futures g\u00e9n\u00e9rations<\/a>, 15 d\u00e9cembre 2021, consult\u00e9 le 17 mars 2022<\/p>\n<p style=\"text-align: justify;\"><a href=\"#_ftnref5\" name=\"_ftn5\">[5]<\/a> G\u00e9n\u00e9ration sans tabac, <a href=\"https:\/\/www.generationsanstabac.org\/actualites\/malaisie-interdit-vente-tabac-personne-nee-apres-2005\/\">La Malaisie interdit la vente de tabac \u00e0 toute personne n\u00e9e apr\u00e8s 2005<\/a>, 18 f\u00e9vrier 2022, consult\u00e9 le 17 mars 2022<\/p>\n<p><span style=\"color: #999999;\"><strong><a style=\"color: #999999;\" href=\"http:\/\/www.cnct.fr\/\" target=\"_blank\" rel=\"noopener noreferrer\">Comit\u00e9 National Contre le Tabagisme |<\/a><\/strong><\/span><\/p>\n","protected":false},"excerpt":{"rendered":"<p>Le Danemark a d\u00e9voil\u00e9 des plans pour garantir que les g\u00e9n\u00e9rations futures soient sans tabac et sans nicotine en envisageant d&rsquo;interdire la vente de cigarettes et d&rsquo;autres produits \u00e0 base de nicotine \u00e0 toute personne n\u00e9e apr\u00e8s 2010. Le pays est d\u00e9termin\u00e9 \u00e0 atteindre son objectif d\u2019une g\u00e9n\u00e9ration sans tabac d\u2019ici 2030. Cette d\u00e9cision vise [&hellip;]<\/p>\n","protected":false},"featured_media":10909,"template":"","tags":[],"thematique":[491],"class_list":["post-20624","actualites","type-actualites","status-publish","has-post-thumbnail","hentry","thematique-politiques-publiques"],"acf":[],"_links":{"self":[{"href":"https:\/\/www.generationsanstabac.org\/fr\/wp-json\/wp\/v2\/actualites\/20624","targetHints":{"allow":["GET"]}}],"collection":[{"href":"https:\/\/www.generationsanstabac.org\/fr\/wp-json\/wp\/v2\/actualites"}],"about":[{"href":"https:\/\/www.generationsanstabac.org\/fr\/wp-json\/wp\/v2\/types\/actualites"}],"version-history":[{"count":0,"href":"https:\/\/www.generationsanstabac.org\/fr\/wp-json\/wp\/v2\/actualites\/20624\/revisions"}],"wp:featuredmedia":[{"embeddable":true,"href":"https:\/\/www.generationsanstabac.org\/fr\/wp-json\/wp\/v2\/media\/10909"}],"wp:attachment":[{"href":"https:\/\/www.generationsanstabac.org\/fr\/wp-json\/wp\/v2\/media?parent=20624"}],"wp:term":[{"taxonomy":"post_tag","embeddable":true,"href":"https:\/\/www.generationsanstabac.org\/fr\/wp-json\/wp\/v2\/tags?post=20624"},{"taxonomy":"thematique","embeddable":true,"href":"https:\/\/www.generationsanstabac.org\/fr\/wp-json\/wp\/v2\/thematique?post=20624"}],"curies":[{"name":"wp","href":"https:\/\/api.w.org\/{rel}","templated":true}]}}