{"id":20622,"date":"2022-03-17T08:50:38","date_gmt":"2022-03-17T07:50:38","guid":{"rendered":"https:\/\/www.generationsanstabac.org\/actualites\/etats-unis-une-consommation-de-produits-du-tabac-et-de-la-nicotine-motivee-par-les-aromes-chez-les-jeunes\/"},"modified":"2022-03-17T08:50:38","modified_gmt":"2022-03-17T07:50:38","slug":"etats-unis-une-consommation-de-produits-du-tabac-et-de-la-nicotine-motivee-par-les-aromes-chez-les-jeunes","status":"publish","type":"actualites","link":"https:\/\/www.generationsanstabac.org\/fr\/actualites\/etats-unis-une-consommation-de-produits-du-tabac-et-de-la-nicotine-motivee-par-les-aromes-chez-les-jeunes\/","title":{"rendered":"\u00c9tats-Unis : une consommation de produits du tabac et de la nicotine motiv\u00e9e par les ar\u00f4mes chez les jeunes"},"content":{"rendered":"<p style=\"text-align: justify;\"><em>Les r\u00e9sultats de l&rsquo;enqu\u00eate nationale sur le tabagisme chez les jeunes (NYTS)<a href=\"#_ftn1\" name=\"_ftnref1\"><strong>[1]<\/strong><\/a> de 2021 publi\u00e9es le 11 mars dernier montrent que malgr\u00e9 des progr\u00e8s continus, la consommation de nicotine chez les jeunes coll\u00e9giens et lyc\u00e9ens demeure un important probl\u00e8me de sant\u00e9 publique aux \u00c9tats-Unis, qui s\u2019explique par l\u2019offre de produits aromatis\u00e9s. <\/em><\/p>\n<p style=\"text-align: justify;\">L&rsquo;enqu\u00eate nationale sur le tabagisme chez les jeunes (NYTS) est une enqu\u00eate annuelle, transversale, en milieu scolaire men\u00e9e aupr\u00e8s des coll\u00e9giens et lyc\u00e9ens aux \u00c9tats-Unis.  L\u2019enqu\u00eate qui s\u2019est d\u00e9roul\u00e9e de janvier \u00e0 mai 2021, a \u00e9t\u00e9 la premi\u00e8re \u00e0 \u00eatre enti\u00e8rement r\u00e9alis\u00e9e lors de la pand\u00e9mie de COVID-19, la moiti\u00e9 des \u00e9l\u00e8ves ayant r\u00e9pondu en ligne dans les \u00e9coles et l&rsquo;autre moiti\u00e9 chez eux. Les Centers for Disease Control (CDC) et la Food and Drug Administration (FDA) ont averti que les r\u00e9sultats de 2021 ne peuvent \u00eatre compar\u00e9s \u00e0 ceux des ann\u00e9es pr\u00e9c\u00e9dentes en raison des changements m\u00e9thodologiques li\u00e9s \u00e0 la pand\u00e9mie.<\/p>\n<h2 style=\"text-align: justify;\"><strong>La cigarette \u00e9lectronique est le produit le plus consomm\u00e9 par les jeunes<\/strong><\/h2>\n<p style=\"text-align: justify;\">L\u2019enqu\u00eate a interrog\u00e9 les coll\u00e9giens et lyc\u00e9ens sur leur consommation de neuf types de produits du tabac et de la nicotine. Plus de 2,5 millions d&rsquo;\u00e9l\u00e8ves ont d\u00e9clar\u00e9 consommer actuellement (au cours des 30 derniers jours pr\u00e9c\u00e9dant l\u2019enqu\u00eate) un produit du tabac ou de la nicotine. Parmi ces 2,5 millions, on comptait 2,06 millions de lyc\u00e9ens et 470 000 coll\u00e9giens.<\/p>\n<p style=\"text-align: justify;\">Les cigarettes \u00e9lectroniques \u00e9taient le produit le plus couramment utilis\u00e9 dans les 30 jours pr\u00e9c\u00e9dant l\u2019enqu\u00eate. Elles \u00e9taient cit\u00e9es par 7,6% des \u00e9l\u00e8ves du coll\u00e8ge et du lyc\u00e9e, suivies des cigarettes traditionnelles (1,5%), des cigares (1,4 %), du tabac \u00e0 m\u00e2cher (0,9 %), des narguil\u00e9s (0,8 %), des sachets de nicotine (0,8 %), du tabac chauff\u00e9 (0,7%) et enfin du tabac \u00e0 pipe (0,3%). C&rsquo;\u00e9tait la premi\u00e8re fois que cette enqu\u00eate recueillait des donn\u00e9es sur l&rsquo;utilisation des sachets de nicotine.<\/p>\n<p style=\"text-align: justify;\">Plus d\u2019un consommateur de cigarette \u00e9lectronique sur deux (53,7%) utilise un dispositif jetable (de type puff)<\/p>\n<h2 style=\"text-align: justify;\"><strong>Une consommation motiv\u00e9e par les ar\u00f4mes<\/strong><\/h2>\n<p style=\"text-align: justify;\">Environ 8 jeunes consommateurs de produits du tabac et autres produits de nicotine sur 10 (79,1 %) ont d\u00e9clar\u00e9 utiliser des produits aromatis\u00e9s. Ce taux grimpe \u00e0 85 % parmi les jeunes utilisateurs de cigarettes \u00e9lectroniques, 70% pour le tabac \u00e0 m\u00e2cher, 61,6 % pour les sachets de nicotine, 46,6 % pour les narguil\u00e9s, 44,4 % pour les cigares, 44% pour le tabac chauff\u00e9, 38,8 % pour les cigarettes (menthol uniquement) et 34,4 % pour le tabac \u00e0 pipe. Les ar\u00f4mes les plus pl\u00e9biscit\u00e9s pour l\u2019ensemble des produits sont les ar\u00f4mes fruit\u00e9s et menthol\u00e9s.<\/p>\n<h2 style=\"text-align: justify;\"><strong>Une baisse du tabagisme qui se confirme <\/strong><\/h2>\n<p style=\"text-align: justify;\">L&rsquo;enqu\u00eate montre que les taux de tabagisme chez les jeunes sont \u00e0 des niveaux historiquement bas, avec seulement 1,5 % des lyc\u00e9ens et coll\u00e9giens d\u00e9clarant fumer actuellement des cigarettes (contre plus de 14% en 2000). Bien que ces r\u00e9sultats puissent \u00eatre influenc\u00e9s par la pand\u00e9mie et les changements dans la fa\u00e7on dont l&rsquo;enqu\u00eate a \u00e9t\u00e9 men\u00e9e, les faibles taux de tabagisme chez les jeunes s\u2019inscrivent dans une tendance \u00e0 la baisse sur le long terme. Ces baisses soulignent l\u2019importance des strat\u00e9gies de sant\u00e9 publique \u00e9prouv\u00e9es mises en place au cours des derni\u00e8res ann\u00e9es aussi bien \u00e0 l\u2019\u00e9chelle f\u00e9d\u00e9rale qu\u2019au sein des diff\u00e9rents \u00e9tats.<\/p>\n<h2 style=\"text-align: justify;\"><strong>Une consommation plus \u00e9lev\u00e9e chez certaines cat\u00e9gories de la population<\/strong><\/h2>\n<p style=\"text-align: justify;\">La consommation de produits du tabac et de la nicotine \u00e9tait plus \u00e9lev\u00e9e dans certaines cat\u00e9gories de la population. Par exemple, une consommation r\u00e9guli\u00e8re a \u00e9t\u00e9 signal\u00e9e par 14,2 % des \u00e9l\u00e8ves s&rsquo;identifiant comme lesbiennes, gays ou bisexuels (contre 7,9 % parmi les h\u00e9t\u00e9rosexuels) et 18,9 % des \u00e9l\u00e8ves s&rsquo;identifiant comme transgenres (contre 8,2 % des non transgenres).<\/p>\n<p style=\"text-align: justify;\">De plus, la consommation actuelle de tout produit du tabac et de la nicotine a \u00e9t\u00e9 signal\u00e9e par 14,2 % des \u00e9l\u00e8ves ayant d\u00e9clar\u00e9 une d\u00e9tresse psychologique grave (contre 5,5 % sans d\u00e9tresse).<\/p>\n<p style=\"text-align: justify;\"><strong>Mots cl\u00e9s : Enqu\u00eate, lyc\u00e9ens, coll\u00e9giens, \u00c9tats-Unis, vapotage, nicotine, ar\u00f4mes<\/strong><\/p>\n<p style=\"text-align: justify;\"><strong><a href=\"https:\/\/www.generationsanstabac.org\/\">\u00a9G\u00e9n\u00e9ration Sans Tabac<\/a><\/strong><\/p>\n<p style=\"text-align: right;\"><b><i>AE<\/i><\/b><\/p>\n<hr \/>\n<p style=\"text-align: justify;\"><a href=\"#_ftnref1\" name=\"_ftn1\">[1]<\/a> Gentzke AS, Wang TW, Cornelius M, et al. Tobacco Product Use and Associated Factors Among Middle and High School Students \u2014 National Youth Tobacco Survey, United States, 2021. MMWR Surveill Summ 2022;71(No. SS-5):1\u201329. DOI: http:\/\/dx.doi.org\/10.15585\/mmwr.ss7105a1<\/p>\n<p><span style=\"color: #999999;\"><strong><a style=\"color: #999999;\" href=\"http:\/\/www.cnct.fr\/\" target=\"_blank\" rel=\"noopener noreferrer\">Comit\u00e9 National Contre le Tabagisme |<\/a><\/strong><\/span><\/p>\n","protected":false},"excerpt":{"rendered":"<p>Les r\u00e9sultats de l&rsquo;enqu\u00eate nationale sur le tabagisme chez les jeunes (NYTS)[1] de 2021 publi\u00e9es le 11 mars dernier montrent que malgr\u00e9 des progr\u00e8s continus, la consommation de nicotine chez les jeunes coll\u00e9giens et lyc\u00e9ens demeure un important probl\u00e8me de sant\u00e9 publique aux \u00c9tats-Unis, qui s\u2019explique par l\u2019offre de produits aromatis\u00e9s. L&rsquo;enqu\u00eate nationale sur le [&hellip;]<\/p>\n","protected":false},"featured_media":10905,"template":"","tags":[],"thematique":[516],"class_list":["post-20622","actualites","type-actualites","status-publish","has-post-thumbnail","hentry","thematique-nouveaux-produits"],"acf":[],"_links":{"self":[{"href":"https:\/\/www.generationsanstabac.org\/fr\/wp-json\/wp\/v2\/actualites\/20622","targetHints":{"allow":["GET"]}}],"collection":[{"href":"https:\/\/www.generationsanstabac.org\/fr\/wp-json\/wp\/v2\/actualites"}],"about":[{"href":"https:\/\/www.generationsanstabac.org\/fr\/wp-json\/wp\/v2\/types\/actualites"}],"version-history":[{"count":0,"href":"https:\/\/www.generationsanstabac.org\/fr\/wp-json\/wp\/v2\/actualites\/20622\/revisions"}],"wp:featuredmedia":[{"embeddable":true,"href":"https:\/\/www.generationsanstabac.org\/fr\/wp-json\/wp\/v2\/media\/10905"}],"wp:attachment":[{"href":"https:\/\/www.generationsanstabac.org\/fr\/wp-json\/wp\/v2\/media?parent=20622"}],"wp:term":[{"taxonomy":"post_tag","embeddable":true,"href":"https:\/\/www.generationsanstabac.org\/fr\/wp-json\/wp\/v2\/tags?post=20622"},{"taxonomy":"thematique","embeddable":true,"href":"https:\/\/www.generationsanstabac.org\/fr\/wp-json\/wp\/v2\/thematique?post=20622"}],"curies":[{"name":"wp","href":"https:\/\/api.w.org\/{rel}","templated":true}]}}