{"id":20606,"date":"2022-02-25T10:47:50","date_gmt":"2022-02-25T09:47:50","guid":{"rendered":"https:\/\/www.generationsanstabac.org\/actualites\/succes-puffs-adolescents-inquiete-elus-et-professionnels-de-sante\/"},"modified":"2022-02-25T10:47:50","modified_gmt":"2022-02-25T09:47:50","slug":"succes-puffs-adolescents-inquiete-elus-et-professionnels-de-sante","status":"publish","type":"actualites","link":"https:\/\/www.generationsanstabac.org\/fr\/actualites\/succes-puffs-adolescents-inquiete-elus-et-professionnels-de-sante\/","title":{"rendered":"Le succ\u00e8s des \u00ab puffs \u00bb aupr\u00e8s des adolescents inqui\u00e8te \u00e9lus et professionnels de sant\u00e9"},"content":{"rendered":"<p style=\"text-align: justify;\"><em>La rapide diffusion en France des cigarettes \u00e9lectroniques jetables (puffs) chez les adolescents laisse craindre une nouvelle \u00e9pid\u00e9mie d\u2019addiction \u00e0 la nicotine et pose \u00e0 nouveau la question du respect de l\u2019interdiction de vente aux mineurs. <\/em><\/p>\n<p style=\"text-align: justify;\">L\u2019attractivit\u00e9 des ar\u00f4mes, le faible prix et la facilit\u00e9 d\u2019usage semblent \u00eatre les principaux facteurs du succ\u00e8s des puffs, les cigarettes \u00e9lectroniques jetables<a href=\"#_ftn1\" name=\"_ftnref1\">[1]<\/a>. Le dispositif est tr\u00e8s simple et ne n\u00e9cessite pas de recharge et de pr\u00e9paration pr\u00e9alable : les e-cigarettes de type puff (\u00ab bouff\u00e9e \u00bb, en anglais) sont pr\u00e9-remplies et, une fois d\u00e9ball\u00e9es, il suffit de tirer sur le dispositif pour obtenir une bouff\u00e9e de vapeur aromatis\u00e9e, avec ou sans nicotine. Pr\u00e9sent\u00e9 sous forme d\u2019une barre color\u00e9e, chaque puff contient 500 \u00e0 600 bouff\u00e9es, ce qui \u00e9quivaut \u00e0 environ deux paquets de cigarettes. Certains mod\u00e8les contiennent des taux \u00e9lev\u00e9s de nicotine (2% &#8211; 20 mg\/ml, soit le taux le plus \u00e9lev\u00e9 autoris\u00e9 en Union Europ\u00e9enne). Peu ch\u00e8res et vendues en moyenne 8 \u20ac, les puffs sont moins on\u00e9reuses qu\u2019un paquet de cigarettes (10 \u20ac).<\/p>\n<p style=\"text-align: justify;\">Si la marque WPuff (Liquideo) est la plus connue en France, une vingtaine d\u2019autres marques proposent d\u00e9j\u00e0 des produits de ce type. Mises en vente chez les d\u00e9bitants de tabac, mais aussi dans les vapo-stores, les \u00e9piceries de nuit, certaines enseignes de distribution de produits pour la maison et sur de nombreux sites Internet, l\u2019accessibilit\u00e9 de ces produits aux adolescents, \u00e0 qui la vente est normalement interdite, est probl\u00e9matique. Ces cigarettes \u00e9lectroniques jetables posent aussi d\u2019importants probl\u00e8mes \u00e9cologiques car ils sont compos\u00e9s de plastique, d\u2019une batterie et d\u2019e-liquide, qui g\u00e9n\u00e8rent des polluants persistants et abondants.<\/p>\n<h2 style=\"text-align: justify;\"><strong>L\u2019interdiction de vente aux mineurs est mal respect\u00e9e<\/strong><\/h2>\n<p style=\"text-align: justify;\"><em>\u00ab J&rsquo;en veux terriblement \u00e0 tous les commer\u00e7ants qui acceptent de vendre sans aucun contr\u00f4le, alors m\u00eame que c&rsquo;est interdit aux moins de 18 ans \u00bb,<\/em> a d\u00e9clar\u00e9 sur le sujet le Pr Lo\u00efc Josseran, pr\u00e9sident de l\u2019Alliance contre le tabac (ACT)<a href=\"#_ftn2\" name=\"_ftnref2\">[2]<\/a>. <em>\u00ab Quand on est pr\u00e9sent sur un r\u00e9seau social comme TikTok, on n&rsquo;est pas l\u00e0 pour aller chercher des vieux fumeurs de 50 ans qui ont envie d&rsquo;arr\u00eater de fumer, \u00e7a c&rsquo;est faux, m\u00eame si les fabricants disent qu&rsquo;ils sont l\u00e0 pour aider au sevrage. On est l\u00e0 pour attraper les jeunes \u00bb<\/em>, a-t-il ajout\u00e9, en pr\u00e9cisant que nous assistons \u00e0 une v\u00e9ritable <em>\u00ab \u00e9pid\u00e9mie p\u00e9diatrique \u00bb<\/em>.<\/p>\n<p style=\"text-align: justify;\">La responsabilit\u00e9 des vendeurs est donc clairement engag\u00e9e, comme c\u2019est le cas pour la vente de produits du tabac. La responsabilit\u00e9 des fabricants est elle aussi en cause, lorsqu\u2019ils utilisent les r\u00e9seaux sociaux pour diffuser des publicit\u00e9s et des actions de promotion pour ces produits, ce qui est interdit depuis l\u2019ordonnance du 19 mai 2016<a href=\"#_ftn3\" name=\"_ftnref3\">[3]<\/a>.<\/p>\n<p style=\"text-align: justify;\">Sophie M\u00e9tadier, d\u00e9put\u00e9e UDI d\u2019Indre-et-Loire, a interpell\u00e9 le gouvernement le 15 f\u00e9vrier 2022 sur ce sujet. Sarah El Ha\u00efry, secr\u00e9taire d\u2019\u00e9tat charg\u00e9e de la Jeunesse et de l\u2019Engagement, lui a r\u00e9pondu que les autorit\u00e9s ont saisi l\u2019agence de r\u00e9gulation des publicit\u00e9s (ARPP) afin de rappeler aux fabricants et aux influenceurs les sanctions encourues lorsqu\u2019ils font la publicit\u00e9 ou la promotion de ces produits sur les r\u00e9seaux sociaux comme TikTok ou Instagram<a href=\"#_ftn4\" name=\"_ftnref4\">[4]<\/a>. Elle a \u00e9galement indiqu\u00e9 avoir saisi le Conseil d\u2019orientation de la jeunesse et que la p\u00e9dagogie sur les dangers de l\u2019addiction autour de ces produits allait \u00eatre d\u00e9velopp\u00e9e.<\/p>\n<h2 style=\"text-align: justify;\"><strong>Un fort risque d\u2019addiction li\u00e9 \u00e0 la pr\u00e9sence de nicotine <\/strong><\/h2>\n<p style=\"text-align: justify;\">La nicotine contenue dans certaines puffs est une pr\u00e9occupation majeure ; le cerveau des adolescents y est particuli\u00e8rement vuln\u00e9rable et une addiction peut survenir en seulement quelques semaines d\u2019utilisation, cet effet s\u2019accentuant quand l\u2019initiation a lieu pr\u00e9coc\u00e9ment<a href=\"#_ftn5\" name=\"_ftnref5\">[5]<\/a>. Or, le risque d\u2019addiction et l\u2019attractivit\u00e9 des ar\u00f4mes sont consid\u00e9r\u00e9s par le rapport SCHEER consacr\u00e9 aux cigarettes \u00e9lectroniques comme deux risques forts pour les adolescents<a href=\"#_ftn6\" name=\"_ftnref6\">[6]<\/a>. Le dernier avis du Haut Conseil de la sant\u00e9 publique (HCSP) estime quant \u00e0 lui non n\u00e9gligeable le risque que de jeunes non-fumeurs initi\u00e9s au vapotage puissent ensuite devenir des fumeurs de tabac<a href=\"#_ftn7\" name=\"_ftnref7\">[7]<\/a>. Il pr\u00e9cise aussi que la pr\u00e9sence d\u2019ar\u00f4mes augmente l\u2019attrait pour les cigarettes \u00e9lectroniques et r\u00e9duit la perception des dommages caus\u00e9s.<\/p>\n<p><strong>Mots-cl\u00e9s : cigarette \u00e9lectronique jetable, puffs, adolescents, ar\u00f4mes, vente aux mineurs<\/strong><\/p>\n<p style=\"text-align: justify;\"><strong><a href=\"https:\/\/www.generationsanstabac.org\/\">\u00a9G\u00e9n\u00e9ration Sans Tabac<\/a><\/strong><\/p>\n<p style=\"text-align: right;\"><b><i>MF<\/i><\/b><\/p>\n<hr \/>\n<p><a href=\"#_ftnref1\" name=\"_ftn1\">[1]<\/a> Queff\u00e9lec M, <a href=\"https:\/\/www.francetvinfo.fr\/sante\/drogue-addictions\/lutte-contre-le-tabagisme\/le-succes-de-la-puff-chez-les-ados-inquiete-ils-s-intoxiquent-petit-a-petit-et-deviennent-dependants-a-la-nicotine_4976895.html\"><em>Le succ\u00e8s de la puff chez les ados inqui\u00e8te : \u00ab\u00a0ils s&rsquo;intoxiquent petit \u00e0 petit et deviennent d\u00e9pendants \u00e0 la nicotine\u00a0\u00bb<\/em><\/a>, France Info, publi\u00e9 le 23 f\u00e9vrier 2022, consult\u00e9 le 24 f\u00e9vrier 2022.<\/p>\n<p><a href=\"#_ftnref2\" name=\"_ftn2\">[2]<\/a> <a href=\"https:\/\/www.francetvinfo.fr\/sante\/drogue-addictions\/cigarette-electronique\/phenomene-des-puffs-on-est-face-a-une-epidemie-pediatrique-alerte-le-president-de-l-alliance-contre-le-tabac_4977138.html\"><em>Ph\u00e9nom\u00e8ne des \u00ab\u00a0puff\u00a0\u00bb : \u00ab\u00a0On est face \u00e0 une \u00e9pid\u00e9mie p\u00e9diatrique\u00a0\u00bb, alerte le pr\u00e9sident de l&rsquo;Alliance contre le tabac<\/em><\/a>, France Info, publi\u00e9 le 23 f\u00e9vrier 2022, consult\u00e9 le 24 f\u00e9vrier 2022.<\/p>\n<p><a href=\"#_ftnref3\" name=\"_ftn3\">[3]<\/a> <a href=\"https:\/\/www.legifrance.gouv.fr\/codes\/section_lc\/LEGITEXT000006072665\/LEGISCTA000032549208\/#LEGISCTA000032549208\"><em>Produits du vapotage<\/em><\/a>, Code de la sant\u00e9 publique, Articles L3513-1 \u00e0 L3513-19, Ordonnance n\u00b0 2016-683 du 19 mai 2016.<\/p>\n<p><a href=\"#_ftnref4\" name=\"_ftn4\">[4]<\/a> <a href=\"https:\/\/www.sophiemetadier.fr\/les-cigarettes-%C3%89lectroniques-dites-article-7-0-188.html\"><em>Les cigarettes \u00e9lectroniques dites \u00ab\u00a0puff\u00a0\u00bb un pi\u00e8ge pour nos adolescents<\/em><\/a>, site de Sophie M\u00e9tadier, publi\u00e9 le 15 f\u00e9vrier 2022, consult\u00e9 le 24 f\u00e9vrier 2022.<\/p>\n<p><a href=\"#_ftnref5\" name=\"_ftn5\">[5]<\/a> <a href=\"https:\/\/www.generationsanstabac.org\/actualites\/lage-dinitiation-au-vapotage-predicteur-du-futur-tabagisme-des-adolescents\/\"><em>L\u2019\u00e2ge d\u2019initiation au vapotage, pr\u00e9dicteur du futur tabagisme des adolescents ?<\/em><\/a>, G\u00e9n\u00e9ration Sans Tabac, publi\u00e9 le 22 f\u00e9vrier 2022, consult\u00e9 le 24 f\u00e9vrier 2022.<\/p>\n<p><a href=\"#_ftnref6\" name=\"_ftn6\">[6]<\/a> Scientific Committee on Health, Environmental and Emerging Risks (SCHEER), <a href=\"https:\/\/ec.europa.eu\/health\/sites\/default\/files\/scientific_committees\/scheer\/docs\/scheer_o_017.pdf\"><em>Opinion on electronic cigarettes<\/em><\/a>. Publi\u00e9 le 16 avril 2021, consult\u00e9 le 24 f\u00e9vrier 2021.<\/p>\n<p><a href=\"#_ftnref7\" name=\"_ftn7\">[7]<\/a> <a href=\"https:\/\/www.hcsp.fr\/Explore.cgi\/AvisRapportsDomaine?clefr=1138\"><em>Avis relatif aux b\u00e9n\u00e9fices-risques de la cigarette \u00e9lectronique<\/em><\/a>, Haut Conseil de la Sant\u00e9 Publique, publi\u00e9 le 26 novembre 2021, consult\u00e9 le 24 f\u00e9vrier 2022.<\/p>\n<p><span style=\"color: #999999;\"><strong><a style=\"color: #999999;\" href=\"http:\/\/www.cnct.fr\/\" target=\"_blank\" rel=\"noopener noreferrer\">Comit\u00e9 National Contre le Tabagisme |<\/a><\/strong><\/span><\/p>\n<p>&nbsp;<\/p>\n","protected":false},"excerpt":{"rendered":"<p>La rapide diffusion en France des cigarettes \u00e9lectroniques jetables (puffs) chez les adolescents laisse craindre une nouvelle \u00e9pid\u00e9mie d\u2019addiction \u00e0 la nicotine et pose \u00e0 nouveau la question du respect de l\u2019interdiction de vente aux mineurs. L\u2019attractivit\u00e9 des ar\u00f4mes, le faible prix et la facilit\u00e9 d\u2019usage semblent \u00eatre les principaux facteurs du succ\u00e8s des puffs, [&hellip;]<\/p>\n","protected":false},"featured_media":10886,"template":"","tags":[],"thematique":[507,516],"class_list":["post-20606","actualites","type-actualites","status-publish","has-post-thumbnail","hentry","thematique-marketing-publicite","thematique-nouveaux-produits"],"acf":[],"_links":{"self":[{"href":"https:\/\/www.generationsanstabac.org\/fr\/wp-json\/wp\/v2\/actualites\/20606","targetHints":{"allow":["GET"]}}],"collection":[{"href":"https:\/\/www.generationsanstabac.org\/fr\/wp-json\/wp\/v2\/actualites"}],"about":[{"href":"https:\/\/www.generationsanstabac.org\/fr\/wp-json\/wp\/v2\/types\/actualites"}],"version-history":[{"count":0,"href":"https:\/\/www.generationsanstabac.org\/fr\/wp-json\/wp\/v2\/actualites\/20606\/revisions"}],"wp:featuredmedia":[{"embeddable":true,"href":"https:\/\/www.generationsanstabac.org\/fr\/wp-json\/wp\/v2\/media\/10886"}],"wp:attachment":[{"href":"https:\/\/www.generationsanstabac.org\/fr\/wp-json\/wp\/v2\/media?parent=20606"}],"wp:term":[{"taxonomy":"post_tag","embeddable":true,"href":"https:\/\/www.generationsanstabac.org\/fr\/wp-json\/wp\/v2\/tags?post=20606"},{"taxonomy":"thematique","embeddable":true,"href":"https:\/\/www.generationsanstabac.org\/fr\/wp-json\/wp\/v2\/thematique?post=20606"}],"curies":[{"name":"wp","href":"https:\/\/api.w.org\/{rel}","templated":true}]}}