{"id":20597,"date":"2022-02-17T09:27:59","date_gmt":"2022-02-17T08:27:59","guid":{"rendered":"https:\/\/www.generationsanstabac.org\/actualites\/sante-publique-france-lance-une-campagne-de-lutte-contre-le-tabagisme\/"},"modified":"2022-02-17T09:27:59","modified_gmt":"2022-02-17T08:27:59","slug":"sante-publique-france-lance-une-campagne-de-lutte-contre-le-tabagisme","status":"publish","type":"actualites","link":"https:\/\/www.generationsanstabac.org\/fr\/actualites\/sante-publique-france-lance-une-campagne-de-lutte-contre-le-tabagisme\/","title":{"rendered":"Sant\u00e9 Publique France lance une campagne de lutte contre le tabagisme"},"content":{"rendered":"<p style=\"text-align: justify;\"><em>Sant\u00e9 Publique France et le Minist\u00e8re en charge de la Sant\u00e9 et l\u2019Assurance Maladie lancent une <a href=\"https:\/\/www.youtube.com\/playlist?list=PLl00syIAMv7S3WyELlgRxEc2FzHtwCNFU\">campagne<\/a> contre le tabagisme. Cette communication d\u2019incitation \u00e0 l\u2019arr\u00eat s\u2019adresse notamment aux personnes les plus pr\u00e9caires d\u2019un point de vue \u00e9conomique et social. Elle vise \u00e0 \u00ab d\u00e9construire les peurs li\u00e9es \u00e0 l\u2019arr\u00eat du tabac \u00bb et \u00e0 inciter les fumeurs \u00e0 se faire aider dans leur processus de sevrage<a href=\"#_ftn1\" name=\"_ftnref1\">[1]<\/a>.<\/em><\/p>\n<h2 style=\"text-align: justify;\"><strong>Les in\u00e9galit\u00e9s tabagiques se creusent en France<\/strong><\/h2>\n<p style=\"text-align: justify;\">Alors que la pr\u00e9valence tabagique des 18-75 ans n\u2019a pas montr\u00e9 d\u2019\u00e9volution significative entre 2019 et 2020, le tercile de la population la plus pr\u00e9caire en France a vu son taux de fumeur fortement augmenter pendant cette m\u00eame p\u00e9riode, passant de 30 \u00e0 33% de fumeurs quotidiens. Le tabagisme demeure un v\u00e9ritable marqueur social, avec 15 points d\u2019\u00e9cart entre le tercile le plus ais\u00e9 et le tercile le plus pauvre. Les fumeurs pauvres font face \u00e0 une double peine : ils sont \u00e0 la fois davantage susceptibles d\u2019\u00eatre fumeurs, mais sont moins susceptibles de r\u00e9ussir leur sevrage tabagique. Cette r\u00e9alit\u00e9 conduit notamment \u00e0 une surmortalit\u00e9 pr\u00e9coce pour ces personnes.<\/p>\n<h2 style=\"text-align: justify;\"><strong>Une campagne pour d\u00e9dramatiser le passage \u00e0 l\u2019acte <\/strong><\/h2>\n<p style=\"text-align: justify;\">Depuis le 14 f\u00e9vrier et pour un mois, Sant\u00e9 Publique France diffuse des pastilles vid\u00e9os de t\u00e9moignages de r\u00e9els anciens fumeurs. L\u2019objectif est de d\u00e9montrer aux fumeurs actuels qu\u2019il est possible et facile de demander de l\u2019aide aupr\u00e8s de diff\u00e9rents professionnels : pharmaciens, m\u00e9decins, sp\u00e9cialistes sur Tabac info service, etc., et que les fumeurs peuvent \u00eatre accompagn\u00e9s gratuitement dans leur processus d\u2019arr\u00eat. Sant\u00e9 Publique France souligne avoir ax\u00e9 sa campagne d\u2019incitation autour de la notion d\u2019accessibilit\u00e9 et de proximit\u00e9 : les t\u00e9moignages film\u00e9s, mis en sc\u00e8ne dans des situations de vie quotidiennes cherchent \u00e0 d\u00e9dramatiser la d\u00e9marche d\u2019arr\u00eat. En cherchant \u00e0 cr\u00e9er un sentiment d\u2019empathie et d\u2019identification aupr\u00e8s des fumeurs, les quatre spots vid\u00e9os s\u2019articulent par ailleurs autour d\u2019autant de strat\u00e9gies de sevrage : par les substituts nicotiniques, l\u2019accompagnement d\u2019un professionnel, le recours \u00e0 un groupe de soutien, ou l\u2019application Tabac Info Service.<\/p>\n<p><strong>Mots cl\u00e9s : Sant\u00e9 Publique France, Campagne, Sevrage<br \/>\n<\/strong><\/p>\n<p><strong><a href=\"https:\/\/www.generationsanstabac.org\/\">\u00a9G\u00e9n\u00e9ration Sans Tabac<\/a><\/strong><\/p>\n<p style=\"text-align: right;\"><b><i>FT<\/i><\/b><\/p>\n<hr \/>\n<p style=\"text-align: justify;\"><a href=\"#_ftnref1\" name=\"_ftn1\">[1]<\/a> Sant\u00e9 Publique France, <a href=\"https:\/\/www.santepubliquefrance.fr\/presse\/2022\/une-campagne-d-incitation-a-l-arret-du-tabac-visant-en-particulier-les-fumeurs-les-plus-fragiles-sur-le-plan-socio-economique\">Une campagne d\u2019incitation \u00e0 l\u2019arr\u00eat du tabac visant en particulier les fumeurs les plus fragiles sur le plan socio-\u00e9conomique<\/a>, 14\/02\/2022, (consult\u00e9 le 16\/02\/2022)<\/p>\n<p><span style=\"color: #999999;\"><strong><a style=\"color: #999999;\" href=\"http:\/\/www.cnct.fr\/\" target=\"_blank\" rel=\"noopener noreferrer\">Comit\u00e9 National Contre le Tabagisme |<\/a><\/strong><\/span><\/p>\n","protected":false},"excerpt":{"rendered":"<p>Sant\u00e9 Publique France et le Minist\u00e8re en charge de la Sant\u00e9 et l\u2019Assurance Maladie lancent une campagne contre le tabagisme. Cette communication d\u2019incitation \u00e0 l\u2019arr\u00eat s\u2019adresse notamment aux personnes les plus pr\u00e9caires d\u2019un point de vue \u00e9conomique et social. Elle vise \u00e0 \u00ab d\u00e9construire les peurs li\u00e9es \u00e0 l\u2019arr\u00eat du tabac \u00bb et \u00e0 inciter [&hellip;]<\/p>\n","protected":false},"featured_media":20598,"template":"","tags":[],"thematique":[474],"class_list":["post-20597","actualites","type-actualites","status-publish","has-post-thumbnail","hentry","thematique-sante"],"acf":[],"_links":{"self":[{"href":"https:\/\/www.generationsanstabac.org\/fr\/wp-json\/wp\/v2\/actualites\/20597","targetHints":{"allow":["GET"]}}],"collection":[{"href":"https:\/\/www.generationsanstabac.org\/fr\/wp-json\/wp\/v2\/actualites"}],"about":[{"href":"https:\/\/www.generationsanstabac.org\/fr\/wp-json\/wp\/v2\/types\/actualites"}],"version-history":[{"count":0,"href":"https:\/\/www.generationsanstabac.org\/fr\/wp-json\/wp\/v2\/actualites\/20597\/revisions"}],"wp:featuredmedia":[{"embeddable":true,"href":"https:\/\/www.generationsanstabac.org\/fr\/wp-json\/wp\/v2\/media\/20598"}],"wp:attachment":[{"href":"https:\/\/www.generationsanstabac.org\/fr\/wp-json\/wp\/v2\/media?parent=20597"}],"wp:term":[{"taxonomy":"post_tag","embeddable":true,"href":"https:\/\/www.generationsanstabac.org\/fr\/wp-json\/wp\/v2\/tags?post=20597"},{"taxonomy":"thematique","embeddable":true,"href":"https:\/\/www.generationsanstabac.org\/fr\/wp-json\/wp\/v2\/thematique?post=20597"}],"curies":[{"name":"wp","href":"https:\/\/api.w.org\/{rel}","templated":true}]}}