{"id":20593,"date":"2022-02-14T13:57:04","date_gmt":"2022-02-14T12:57:04","guid":{"rendered":"https:\/\/www.generationsanstabac.org\/actualites\/soumission-rapport-tabagisme-femmes-en-france-aupres-des-nations-unies\/"},"modified":"2022-02-14T13:57:04","modified_gmt":"2022-02-14T12:57:04","slug":"soumission-rapport-tabagisme-femmes-en-france-aupres-des-nations-unies","status":"publish","type":"actualites","link":"https:\/\/www.generationsanstabac.org\/fr\/actualites\/soumission-rapport-tabagisme-femmes-en-france-aupres-des-nations-unies\/","title":{"rendered":"Soumission d\u2019un rapport sur le tabagisme f\u00e9minin en France aupr\u00e8s des Nations Unies"},"content":{"rendered":"<p style=\"text-align: justify;\"><em>Un rapport sur la situation du tabagisme f\u00e9minin en France, pr\u00e9par\u00e9 par le Comit\u00e9 national contre le tabagisme (CNCT), Action for Smoking and Health (ASH) Washington et l\u2019Alliance contre le tabac (ACT) vient d\u2019\u00eatre soumis au groupe de travail charg\u00e9 du suivi de la mise en \u0153uvre de la <\/em><a href=\"https:\/\/www.ohchr.org\/FR\/ProfessionalInterest\/Pages\/CEDAW.aspx\"><em>Convention sur l\u2019\u00e9limination de toutes les formes de discrimination \u00e0 l\u2019\u00e9gard des femmes<\/em><\/a><em> (<\/em><em>CEDEF), que la France a ratifi\u00e9e.  Le groupe de travail se r\u00e9unira du 28 f\u00e9vrier au 4 mars 2022 \u00e0 Gen\u00e8ve. Le rapport a \u00e9t\u00e9 r\u00e9alis\u00e9 avec le soutien du Fonds de lutte contre les addictions. <\/em><\/p>\n<p style=\"text-align: justify;\">Le Comit\u00e9 pour l&rsquo;\u00e9limination de la discrimination \u00e0 l&rsquo;\u00e9gard des femmes (CEDEF) est l&rsquo;organe d&rsquo;experts ind\u00e9pendants qui surveille la mise en \u0153uvre de la Convention sur l&rsquo;\u00e9limination de toutes les formes de discrimination \u00e0 l&rsquo;\u00e9gard des femmes. Tous les 4 ans, les parties doivent pr\u00e9senter un rapport d&rsquo;\u00e9tat des lieux sur la mise en \u0153uvre effective dans leur pays des dispositions contenues dans ce trait\u00e9. La prochaine audition de la France ayant lieu en septembre prochain, un groupe de travail de pr\u00e9-session de ce Comit\u00e9, avec l&rsquo;appui de son secr\u00e9tariat, \u00e9tablit des listes de probl\u00e8mes et de questions qu\u2019il pourra soulever dans un second temps lors de la session d\u2019examen. \u00c0 cette occasion, la soci\u00e9t\u00e9 civile, \u00e0 l\u2019instar du CNCT, d\u2019ASH et de l\u2019ACT,  peut fournir des contributions pouvant influencer les demandes du Comit\u00e9 au gouvernement fran\u00e7ais.<\/p>\n<h2 style=\"text-align: justify;\"><strong>Le poids du tabagisme chez les femmes fran\u00e7aises<\/strong><\/h2>\n<p style=\"text-align: justify;\">Le tabagisme f\u00e9minin en France est l\u2019un des plus \u00e9lev\u00e9 au monde. Depuis 2016, la pr\u00e9valence du tabagisme en France a diminu\u00e9, mais 20,7 % des femmes en France fument encore quotidiennement et pr\u00e8s de 6% d\u2019entre elles sont des consommatrices occasionnelles<a href=\"#_ftn1\" name=\"_ftnref1\">[1]<\/a>. Alors que la pr\u00e9valence de fumeurs a fortement diminu\u00e9 chez les hommes de 41,5 % \u00e0 34,4 % entre 1980 et 2012, elle a inversement fortement augment\u00e9 de 18,8 % \u00e0 27,7 % chez les femmes<a href=\"#_ftn2\" name=\"_ftnref2\">[2]<\/a>. De plus, le pourcentage de d\u00e9c\u00e8s de femmes attribuables au tabac \u00e9tait neuf fois sup\u00e9rieur en 2010 par rapport au niveau de 1980. Depuis 2000, le nombre de d\u00e9c\u00e8s li\u00e9s au tabac chez les fumeuses de moins de 65 a plus que doubl\u00e9.<\/p>\n<p style=\"text-align: justify;\">D&rsquo;autres cons\u00e9quences sur la sant\u00e9 des femmes dues au tabagisme, notamment une augmentation spectaculaire des crises cardiaques, des accidents vasculaires c\u00e9r\u00e9braux, du cancer du poumon et de la BPCO sont amplement document\u00e9es. Une r\u00e9cente \u00e9tude montre que le cancer du poumon progresse tr\u00e8s rapidement chez les femmes en France, touchant 34% de femmes en 2020 contre 16% en 2000 et que 41% de ces cancers surviennent chez des femmes de moins de 50 ans<a href=\"#_ftn3\" name=\"_ftnref3\">[3]<\/a>. Dans la tranche d\u2019\u00e2ge des 50-74 ans, la mortalit\u00e9 par cancer du poumon chez les femmes est actuellement en France sup\u00e9rieure \u00e0 celle par cancer du sein<a href=\"#_ftn4\" name=\"_ftnref4\">[4]<\/a>.  \u00c0 l&rsquo;\u00e9chelle mondiale, les femmes sont toujours les principales victimes du tabagisme passif et plus de femmes meurent \u00e0 cause du tabagisme passif.<\/p>\n<h2 style=\"text-align: justify;\"><strong>Inclure la lutte contre le tabagisme dans les droits des femmes<\/strong><\/h2>\n<p style=\"text-align: justify;\">Selon les auteurs du rapport, une approche fond\u00e9e sur les droits humains pour mettre fin au tabagisme est pertinente car elle oblige les gouvernements \u00e0 prot\u00e9ger leurs citoyens en mettant en \u0153uvre des r\u00e9glementations et mesures compl\u00e8tes et \u00e9prouv\u00e9es pour mettre fin \u00e0 l&rsquo;\u00e9pid\u00e9mie de tabagisme. Les gouvernements sont tenus de prot\u00e9ger la sant\u00e9 de leurs citoyens, et les trait\u00e9s et outils internationaux et r\u00e9gionaux comme la <a href=\"https:\/\/www.who.int\/fctc\/text_download\/fr\/\">Convention-cadre pour la lutte antitabac<\/a> (CCLAT), la CEDEF, les <a href=\"https:\/\/www.un.org\/sustainabledevelopment\/fr\/objectifs-de-developpement-durable\/\">Objectifs de D\u00e9veloppement Durable (ODD)<\/a> ou encore le plan d\u2019action mondial de lutte contre les maladies non transmissibles dans lesquels la France s\u2019est engag\u00e9e sont les outils les plus efficaces pour parvenir \u00e0 ces objectifs.<\/p>\n<p style=\"text-align: justify;\">En mati\u00e8re de droits des femmes, la consommation de tabac induit une violation plus particuli\u00e8re de certaines dispositions de ces conventions internationales, notamment le droit \u00e0 la protection de la sant\u00e9, le droit \u00e0 l\u2019information ou encore la lutte contre les discriminations.  Les femmes restent toujours des cibles de choix dans le marketing de l\u2019industrie du tabac qui oriente ses campagnes \u00e0 destination des femmes \u00e0 travers des publicit\u00e9s et promotions qui s\u2019appuient sur les st\u00e9r\u00e9otypes de genre et associent faussement l\u2019usage du tabac aux concepts de beaut\u00e9, minceur, sophistication, ou encore \u00e9mancipation et libert\u00e9.<\/p>\n<h2 style=\"text-align: justify;\"><strong>La France doit poursuivre ses efforts pour prot\u00e9ger les droits des femmes<\/strong><\/h2>\n<p style=\"text-align: justify;\">Le rapport rappelle que r\u00e9duire le tabagisme, en particulier le tabagisme f\u00e9minin, est une obligation pour la France en raison de ses engagements internationaux. Les associations pr\u00e9cisent, bien que le pays soit engag\u00e9 depuis ces derni\u00e8res ann\u00e9es dans une politique active et proactive de lutte contre le tabagisme ayant contribu\u00e9 \u00e0 r\u00e9duire la consommation tabagique globale, de nombreuses dispositions ne sont pas encore mises en \u0153uvre de mani\u00e8re ad\u00e9quate. Elles \u00e9mettent ainsi une s\u00e9rie de recommandations qui devraient \u00eatre mises en \u0153uvre par les pouvoirs publics fran\u00e7ais afin de prot\u00e9ger les droits des femmes et des jeunes filles. Parmi ces derni\u00e8res figurent notamment l\u2019incitation \u00e0 :<\/p>\n<p style=\"text-align: justify;\">&#8211; Veiller et am\u00e9liorer l\u2019effectivit\u00e9 de certaines mesures : interdiction de vente des produits du tabac aux mineurs, protection \u00e0 l\u2019\u00e9gard de l\u2019exposition au tabagisme passif, aux placements comportementaux tabagiques dans les \u0153uvres culturelles, am\u00e9lioration de l\u2019offre de soins pour une prise en charge compl\u00e8te des traitements de la d\u00e9pendance tabagique ;<\/p>\n<p style=\"text-align: justify;\">&#8211; Harmoniser les l\u00e9gislations existantes en mati\u00e8re de fiscalit\u00e9, d\u2019ingr\u00e9dients, de conditionnement pour \u00e9viter les pratiques de contournements et transferts de consommation ;<\/p>\n<p style=\"text-align: justify;\">&#8211; Poursuivre une strat\u00e9gie g\u00e9n\u00e9rale de lutte contre le tabagisme incluant un volet centr\u00e9 sur le tabagisme des femmes.<\/p>\n<p><a href=\"https:\/\/www.generationsanstabac.org\/wp-content\/uploads\/2022\/02\/Rapport-Tabagisme-Femmes-France-CEDEF.pdf\">Lire le rapport complet (en fran\u00e7ais \u2013 PDF)<\/a><\/p>\n<p><a href=\"https:\/\/cnct.fr\/plaidoyers\/lutter-contre-lepidemie-tabagique-pour-renforcer-les-droits-humains\/\" target=\"_blank\" rel=\"noopener\">Lutter contre l\u2019\u00e9pid\u00e9mie tabagique pour renforcer les droits humains (CNCT)<\/a><\/p>\n<p style=\"text-align: justify;\"><strong><a href=\"https:\/\/www.generationsanstabac.org\/\">\u00a9G\u00e9n\u00e9ration Sans Tabac<\/a><\/strong><\/p>\n<p style=\"text-align: right;\"><b><i>AE<\/i><\/b><\/p>\n<hr \/>\n<p><strong>Mots cl\u00e9s : France, droits des femmes, droits humains, lutte contre le tabagisme, sant\u00e9, Nations Unies<\/strong><\/p>\n<p><a href=\"#_ftnref1\" name=\"_ftn1\">[1]<\/a> Pasquereau A, Andler R, Arwidson P, Guignard R, Nguyen- Thanh V. Consommation de tabac parmi les adultes : bilan de cinq ann\u00e9es de programme national contre le tabagisme, 2014- 2019. Bull Epid\u00e9miol Hebd. 2020;(14):273-81.<\/p>\n<p>http:\/\/ beh.santepubliquefrance.fr\/beh\/2020\/14\/2020_14_1.html<\/p>\n<p><a href=\"#_ftnref2\" name=\"_ftn2\">[2]<\/a>  Ng M, Freeman MK, Fleming TD, et al. Smoking prevalence and cigarette consumption in 187 countries, 1980-2012. JAMA. 2014;311(2):183-192. doi:10.1001\/jama.2013.284692<\/p>\n<p><a href=\"#_ftnref3\" name=\"_ftn3\">[3]<\/a> G\u00e9n\u00e9ration sans tabac<a href=\"https:\/\/www.generationsanstabac.org\/actualites\/le-cancer-du-poumon-en-progression-chez-les-femmes-en-france\/\" target=\"_blank\" rel=\"noopener\">, Le cancer du poumon en progression chez les femmes en France<\/a>, 24 janvier 2022, consult\u00e9 le 10 f\u00e9vrier 2022<\/p>\n<p><a href=\"#_ftnref4\" name=\"_ftn4\">[4]<\/a> J\u00e9hannin-Ligier K, Dantony E, Bossard N, Molini\u00e9 F, Defossez G, Daubisse-Marliac L, Delafosse P, Remontet L, Uhry Z. Projection de l\u2019incidence et de la mortalit\u00e9 par cancer en France m\u00e9tropolitaine en 2017. Rapport technique. Saint-Maurice : Sant\u00e9 publique France, 2017. 80 p. https:\/\/www.santepubliquefrance.fr\/docs\/projection-de-l-incidence-et-de-la-mortalite-parcancer-en-france-metropolitaine-en-2017<\/p>\n<p><span style=\"color: #999999;\"><strong><a style=\"color: #999999;\" href=\"http:\/\/www.cnct.fr\/\" target=\"_blank\" rel=\"noopener noreferrer\">Comit\u00e9 National Contre le Tabagisme |<\/a><\/strong><\/span><\/p>\n","protected":false},"excerpt":{"rendered":"<p>Un rapport sur la situation du tabagisme f\u00e9minin en France, pr\u00e9par\u00e9 par le Comit\u00e9 national contre le tabagisme (CNCT), Action for Smoking and Health (ASH) Washington et l\u2019Alliance contre le tabac (ACT) vient d\u2019\u00eatre soumis au groupe de travail charg\u00e9 du suivi de la mise en \u0153uvre de la Convention sur l\u2019\u00e9limination de toutes les [&hellip;]<\/p>\n","protected":false},"featured_media":10866,"template":"","tags":[],"thematique":[491,474],"class_list":["post-20593","actualites","type-actualites","status-publish","has-post-thumbnail","hentry","thematique-politiques-publiques","thematique-sante"],"acf":[],"_links":{"self":[{"href":"https:\/\/www.generationsanstabac.org\/fr\/wp-json\/wp\/v2\/actualites\/20593","targetHints":{"allow":["GET"]}}],"collection":[{"href":"https:\/\/www.generationsanstabac.org\/fr\/wp-json\/wp\/v2\/actualites"}],"about":[{"href":"https:\/\/www.generationsanstabac.org\/fr\/wp-json\/wp\/v2\/types\/actualites"}],"version-history":[{"count":0,"href":"https:\/\/www.generationsanstabac.org\/fr\/wp-json\/wp\/v2\/actualites\/20593\/revisions"}],"wp:featuredmedia":[{"embeddable":true,"href":"https:\/\/www.generationsanstabac.org\/fr\/wp-json\/wp\/v2\/media\/10866"}],"wp:attachment":[{"href":"https:\/\/www.generationsanstabac.org\/fr\/wp-json\/wp\/v2\/media?parent=20593"}],"wp:term":[{"taxonomy":"post_tag","embeddable":true,"href":"https:\/\/www.generationsanstabac.org\/fr\/wp-json\/wp\/v2\/tags?post=20593"},{"taxonomy":"thematique","embeddable":true,"href":"https:\/\/www.generationsanstabac.org\/fr\/wp-json\/wp\/v2\/thematique?post=20593"}],"curies":[{"name":"wp","href":"https:\/\/api.w.org\/{rel}","templated":true}]}}