{"id":20591,"date":"2022-02-10T15:25:11","date_gmt":"2022-02-10T14:25:11","guid":{"rendered":"https:\/\/www.generationsanstabac.org\/actualites\/plusieurs-villes-du-maine-vont-interdire-les-produits-de-la-nicotine-aromatises\/"},"modified":"2022-02-10T15:25:11","modified_gmt":"2022-02-10T14:25:11","slug":"plusieurs-villes-du-maine-vont-interdire-les-produits-de-la-nicotine-aromatises","status":"publish","type":"actualites","link":"https:\/\/www.generationsanstabac.org\/fr\/actualites\/plusieurs-villes-du-maine-vont-interdire-les-produits-de-la-nicotine-aromatises\/","title":{"rendered":"Plusieurs villes du Maine vont interdire les produits de la nicotine aromatis\u00e9s"},"content":{"rendered":"<p style=\"text-align: justify;\"><em>Le conseil municipal de Portland (Maine) a vot\u00e9 \u00e0 l&rsquo;unanimit\u00e9 le 7 f\u00e9vrier 2022 l&rsquo;interdiction des produits du tabac aromatis\u00e9s, y compris les e-cigarettes aromatis\u00e9es, les cigarettes menthol\u00e9es et les cigares aromatis\u00e9s \u00e0 partir du mois de juin 2022<a href=\"#_ftn1\" name=\"_ftnref1\"><strong>[1]<\/strong><\/a>. Cette interdiction fait de Portland la deuxi\u00e8me ville du Maine \u00e0 interdire les produits du tabac aromatis\u00e9s, suivant les traces du conseil municipal de Bangor. L&rsquo;interdiction de Bangor entre en vigueur le 1er juin.<\/em><\/p>\n<p style=\"text-align: justify;\">L&rsquo;interdiction a \u00e9t\u00e9 soumise aux conseils des deux villes en raison des pr\u00e9occupations caus\u00e9es par l\u2019activit\u00e9 de l&rsquo;industrie du tabac qui cible les communaut\u00e9s vuln\u00e9rables, en particulier les enfants, les personnes de couleur et la communaut\u00e9 LGBTQ avec des produits aromatis\u00e9s. Une troisi\u00e8me ville de l\u2019\u00e9tat, Brunswick, envisage, elle aussi, de bient\u00f4t interdire la vente de produits aromatis\u00e9s dans le but de r\u00e9duire la consommation de nicotine chez les jeunes<a href=\"#_ftn2\" name=\"_ftnref2\">[2]<\/a>.<\/p>\n<h2 style=\"text-align: justify;\"><strong>Les municipalit\u00e9s am\u00e9ricaines, \u00e0 l\u2019avant-garde des interdictions des produits aromatis\u00e9s<\/strong><\/h2>\n<p style=\"text-align: justify;\">Ces deux municipalit\u00e9s rejoignent les 330 autres dans le pays qui ont d\u00e9j\u00e0 adopt\u00e9 des restrictions sur la vente de produits du tabac et de la nicotine aromatis\u00e9s. L&rsquo;American Lung Association a applaudi la d\u00e9cision et a exhort\u00e9 le reste du Maine \u00e0 faire de m\u00eame<a href=\"#_ftn3\" name=\"_ftnref3\">[3]<\/a>. Un projet de loi pr\u00e9voyait d\u2019interdire la vente de produits du tabac et de la nicotine aromatis\u00e9s \u00e0 partir du 1er janvier 2021 dans l\u2019ensemble de la Californie. Suite aux pressions de l\u2019industrie du tabac, qui a d\u00e9ploy\u00e9 d\u2019importants moyens de lobbying pour bloquer l\u2019application de cette mesure, la loi a \u00e9t\u00e9 report\u00e9e \u00e0 la consultation \u00e9lectorale de mi-mandat en 2022<a href=\"#_ftn4\" name=\"_ftnref4\">[4]<\/a>. Plusieurs villes californiennes ont ainsi d\u00e9cid\u00e9 de prendre les devants et d\u2019interdire la vente de produits de la nicotine aromatis\u00e9s \u00e0 leur \u00e9chelle. La ville de Sacramento a d\u00e9cid\u00e9 d\u00e9but janvier 2022 d\u2019interdire \u00e0 partir de juillet la vente de tabac et de produits du vapotage aromatis\u00e9s.<\/p>\n<p style=\"text-align: justify;\">En 2009, la FDA a interdit, \u00e0 l\u2019\u00e9chelle f\u00e9d\u00e9rale, les cigarettes aux ar\u00f4mes caract\u00e9risant autres que le menthol (par exemple, les parfums cerise, chocolat). Cette interdiction \u00e9tait une premi\u00e8re \u00e9tape importante pour une r\u00e9glementation des ar\u00f4mes. En avril 2019, la FDA a interdit les cigarettes menthol\u00e9es et tous les ar\u00f4mes pour les cigares sur tout le territoire national. L\u2019agence publique de r\u00e9glementation s\u2019est toutefois abstenue d\u2019inclure les saveurs menthol\u00e9es pour les cigarettes \u00e9lectroniques<a href=\"#_ftn5\" name=\"_ftnref5\">[5]<\/a>. L\u00e0 encore, de nombreuses r\u00e9glementations avaient d\u00e9j\u00e0 \u00e9t\u00e9 prises \u00e0 l\u2019\u00e9chelle locale et de nombreuses villes avaient interdit la vente des produits du tabac menthol\u00e9. En novembre 2019, le Massachusetts est devenu le premier \u00c9tat \u00e0 restreindre la vente de tous les produits du tabac aromatis\u00e9s, y compris les cigarettes au menthol.<\/p>\n<p><strong>Mots cl\u00e9s : \u00c9tats-Unis, Maine, ar\u00f4mes, produits de la nicotine, interdiction<\/strong><\/p>\n<p style=\"text-align: justify;\"><strong><a href=\"https:\/\/www.generationsanstabac.org\/\">\u00a9G\u00e9n\u00e9ration Sans Tabac<\/a><\/strong><\/p>\n<p style=\"text-align: right;\"><b><i>AE<\/i><\/b><\/p>\n<hr \/>\n<p><a href=\"#_ftnref1\" name=\"_ftn1\">[1]<\/a> Rachel Ohm, <a href=\"https:\/\/www.pressherald.com\/2022\/02\/07\/portland-council-approves-ban-on-sale-of-flavored-tobacco-products\/\">Portland council approves ban on sale of flavored tobacco products<\/a>, Press Herald, 8 f\u00e9vrier 2022, consult\u00e9 le 9 f\u00e9vrier 2022<\/p>\n<p><a href=\"#_ftnref2\" name=\"_ftn2\">[2]<\/a> Thatcher Carter, <a href=\"https:\/\/www.pressherald.com\/2022\/02\/08\/brunswick-to-consider-ban-on-the-sale-of-flavored-tobacco-products\/\">Brunswick to consider ban on selling flavored tobacco products<\/a>, Press Herald, 8 f\u00e9vrier 2022, consult\u00e9 le 9 f\u00e9vrier 2022<\/p>\n<p><a href=\"#_ftnref3\" name=\"_ftn3\">[3]<\/a> Communiqu\u00e9 de presse, <a href=\"https:\/\/www.tobaccofreekids.org\/press-releases\/2022_02_08_portland-maine-flavors-ban\">In Big Win for Kids, Portland, Maine,Votes to End Sale of Flavored Tobacco Products<\/a>, Campaign for Tobacco-Free Kids, 8 f\u00e9vrier 2022, consult\u00e9 le 9 f\u00e9vrier 2022<\/p>\n<p><a href=\"#_ftnref4\" name=\"_ftn4\">[4]<\/a> G\u00e9n\u00e9ration sans tabac, <a href=\"https:\/\/www.generationsanstabac.org\/actualites\/californie-interdiction-aromes-reportee-recours-industrie-tabac\/\">Californie : l\u2019interdiction des ar\u00f4mes report\u00e9e suite au recours de l\u2019industrie du tabac<\/a>, 28 janvier 2021, consult\u00e9 le 9 f\u00e9vrier 2022<\/p>\n<p><a href=\"#_ftnref5\" name=\"_ftn5\">[5]<\/a> G\u00e9n\u00e9ration sans tabac, <a href=\"https:\/\/www.generationsanstabac.org\/actualites\/etats-unis-fda-interdisent-cigarettes-menthol\/\">Les \u00c9tats-Unis interdisent les cigarettes au menthol<\/a>, 29 avril 2021, consult\u00e9 le 9 f\u00e9vrier 2022<\/p>\n<p><span style=\"color: #999999;\"><strong><a style=\"color: #999999;\" href=\"http:\/\/www.cnct.fr\/\" target=\"_blank\" rel=\"noopener noreferrer\">Comit\u00e9 National Contre le Tabagisme |<\/a><\/strong><\/span><\/p>\n","protected":false},"excerpt":{"rendered":"<p>Le conseil municipal de Portland (Maine) a vot\u00e9 \u00e0 l&rsquo;unanimit\u00e9 le 7 f\u00e9vrier 2022 l&rsquo;interdiction des produits du tabac aromatis\u00e9s, y compris les e-cigarettes aromatis\u00e9es, les cigarettes menthol\u00e9es et les cigares aromatis\u00e9s \u00e0 partir du mois de juin 2022[1]. Cette interdiction fait de Portland la deuxi\u00e8me ville du Maine \u00e0 interdire les produits du tabac [&hellip;]<\/p>\n","protected":false},"featured_media":20592,"template":"","tags":[],"thematique":[502,516],"class_list":["post-20591","actualites","type-actualites","status-publish","has-post-thumbnail","hentry","thematique-justice","thematique-nouveaux-produits"],"acf":[],"_links":{"self":[{"href":"https:\/\/www.generationsanstabac.org\/fr\/wp-json\/wp\/v2\/actualites\/20591","targetHints":{"allow":["GET"]}}],"collection":[{"href":"https:\/\/www.generationsanstabac.org\/fr\/wp-json\/wp\/v2\/actualites"}],"about":[{"href":"https:\/\/www.generationsanstabac.org\/fr\/wp-json\/wp\/v2\/types\/actualites"}],"version-history":[{"count":0,"href":"https:\/\/www.generationsanstabac.org\/fr\/wp-json\/wp\/v2\/actualites\/20591\/revisions"}],"wp:featuredmedia":[{"embeddable":true,"href":"https:\/\/www.generationsanstabac.org\/fr\/wp-json\/wp\/v2\/media\/20592"}],"wp:attachment":[{"href":"https:\/\/www.generationsanstabac.org\/fr\/wp-json\/wp\/v2\/media?parent=20591"}],"wp:term":[{"taxonomy":"post_tag","embeddable":true,"href":"https:\/\/www.generationsanstabac.org\/fr\/wp-json\/wp\/v2\/tags?post=20591"},{"taxonomy":"thematique","embeddable":true,"href":"https:\/\/www.generationsanstabac.org\/fr\/wp-json\/wp\/v2\/thematique?post=20591"}],"curies":[{"name":"wp","href":"https:\/\/api.w.org\/{rel}","templated":true}]}}