{"id":20569,"date":"2022-01-19T13:00:45","date_gmt":"2022-01-19T12:00:45","guid":{"rendered":"https:\/\/www.generationsanstabac.org\/actualites\/le-canada-poursuit-son-historique-engagement-dans-la-lutte-contre-le-tabagisme\/"},"modified":"2022-01-19T13:00:45","modified_gmt":"2022-01-19T12:00:45","slug":"le-canada-poursuit-son-historique-engagement-dans-la-lutte-contre-le-tabagisme","status":"publish","type":"actualites","link":"https:\/\/www.generationsanstabac.org\/fr\/actualites\/le-canada-poursuit-son-historique-engagement-dans-la-lutte-contre-le-tabagisme\/","title":{"rendered":"Le Canada poursuit son engagement historique dans la lutte contre le tabagisme"},"content":{"rendered":"<p style=\"text-align: justify;\"><em>Lanc\u00e9e pour la premi\u00e8re fois en 1977 par le Conseil canadien pour le contr\u00f4le du tabac, la Semaine nationale sans tabac qui se d\u00e9roule du 16 au 22 janvier 2022 a pour objectif de sensibiliser sur les risques du tabac, d\u2019\u00e9viter l\u2019entr\u00e9e dans le tabagisme des jeunes tout en accompagnant les fumeurs d\u00e9sireux d\u2019arr\u00eater et de promouvoir des espaces sans tabac et sans fum\u00e9e \u00e0 travers le pays. C\u2019est l\u2019un \u00e9v\u00e9nements de sant\u00e9 publique les plus longs de l&rsquo;histoire du Canada et particuli\u00e8rement suivi au Qu\u00e9bec.<\/em><\/p>\n<p style=\"text-align: justify;\">Pour l&rsquo;occasion, le <a href=\"https:\/\/quebecsanstabac.ca\/jarrete\/\">Conseil qu\u00e9b\u00e9cois sur le tabac et la sant\u00e9<\/a> (CQTS) alerte plus particuli\u00e8rement sur la situation de sa province et rappelle que, tout comme la pand\u00e9mie de Covid19, le tabagisme demeure un enjeu majeur de sant\u00e9 publique. On estime que 13 000 Qu\u00e9b\u00e9cois meurent pr\u00e9matur\u00e9ment chaque ann\u00e9e \u00e0 cause de tabagisme et que 400 000 vivent avec une maladie grave li\u00e9e au tabagisme. Pour cette \u00e9dition, le CQTS souhaite, \u00e0 travers de courtes vid\u00e9os diffus\u00e9es en ligne et sur les r\u00e9seaux sociaux, donner la parole aux victimes du tabagisme afin de d\u00e9montrer les effets d\u00e9vastateurs du tabac sur la sant\u00e9 des fumeurs et sur la vie de leurs proches, in\u00e9vitablement concern\u00e9s.<\/p>\n<h2 style=\"text-align: justify;\"><strong>Strat\u00e9gie pour un Qu\u00e9bec sans tabac d\u2019ici 2025<\/strong><\/h2>\n<p style=\"text-align: justify;\">Les autorit\u00e9s de sant\u00e9 publique du Qu\u00e9bec souhaitent que le taux de tabagisme au Qu\u00e9bec diminue de pr\u00e8s de moiti\u00e9 au cours des cinq prochaines ann\u00e9es pour repr\u00e9senter environ 10% de la population qu\u00e9b\u00e9coise. La Strat\u00e9gie pour un Qu\u00e9bec sans tabac 2020-2025, annonc\u00e9e en pleine crise de COVID-19, \u00e0 la fin mai 2020, propose ainsi quatre axes d\u2019intervention qui sont la d\u00e9normalisation du tabagisme, la pr\u00e9vention du tabagisme et du vapotage, le soutien \u00e0 l\u2019arr\u00eat du tabac ainsi que la protection contre la fum\u00e9e secondaire et tertiaire. Selon les derni\u00e8res enqu\u00eates de consommation, le taux de tabagisme au Qu\u00e9bec (toutes tranches d\u2019\u00e2ge confondues) avoisine les 18%, mais il est plus \u00e9lev\u00e9 dans certaines cat\u00e9gories de la population. De ce fait, une attention particuli\u00e8re sera accord\u00e9e aux populations vuln\u00e9rables. Cette attention portera aussi sur la mani\u00e8re dont les in\u00e9galit\u00e9s sociales li\u00e9es \u00e0 la sant\u00e9 entra\u00eenent des taux de tabagisme plus \u00e9lev\u00e9s. Cette situation est en effet particuli\u00e8rement v\u00e9rifi\u00e9e pour les personnes \u00e0 faible revenu, les jeunes adultes, les personnes souffrant de maladies mentales, ainsi que les populations indig\u00e8nes.<\/p>\n<h2 style=\"text-align: justify;\"><strong>L\u2019objectif d\u2019une g\u00e9n\u00e9ration sans tabac d\u2019ici 2035 \u00e0 l\u2019\u00e9chelle du pays<\/strong><\/h2>\n<p style=\"text-align: justify;\">\u00c0 l\u2019\u00e9chelle du pays, bien que les taux de tabagisme continuent de baisser, 15 % des Canadiens de 12 ans et plus fument encore r\u00e9guli\u00e8rement<a href=\"#_ftn1\" name=\"_ftnref1\">[1]<\/a>. Le tabac continue d&rsquo;\u00eatre la principale cause de maladies et de d\u00e9c\u00e8s dans le pays avec 48 000 d\u00e9c\u00e8s pr\u00e9matur\u00e9s.<\/p>\n<p style=\"text-align: justify;\">En 2018, le pays a lanc\u00e9 la nouvelle Strat\u00e9gie canadienne de lutte contre le tabagisme qui est soutenue par un financement de 330 millions de dollars canadiens sur cinq ans<a href=\"#_ftn2\" name=\"_ftnref2\">[2]<\/a>. Elle vise \u00e0 atteindre un taux de tabagisme de 5 % maximum d\u2019ici 2035 pour l\u2019ensemble de la population du Canada. Cette strat\u00e9gie s\u2019appuie sur les dispositions de la nouvelle <a href=\"https:\/\/www.canada.ca\/fr\/sante-canada\/services\/preoccupations-liees-sante\/tabagisme\/legislation\/lois-federales\/loi-tabac-lois.html\">Loi sur le tabac et les produits de vapotage<\/a> et comporte des mesures \u00e9prouv\u00e9es et mises en \u0153uvre \u00e0 l\u2019\u00e9chelle f\u00e9d\u00e9rale. \u00c0 cela s\u2019ajoutent des approches cibl\u00e9es en direction de cat\u00e9gories de la population o\u00f9 la pr\u00e9valence tabagique est plus \u00e9lev\u00e9e.<\/p>\n<p style=\"text-align: justify;\">Plusieurs provinces ont devanc\u00e9 les lois f\u00e9d\u00e9rales pour certaines mesures. Le territoire du <a href=\"https:\/\/www.generationsanstabac.org\/actualites\/nunavut-canada-renforce-dispositif-contre-tabac-produits-nicotine\/\">Nuvanut<\/a> par exemple a, dans sa nouvelle Loi sur le tabac et les produits du vapotage de mai 2021, \u00e9tendu l\u2019interdiction de fumer et de vapoter aux logements en location de bailleurs publics et aux logements du personnel du gouvernement du Nunavut. L&rsquo;\u00cele-du-Prince-\u00c9douard est la seule juridiction canadienne o\u00f9 l&rsquo;\u00e2ge minimum l\u00e9gal de vente est de 21 ans. Cette mesure a \u00e9t\u00e9 adopt\u00e9e en d\u00e9cembre 2019 et est entr\u00e9e en vigueur le 1er mars 2020.<\/p>\n<p style=\"text-align: justify;\"><strong>Mots-cl\u00e9s : Canada, Qu\u00e9bec, semaine sans tabac, tabagisme<\/strong><\/p>\n<p style=\"text-align: justify;\"><strong><a href=\"https:\/\/www.generationsanstabac.org\/\">\u00a9G\u00e9n\u00e9ration Sans Tabac<\/a><\/strong><\/p>\n<p style=\"text-align: right;\"><b><i>AE<\/i><\/b><\/p>\n<hr \/>\n<p><a href=\"#_ftnref1\" name=\"_ftn1\">[1]<\/a> <a href=\"https:\/\/www.cpha.ca\/tobacco-and-vaping-use-canada-moving-forward\">Tobacco and Vaping Use in Canada: Moving Forward<\/a>, Association canadienne de sant\u00e9 publique, 31 mai 2021, consult\u00e9 le 18 janvier 2022<\/p>\n<p><a href=\"#_ftnref2\" name=\"_ftn2\">[2]<\/a> Site du gouvernement canadien, <a href=\"https:\/\/www.canada.ca\/en\/health-canada\/services\/publications\/healthy-living\/canada-tobacco-strategy.html\">Canada&rsquo;s Tobacco Strategy<\/a>, derni\u00e8re mise \u00e0 jour le 29 juillet 2021, consult\u00e9 le 18 janvier 2022<\/p>\n<p><span style=\"color: #999999;\"><strong><a style=\"color: #999999;\" href=\"http:\/\/www.cnct.fr\/\" target=\"_blank\" rel=\"noopener noreferrer\">Comit\u00e9 National Contre le Tabagisme |<\/a><\/strong><\/span><\/p>\n","protected":false},"excerpt":{"rendered":"<p>Lanc\u00e9e pour la premi\u00e8re fois en 1977 par le Conseil canadien pour le contr\u00f4le du tabac, la Semaine nationale sans tabac qui se d\u00e9roule du 16 au 22 janvier 2022 a pour objectif de sensibiliser sur les risques du tabac, d\u2019\u00e9viter l\u2019entr\u00e9e dans le tabagisme des jeunes tout en accompagnant les fumeurs d\u00e9sireux d\u2019arr\u00eater et [&hellip;]<\/p>\n","protected":false},"featured_media":10825,"template":"","tags":[],"thematique":[491,474],"class_list":["post-20569","actualites","type-actualites","status-publish","has-post-thumbnail","hentry","thematique-politiques-publiques","thematique-sante"],"acf":[],"_links":{"self":[{"href":"https:\/\/www.generationsanstabac.org\/fr\/wp-json\/wp\/v2\/actualites\/20569","targetHints":{"allow":["GET"]}}],"collection":[{"href":"https:\/\/www.generationsanstabac.org\/fr\/wp-json\/wp\/v2\/actualites"}],"about":[{"href":"https:\/\/www.generationsanstabac.org\/fr\/wp-json\/wp\/v2\/types\/actualites"}],"version-history":[{"count":0,"href":"https:\/\/www.generationsanstabac.org\/fr\/wp-json\/wp\/v2\/actualites\/20569\/revisions"}],"wp:featuredmedia":[{"embeddable":true,"href":"https:\/\/www.generationsanstabac.org\/fr\/wp-json\/wp\/v2\/media\/10825"}],"wp:attachment":[{"href":"https:\/\/www.generationsanstabac.org\/fr\/wp-json\/wp\/v2\/media?parent=20569"}],"wp:term":[{"taxonomy":"post_tag","embeddable":true,"href":"https:\/\/www.generationsanstabac.org\/fr\/wp-json\/wp\/v2\/tags?post=20569"},{"taxonomy":"thematique","embeddable":true,"href":"https:\/\/www.generationsanstabac.org\/fr\/wp-json\/wp\/v2\/thematique?post=20569"}],"curies":[{"name":"wp","href":"https:\/\/api.w.org\/{rel}","templated":true}]}}