{"id":20566,"date":"2022-01-18T14:03:38","date_gmt":"2022-01-18T13:03:38","guid":{"rendered":"https:\/\/www.generationsanstabac.org\/actualites\/presidentielles-19-associations-de-sante-appellent-les-candidats-a-sengager-contre-le-tabagisme\/"},"modified":"2022-01-18T14:03:38","modified_gmt":"2022-01-18T13:03:38","slug":"presidentielles-19-associations-de-sante-appellent-les-candidats-a-sengager-contre-le-tabagisme","status":"publish","type":"actualites","link":"https:\/\/www.generationsanstabac.org\/fr\/actualites\/presidentielles-19-associations-de-sante-appellent-les-candidats-a-sengager-contre-le-tabagisme\/","title":{"rendered":"Pr\u00e9sidentielles : 19 associations de sant\u00e9 appellent les candidats \u00e0 s\u2019engager contre le tabagisme"},"content":{"rendered":"<p style=\"text-align: justify;\"><em>19 associations de sant\u00e9 publique appellent les candidats et les candidates \u00e0 l\u2019\u00e9lection pr\u00e9sidentielle \u00e0 s\u2019engager en faveur d\u2019une politique ambitieuse de lutte contre le tabagisme. Les signataires soulignent la n\u00e9cessit\u00e9 de mettre fin au \u00ab scandale industriel et sanitaire du tabagisme \u00bb, et de prot\u00e9ger les jeunes g\u00e9n\u00e9rations de l\u2019\u00e9pid\u00e9mie tabagique.<\/em><\/p>\n<p style=\"text-align: justify;\">L\u2019appel, port\u00e9 par l\u2019Alliance contre le tabac (ACT), a notamment \u00e9t\u00e9 cosign\u00e9 par des associations comme la Ligue contre le cancer, le Comit\u00e9 national contre le tabagisme (CNCT), la F\u00e9d\u00e9ration fran\u00e7aise de cardiologie ou encore par la Soci\u00e9t\u00e9 francophone de tabacologie. Pour les signataires, le renforcement des mesures de lutte contre le tabagisme r\u00e9pond \u00e0 une vraie attente de la part de la population fran\u00e7aise. En effet, selon l\u2019Alliance contre le tabac, 87% des Fran\u00e7ais sont favorables \u00e0 une G\u00e9n\u00e9ration sans tabac d\u2019ici 2030, tandis que neuf adolescents sur dix souhaiteraient vivre dans un monde sans tabac. Au-del\u00e0 du respect des mesures d\u00e9j\u00e0 en place, et de la poursuite d\u2019une politique fiscale dynamique, les associations appellent les candidats \u00e0 s\u2019engager notamment en faveur de trois mesures<a href=\"#_ftn1\" name=\"_ftnref1\">[1]<\/a>.<\/p>\n<h2 style=\"text-align: justify;\"><strong>Organiser la fin progressive de la vente de tabac pour prot\u00e9ger les prochaines g\u00e9n\u00e9rations <\/strong><\/h2>\n<p style=\"text-align: justify;\">Les associations de sant\u00e9 publique militent pour mettre fin \u00e0 la vente de tabac pour toutes les personnes n\u00e9es apr\u00e8s 2012. Toutefois, comme une \u00e9tude men\u00e9e par le CNCT le d\u00e9montrait, 65% des buralistes en 2019 vendaient des produits du tabac \u00e0 des mineurs, malgr\u00e9 l\u2019interdiction mise en \u0153uvre dix ans auparavant. Les associations proposent ainsi le renforcement des sanctions contre les contrevenants \u00e0 cette disposition de sant\u00e9 publique. Selon l\u2019ACT, sept fran\u00e7ais sur dix se d\u00e9clarent \u00e0 ce jour favorables \u00e0 une telle interdiction de la vente de tabac.<\/p>\n<h2 style=\"text-align: justify;\"><strong>Interdire la pr\u00e9sence de tabac aux abords de tous les \u00e9tablissements scolaires<\/strong><\/h2>\n<p style=\"text-align: justify;\">Selon les signataires de cet appel, la consommation de produits du tabac aux abords des \u00e9coles expose les jeunes g\u00e9n\u00e9rations au tabagisme passif, et contribue \u00e0 la banalisation et \u00e0 la normalisation de la consommation tabagique. Ainsi, les associations rappellent l\u2019imp\u00e9ratif \u00ab d\u2019\u00e9largir les zones enti\u00e8rement exemptes de tabac, particuli\u00e8rement pour les lieux fr\u00e9quent\u00e9s par des mineurs \u00bb. Ici encore, une telle mesure rencontre un r\u00e9el soutien de la part de la population, puisque sept fran\u00e7ais sur dix affirment \u00eatre favorables \u00e0 la mise en place de davantage d\u2019espaces publics ext\u00e9rieurs sans tabac.<\/p>\n<h2 style=\"text-align: justify;\"><strong>Renforcer la transparence du lobbying de l\u2019industrie du tabac : en enjeu pour les pr\u00e9sidentielles<br \/>\n<\/strong><\/h2>\n<p style=\"text-align: justify;\">En France comme ailleurs, l\u2019ing\u00e9rence de l\u2019industrie du tabac dans la d\u00e9cision publique est le principal obstacle \u00e0 la mise en place de politiques de sant\u00e9 publique efficaces, et donc \u00e0 la r\u00e9duction de l\u2019\u00e9pid\u00e9mie tabagique. Cette pression exerc\u00e9e par l\u2019industrie du tabac est pourtant contraire \u00e0 la Convention-cadre de l\u2019Organisation mondiale de la sant\u00e9 pour la lutte antitabac, qui limite dans son article 5.3 les interactions entre industriels et d\u00e9cideurs au strict minimum. Pour mieux neutraliser les efforts d\u2019influence de l\u2019industrie du tabac, les signataires de cet appel proposent aux candidats la mise en \u0153uvre de deux mesures. D\u2019une part, imposer aux parlementaires de d\u00e9clarer les auteurs et les instigateurs des amendements qu\u2019ils d\u00e9posent, et d\u2019autre part, imposer la transparence des interactions, en contraignant \u00e0 publier un compte-rendu de tous les \u00e9changes ayant lieu entre les d\u00e9cideurs et l\u2019industrie du tabac.<\/p>\n<p><strong><a href=\"https:\/\/www.generationsanstabac.org\/\">\u00a9G\u00e9n\u00e9ration Sans Tabac<\/a><\/strong><\/p>\n<p style=\"text-align: right;\"><b><i>FT<\/i><\/b><\/p>\n<hr \/>\n<p><strong>Mots cl\u00e9s : G\u00e9n\u00e9ration sans tabac, ACT, pr\u00e9sidentielles<br \/>\n<\/strong><\/p>\n<p style=\"text-align: justify;\"><a href=\"#_ftnref1\" name=\"_ftn1\">[1]<\/a> Alliance contre le tabac, <a href=\"https:\/\/alliancecontreletabac.org\/2022\/01\/14\/generation-2030-lappel-de-18-associations\/\">G\u00e9n\u00e9ration sans tabac : 9 adolescents sur 10 aimeraient vivre dans un monde sans tabac<\/a>, 14\/01\/2022, (consult\u00e9 le 18\/01\/2022)<\/p>\n<p><span style=\"color: #999999;\"><strong><a style=\"color: #999999;\" href=\"http:\/\/www.cnct.fr\/\" target=\"_blank\" rel=\"noopener noreferrer\">Comit\u00e9 National Contre le Tabagisme |<\/a><\/strong><\/span><\/p>\n","protected":false},"excerpt":{"rendered":"<p>19 associations de sant\u00e9 publique appellent les candidats et les candidates \u00e0 l\u2019\u00e9lection pr\u00e9sidentielle \u00e0 s\u2019engager en faveur d\u2019une politique ambitieuse de lutte contre le tabagisme. Les signataires soulignent la n\u00e9cessit\u00e9 de mettre fin au \u00ab scandale industriel et sanitaire du tabagisme \u00bb, et de prot\u00e9ger les jeunes g\u00e9n\u00e9rations de l\u2019\u00e9pid\u00e9mie tabagique. L\u2019appel, port\u00e9 par [&hellip;]<\/p>\n","protected":false},"featured_media":20567,"template":"","tags":[],"thematique":[491,474],"class_list":["post-20566","actualites","type-actualites","status-publish","has-post-thumbnail","hentry","thematique-politiques-publiques","thematique-sante"],"acf":[],"_links":{"self":[{"href":"https:\/\/www.generationsanstabac.org\/fr\/wp-json\/wp\/v2\/actualites\/20566","targetHints":{"allow":["GET"]}}],"collection":[{"href":"https:\/\/www.generationsanstabac.org\/fr\/wp-json\/wp\/v2\/actualites"}],"about":[{"href":"https:\/\/www.generationsanstabac.org\/fr\/wp-json\/wp\/v2\/types\/actualites"}],"version-history":[{"count":0,"href":"https:\/\/www.generationsanstabac.org\/fr\/wp-json\/wp\/v2\/actualites\/20566\/revisions"}],"wp:featuredmedia":[{"embeddable":true,"href":"https:\/\/www.generationsanstabac.org\/fr\/wp-json\/wp\/v2\/media\/20567"}],"wp:attachment":[{"href":"https:\/\/www.generationsanstabac.org\/fr\/wp-json\/wp\/v2\/media?parent=20566"}],"wp:term":[{"taxonomy":"post_tag","embeddable":true,"href":"https:\/\/www.generationsanstabac.org\/fr\/wp-json\/wp\/v2\/tags?post=20566"},{"taxonomy":"thematique","embeddable":true,"href":"https:\/\/www.generationsanstabac.org\/fr\/wp-json\/wp\/v2\/thematique?post=20566"}],"curies":[{"name":"wp","href":"https:\/\/api.w.org\/{rel}","templated":true}]}}