{"id":20551,"date":"2022-01-04T14:17:52","date_gmt":"2022-01-04T13:17:52","guid":{"rendered":"https:\/\/www.generationsanstabac.org\/actualites\/suisse-bras-de-fer-sur-linterdiction-de-publicite-pour-le-tabac-a-destination-des-mineurs\/"},"modified":"2022-01-04T14:17:52","modified_gmt":"2022-01-04T13:17:52","slug":"suisse-bras-de-fer-sur-linterdiction-de-publicite-pour-le-tabac-a-destination-des-mineurs","status":"publish","type":"actualites","link":"https:\/\/www.generationsanstabac.org\/fr\/actualites\/suisse-bras-de-fer-sur-linterdiction-de-publicite-pour-le-tabac-a-destination-des-mineurs\/","title":{"rendered":"Suisse : bras de fer sur l\u2019interdiction de publicit\u00e9 pour le tabac \u00e0 destination des mineurs"},"content":{"rendered":"<p style=\"text-align: justify;\"><em>En Suisse, une initiative populaire sera soumise au r\u00e9f\u00e9rendum le 13 f\u00e9vrier prochain. Consid\u00e9rant que l\u2019encadrement l\u00e9gal des produits du tabac n\u2019est aujourd\u2019hui pas suffisant pour garantir une protection satisfaisante aux jeunes g\u00e9n\u00e9rations, elle propose de restreindre la publicit\u00e9 pour le tabac. Cette initiative rencontre une franche hostilit\u00e9 d\u2019une partie des pouvoirs publics, perm\u00e9able \u00e0 l\u2019influence de l\u2019industrie du tabac.  <\/em><\/p>\n<p style=\"text-align: justify;\">L\u2019initiative populaire f\u00e9d\u00e9rale permet en Suisse de proposer une modification de la constitution f\u00e9d\u00e9rale. Les citoyens \u00e0 l\u2019origine de cette initiative disposent d\u2019un d\u00e9lai de 18 mois pour r\u00e9colter la signature manuscrite de 100 000 personnes disposant du droit de vote. Si le projet r\u00e9ussit, l\u2019initiative est soumise \u00e0 l\u2019ensemble du peuple suisse par r\u00e9f\u00e9rendum.<\/p>\n<h2 style=\"text-align: justify;\"><strong>Amender le cadre r\u00e9glementaire suisse, particuli\u00e8rement favorable \u00e0 l\u2019industrie du tabac<\/strong><\/h2>\n<p style=\"text-align: justify;\">Le texte de l\u2019initiative populaire, lanc\u00e9 par plusieurs organisations de sant\u00e9 et de promotion de la jeunesse, propose l\u2019interdiction de \u00ab toute forme de publicit\u00e9 qui atteint les enfants et les jeunes \u00bb. Ainsi, cette interdiction de la publicit\u00e9 ne serait pas totale, elle serait toutefois restreinte \u00e0 un nombre limit\u00e9 de m\u00e9diums : revues, prospectus, courriels et contenus cibl\u00e9s destin\u00e9s au majeurs<a href=\"#_ftn1\" name=\"_ftnref1\">[1]<\/a>. Dans le cas o\u00f9 cette proposition rencontrerait le soutien populaire des Suisses, elle permettrait n\u00e9anmoins une r\u00e9elle progression du cadre r\u00e9glementaire, particuli\u00e8rement favorable actuellement \u00e0 l\u2019industrie du tabac. La Suisse, un des rares pays du monde \u00e0 ne pas avoir ratifi\u00e9 la Convention-cadre de l\u2019Organisation mondiale de la sant\u00e9 pour la lutte antitabac (CCLAT), est aujourd\u2019hui consid\u00e9r\u00e9e comme <a href=\"https:\/\/www.generationsanstabac.org\/actualites\/la-suisse-place-forte-de-linfluence-des-cigarettiers-en-europe\/\">une place forte pour les multinationales de tabac<\/a>. La tr\u00e8s forte influence de l\u2019industrie du tabac sur la d\u00e9cision publique suisse est un \u00e9l\u00e9ment de blocage essentiel pour la sant\u00e9 publique : depuis 2013, aucune hausse de taxes n\u2019a \u00e9t\u00e9 appliqu\u00e9e sur les produits du tabac.<\/p>\n<h2 style=\"text-align: justify;\"><strong>Un contre-projet pour neutraliser l\u2019initiative populaire suisse<\/strong><\/h2>\n<p style=\"text-align: justify;\">La r\u00e9action de l\u2019industrie du tabac \u00e0 cette initiative populaire ne s\u2019est pas fait attendre. En effet, comme le relaie le m\u00e9dia Swissinfo, le gouvernement et le Parlement f\u00e9d\u00e9ral suisse consid\u00e8rent que la proposition de restriction va trop loin. De ce fait, ils opposent \u00e0 l\u2019initiative un contre-projet, sous la forme d\u2019une nouvelle loi plus permissive. Cette derni\u00e8re se limiterait \u00e0 interdire l\u2019affichage dans l\u2019espace public, la distribution d\u2019\u00e9chantillons gratuits, la publicit\u00e9 dans les transports publics, ou sur les terrains de sport. En revanche, elle continuerait de permettre aux fabricants de faire de la publicit\u00e9 sur Internet, sur les r\u00e9seaux sociaux, dans les journaux gratuits, ainsi que dans les festivals, allant \u00e0 l\u2019encontre de l\u2019imp\u00e9ratif de prot\u00e9ger les jeunes de la publicit\u00e9 en faveur des produits du tabac<a href=\"#_ftn2\" name=\"_ftnref2\">[2]<\/a>.<\/p>\n<h2 style=\"text-align: justify;\"><strong>Les milieux \u00e9conomiques mobilis\u00e9s par l\u2019industrie du tabac pour d\u00e9cr\u00e9dibiliser la mesure de sant\u00e9<\/strong><\/h2>\n<p style=\"text-align: justify;\">Dans une interview, le d\u00e9l\u00e9gu\u00e9 politique du Centre patronal Patrick Eperon a qualifi\u00e9 la proposition de l\u2019initiative populaire d\u2019\u00ab inacceptable \u00bb, \u00ab extr\u00eame \u00bb et \u00ab superflue \u00bb, annonciatrice de prochaines restrictions \u00ab hygi\u00e9nistes \u00bb pour des produits comme la viande, le vin ou la bi\u00e8re. Pour le responsable, une telle d\u00e9cision aurait des cons\u00e9quences n\u00e9fastes pour l\u2019\u00e9conomie suisse. Pourtant, la proposition de l\u2019initiative populaire se situe en-de\u00e7\u00e0 de l\u2019interdiction totale de publicit\u00e9 en faveur du tabac, en vigueur dans un grand nombre de pays europ\u00e9ens. Cette forte opposition \u00e0 l\u2019initiative populaire suisse souligne d\u2019une part l\u2019importance pour les cigarettiers de cibler les jeunes g\u00e9n\u00e9rations, et d\u2019autre part l\u2019opposition de l\u2019industrie du tabac \u00e0 toute mesure efficace de sant\u00e9 publique. Comme le montre cet exemple, l\u2019industrie du tabac mobilise fortement des tierces-parties pour faire valoir ses int\u00e9r\u00eats sur le d\u00e9bat public.<\/p>\n<p><strong>Mots cl\u00e9s : Suisse, Publicit\u00e9, Initiative Populaire<br \/>\n<\/strong><\/p>\n<p><strong><a href=\"https:\/\/www.generationsanstabac.org\/\">\u00a9G\u00e9n\u00e9ration Sans Tabac<\/a><\/strong><\/p>\n<p style=\"text-align: right;\"><b><i>FT<\/i><\/b><\/p>\n<hr \/>\n<p style=\"text-align: justify;\"><a href=\"#_ftnref1\" name=\"_ftn1\">[1]<\/a> Swissinfo.ch, \u00ab <a href=\"https:\/\/www.swissinfo.ch\/fre\/economie\/-on-ne-peut-pas-promouvoir-le-tabac-aupr%C3%A8s-des-jeunes--tout-en-leur-interdisant-de-le-consommer-\/47222588\">On ne peut pas promouvoir le tabac aupr\u00e8s des jeunes, tout en leur interdisant de le consommer <\/a>\u00bb, 29\/12\/2021, (consult\u00e9 le 04\/01\/2021)<\/p>\n<p style=\"text-align: justify;\"><a href=\"#_ftnref2\" name=\"_ftn2\">[2]<\/a> Swissinfo.ch, <a href=\"https:\/\/www.swissinfo.ch\/fre\/-nous-craignons-que-l-initiative-sur-le-tabac-n-ouvre-la-porte-%C3%A0-d-autres-interdictions-de-publicit%C3%A9-\/47222474\">\u00ab Nous craignons que l\u2019initiative sur le tabac n\u2019ouvre la porte \u00e0 d\u2019autres interdictions de publicit\u00e9 \u00bb<\/a> , 29\/12\/2021, (consult\u00e9 le 04\/01\/2021)<\/p>\n<p><span style=\"color: #999999;\"><strong><a style=\"color: #999999;\" href=\"http:\/\/www.cnct.fr\/\" target=\"_blank\" rel=\"noopener noreferrer\">Comit\u00e9 National Contre le Tabagisme |<\/a><\/strong><\/span><\/p>\n","protected":false},"excerpt":{"rendered":"<p>En Suisse, une initiative populaire sera soumise au r\u00e9f\u00e9rendum le 13 f\u00e9vrier prochain. Consid\u00e9rant que l\u2019encadrement l\u00e9gal des produits du tabac n\u2019est aujourd\u2019hui pas suffisant pour garantir une protection satisfaisante aux jeunes g\u00e9n\u00e9rations, elle propose de restreindre la publicit\u00e9 pour le tabac. Cette initiative rencontre une franche hostilit\u00e9 d\u2019une partie des pouvoirs publics, perm\u00e9able \u00e0 [&hellip;]<\/p>\n","protected":false},"featured_media":10794,"template":"","tags":[],"thematique":[507],"class_list":["post-20551","actualites","type-actualites","status-publish","has-post-thumbnail","hentry","thematique-marketing-publicite"],"acf":[],"_links":{"self":[{"href":"https:\/\/www.generationsanstabac.org\/fr\/wp-json\/wp\/v2\/actualites\/20551","targetHints":{"allow":["GET"]}}],"collection":[{"href":"https:\/\/www.generationsanstabac.org\/fr\/wp-json\/wp\/v2\/actualites"}],"about":[{"href":"https:\/\/www.generationsanstabac.org\/fr\/wp-json\/wp\/v2\/types\/actualites"}],"version-history":[{"count":0,"href":"https:\/\/www.generationsanstabac.org\/fr\/wp-json\/wp\/v2\/actualites\/20551\/revisions"}],"wp:featuredmedia":[{"embeddable":true,"href":"https:\/\/www.generationsanstabac.org\/fr\/wp-json\/wp\/v2\/media\/10794"}],"wp:attachment":[{"href":"https:\/\/www.generationsanstabac.org\/fr\/wp-json\/wp\/v2\/media?parent=20551"}],"wp:term":[{"taxonomy":"post_tag","embeddable":true,"href":"https:\/\/www.generationsanstabac.org\/fr\/wp-json\/wp\/v2\/tags?post=20551"},{"taxonomy":"thematique","embeddable":true,"href":"https:\/\/www.generationsanstabac.org\/fr\/wp-json\/wp\/v2\/thematique?post=20551"}],"curies":[{"name":"wp","href":"https:\/\/api.w.org\/{rel}","templated":true}]}}