{"id":20545,"date":"2021-12-16T16:30:11","date_gmt":"2021-12-16T15:30:11","guid":{"rendered":"https:\/\/www.generationsanstabac.org\/actualites\/le-mexique-renforce-ses-mesures-de-lutte-contre-le-tabagisme\/"},"modified":"2021-12-16T16:30:11","modified_gmt":"2021-12-16T15:30:11","slug":"le-mexique-renforce-ses-mesures-de-lutte-contre-le-tabagisme","status":"publish","type":"actualites","link":"https:\/\/www.generationsanstabac.org\/fr\/actualites\/le-mexique-renforce-ses-mesures-de-lutte-contre-le-tabagisme\/","title":{"rendered":"Le Mexique renforce ses mesures de lutte contre le tabagisme"},"content":{"rendered":"<p style=\"text-align: justify;\"><em>Le S\u00e9nat mexicain a approuv\u00e9 \u00e0 l\u2019unanimit\u00e9<a href=\"#_ftn1\" name=\"_ftnref1\"><strong>[1]<\/strong><\/a> des amendements \u00e0 la l\u00e9gislation sur le contr\u00f4le du tabac qui incluent une interdiction totale de la publicit\u00e9, de la promotion et du parrainage du tabac. Ils interdisent \u00e9galement de fumer &#8211; y compris l&rsquo;utilisation de cigarettes \u00e9lectroniques ou de produits du tabac chauff\u00e9s &#8211; dans tous les espaces \u00e0 usage collectif<a href=\"#_ftn2\" name=\"_ftnref2\"><strong>[2]<\/strong><\/a>, rendant la loi mexicaine antitabac conforme \u00e0 la Convention-cadre de l&rsquo;Organisation mondiale de la sant\u00e9 pour la lutte antitabac, que le Mexique a ratifi\u00e9e en 2004.<\/em><\/p>\n<p style=\"text-align: justify;\">Si le projet de loi est approuv\u00e9 et promulgu\u00e9 par le Pr\u00e9sident de la r\u00e9publique, le Mexique serait le 24e pays sur 35 dans la r\u00e9gion des Am\u00e9riques \u00e0 parvenir \u00e0 des environnements totalement sans tabac et sans fum\u00e9e ainsi que le neuvi\u00e8me \u00e0 obtenir une interdiction absolue (soit directement, soit indirectement, par tout moyen de diffusion ou de communication) de la publicit\u00e9, de la promotion et du parrainage du tabac.<\/p>\n<h2 style=\"text-align: justify;\"><strong>Des mesures protectrices \u00e0 l\u2019\u00e9gard de l\u2019ensemble de la population<\/strong><\/h2>\n<p style=\"text-align: justify;\">Les organisations de la soci\u00e9t\u00e9 civile ont c\u00e9l\u00e9br\u00e9 la d\u00e9cision du S\u00e9nat de la R\u00e9publique d&rsquo;approuver la r\u00e9forme de la l\u00e9gislation de lutte antitabac apr\u00e8s 13 ans d&rsquo;absence de progr\u00e8s dans les politiques publiques de lutte antitabac au Mexique<a href=\"#_ftn3\" name=\"_ftnref3\">[3]<\/a>. Ces amendements permettront de contribuer \u00e0 la r\u00e9duction du tabagisme et \u00e0 prot\u00e9ger les 130 millions d\u2019habitants de la consommation et de l\u2019exposition \u00e0 la fum\u00e9e secondaire. Pr\u00e8s de 14 millions de Mexicains, soit 17 % de la population \u00e2g\u00e9s de plus de 15 ans fument r\u00e9guli\u00e8rement du tabac (un homme sur 4 et une femme sur 13). Environ 51 500 Mexicains meurent chaque ann\u00e9e de maladies li\u00e9es au tabac, ce qui repr\u00e9sente 10 % de tous les d\u00e9c\u00e8s. Environ 20 % des adultes sont expos\u00e9s \u00e0 la fum\u00e9e secondaire sur leur lieu de travail.<\/p>\n<p style=\"text-align: justify;\">Les acteurs de la soci\u00e9t\u00e9 civile ont \u00e9galement f\u00e9licit\u00e9 le S\u00e9nat mexicain d\u2019avoir su r\u00e9sister au lobby tr\u00e8s actif de l\u2019industrie du tabac et de ses alli\u00e9s lors de la r\u00e9daction de ces amendements. Selon eux, il s\u2019agit d\u2019un exemple \u00e0 suivre pour les futures r\u00e9formes.<\/p>\n<p style=\"text-align: justify;\"><strong>Mots cl\u00e9s : Mexique, CCLAT, lutte antitabac, publicit\u00e9, tabagisme passif<\/strong><\/p>\n<p><strong>\u00a9Cr\u00e9dit photo : <a href=\"https:\/\/www.tobaccofreekids.org\/press-releases\/2021_12_15_mexico-revision-general-law\" target=\"_blank\" rel=\"noopener\">Campaign for Tobacco-Free Kids<\/a><\/strong><\/p>\n<p style=\"text-align: justify;\"><strong><a href=\"https:\/\/www.generationsanstabac.org\/\">\u00a9G\u00e9n\u00e9ration Sans Tabac<\/a><\/strong><\/p>\n<p style=\"text-align: right;\"><b><i>AE<\/i><\/b><\/p>\n<hr \/>\n<p><a href=\"#_ftnref1\" name=\"_ftn1\">[1]<\/a> <a href=\"https:\/\/saludjusta.mx\/senado-de-la-republica-termina-con-13-anos-de-retraso-legislativo-en-control-de-tabaco\/\">SENADO DE LA REP\u00daBLICA TERMINA CON 13 A\u00d1OS DE RETRASO LEGISLATIVO EN CONTROL DE TABACO<\/a>, Salud Justa, 15 d\u00e9cembre 2021, consult\u00e9 le 16 d\u00e9cembre 2021<\/p>\n<p><a href=\"#_ftnref2\" name=\"_ftn2\">[2]<\/a> <a href=\"https:\/\/www.infobae.com\/america\/mexico\/2021\/10\/27\/organizaciones-civiles-buscan-que-en-el-senado-se-vote-a-favor-de-espacios-100-libres-de-humo-de-tabaco\/\">M\u00e9xico 100% libre de humo: en qu\u00e9 consiste la nueva reforma a la Ley General para el Control Tabaco<\/a>, Infobae, 15 d\u00e9cembre 2021, consult\u00e9 le 16 d\u00e9cembre 2021<\/p>\n<p><a href=\"#_ftnref3\" name=\"_ftn3\">[3]<\/a> Communiqu\u00e9 de presse, <a href=\"https:\/\/www.tobaccofreekids.org\/es\/comunicados-prensa\/2021_12_15_mexico-enmienda-ley-general\">La enmienda a la Ley General para el Control del Tabaco de M\u00e9xico reducir\u00e1 el tabaquismo y proteger\u00e1 a casi 130 millones de personas<\/a>, Campaign for Tobacco-Free Kids, 15 d\u00e9cembre 2021, consult\u00e9 le 16 d\u00e9cembre 2021<\/p>\n<p><span style=\"color: #999999;\"><strong><a style=\"color: #999999;\" href=\"http:\/\/www.cnct.fr\/\" target=\"_blank\" rel=\"noopener noreferrer\">Comit\u00e9 National Contre le Tabagisme |<\/a><\/strong><\/span><\/p>\n","protected":false},"excerpt":{"rendered":"<p>Le S\u00e9nat mexicain a approuv\u00e9 \u00e0 l\u2019unanimit\u00e9[1] des amendements \u00e0 la l\u00e9gislation sur le contr\u00f4le du tabac qui incluent une interdiction totale de la publicit\u00e9, de la promotion et du parrainage du tabac.<\/p>\n","protected":false},"featured_media":10782,"template":"","tags":[],"thematique":[491],"class_list":["post-20545","actualites","type-actualites","status-publish","has-post-thumbnail","hentry","thematique-politiques-publiques"],"acf":[],"_links":{"self":[{"href":"https:\/\/www.generationsanstabac.org\/fr\/wp-json\/wp\/v2\/actualites\/20545","targetHints":{"allow":["GET"]}}],"collection":[{"href":"https:\/\/www.generationsanstabac.org\/fr\/wp-json\/wp\/v2\/actualites"}],"about":[{"href":"https:\/\/www.generationsanstabac.org\/fr\/wp-json\/wp\/v2\/types\/actualites"}],"version-history":[{"count":0,"href":"https:\/\/www.generationsanstabac.org\/fr\/wp-json\/wp\/v2\/actualites\/20545\/revisions"}],"wp:featuredmedia":[{"embeddable":true,"href":"https:\/\/www.generationsanstabac.org\/fr\/wp-json\/wp\/v2\/media\/10782"}],"wp:attachment":[{"href":"https:\/\/www.generationsanstabac.org\/fr\/wp-json\/wp\/v2\/media?parent=20545"}],"wp:term":[{"taxonomy":"post_tag","embeddable":true,"href":"https:\/\/www.generationsanstabac.org\/fr\/wp-json\/wp\/v2\/tags?post=20545"},{"taxonomy":"thematique","embeddable":true,"href":"https:\/\/www.generationsanstabac.org\/fr\/wp-json\/wp\/v2\/thematique?post=20545"}],"curies":[{"name":"wp","href":"https:\/\/api.w.org\/{rel}","templated":true}]}}