{"id":20544,"date":"2021-12-15T09:09:16","date_gmt":"2021-12-15T08:09:16","guid":{"rendered":"https:\/\/www.generationsanstabac.org\/actualites\/oms-la-journee-mondiale-sans-tabac-sera-axee-autour-de-lenvironnement\/"},"modified":"2021-12-15T09:09:16","modified_gmt":"2021-12-15T08:09:16","slug":"oms-la-journee-mondiale-sans-tabac-sera-axee-autour-de-lenvironnement","status":"publish","type":"actualites","link":"https:\/\/www.generationsanstabac.org\/fr\/actualites\/oms-la-journee-mondiale-sans-tabac-sera-axee-autour-de-lenvironnement\/","title":{"rendered":"OMS : la Journ\u00e9e mondiale sans tabac sera ax\u00e9e autour de l\u2019environnement"},"content":{"rendered":"<p style=\"text-align: justify;\"><em>L\u2019Organisation mondiale de la sant\u00e9 (OMS) a annonc\u00e9 lundi 13 d\u00e9cembre que sa campagne pour la Journ\u00e9e mondiale sans tabac sera ax\u00e9e autour du th\u00e8me suivant : \u00ab Le tabac : une menace pour notre environnement \u00bb. <\/em><\/p>\n<p style=\"text-align: justify;\">Cette campagne visera d\u2019une part \u00e0 fournir aux fumeurs une raison suppl\u00e9mentaire de stopper leur consommation, mais \u00e9galement \u00e0 rendre compte des strat\u00e9gies mises en place par l\u2019industrie du tabac pour \u00ab \u00e9cologiser \u00bb son image, sa r\u00e9putation, et ses produits, en cherchant \u00e0 se faire passer pour un acteur responsable et soucieux de l\u2019environnement et du d\u00e9veloppement durable<a href=\"#_ftn1\" name=\"_ftnref1\">[1]<\/a>.<\/p>\n<h2 style=\"text-align: justify;\"><strong>L\u2019impact d\u00e9cisif de l\u2019industrie du tabac<\/strong><\/h2>\n<p style=\"text-align: justify;\">Comme le rappelle l\u2019OMS, l\u2019industrie du tabac contribue significativement au r\u00e9chauffement climatique, avec une \u00e9mission annuelle de 84 millions de tonnes en \u00e9quivalent dioxyde de carbone, soit l\u2019\u00e9quivalent d\u2019un pays comme le P\u00e9rou ou Isra\u00ebl. De la m\u00eame fa\u00e7on, la culture du tabac entra\u00eene une d\u00e9forestation massive, concentr\u00e9e dans les pays en d\u00e9veloppement, conduisant \u00e0 la fois \u00e0 des ph\u00e9nom\u00e8nes d\u2019inondations et de diminution de l\u2019acc\u00e8s \u00e0 l\u2019eau potable. L\u2019industrie du tabac mobilise par ailleurs de grandes quantit\u00e9s de pesticides et de produits chimiques pour la culture du tabac, polluant ainsi durablement les sols et les nappes phr\u00e9atiques. Pour le Dr Ruediger Krech, directeur de la Promotion de la sant\u00e9 \u00e0 l\u2019OMS, \u00ab les impacts environnementaux de la consommation de tabac ajoutent une pression inutile sur les ressources d\u00e9j\u00e0 rares et les \u00e9cosyst\u00e8mes fragiles de notre plan\u00e8te \u00bb.<\/p>\n<h2 style=\"text-align: justify;\"><strong>L\u2019environnement, un levier de communication pour am\u00e9liorer l\u2019image des fabricants <\/strong><\/h2>\n<p style=\"text-align: justify;\">Alors que l\u2019impact de l\u2019activit\u00e9 de l\u2019industrie du tabac s\u2019oppose \u00e0 au moins 12 des 17 objectifs de d\u00e9veloppement durable \u00e9tablis par l\u2019OMS, les fabricants tendent \u00e0 articuler leur communication sur leur responsabilit\u00e9 sociale, et notamment leur responsabilit\u00e9 en mati\u00e8re environnementale. Cette strat\u00e9gie passe en particulier par le financement de projets et d\u2019organisations dans le cadre d\u2019initiatives dites de responsabilit\u00e9 sociale des entreprises (RSE). Ces pratiques ont notamment pour objectif de cr\u00e9dibiliser l\u2019image d\u00e9t\u00e9rior\u00e9e des fabricants de tabac aupr\u00e8s des d\u00e9cideurs publics, et d\u2019instaurer une relation partenariale avec les pouvoirs publics. Industrie du tabac et RSE sont pourtant peu compatibles : le Pacte mondial de l\u2019ONU (UNGC) reconna\u00eet \u00ab un conflit d\u2019int\u00e9r\u00eats entre [les produits de l\u2019industrie du tabac] et les droits de l\u2019homme, le droit \u00e0 la sant\u00e9 publique, \u00e0 la s\u00e9curit\u00e9 internationale et \u00e0 la paix. La strat\u00e9gie de r\u00e9duction de la pr\u00e9valence tabagique s\u2019inscrit dans un objectif beaucoup plus large que de garantir simplement un droit \u00e0 la sant\u00e9, et vise \u00e0 contribuer \u00e0 la lutte contre le r\u00e9chauffement climatique, \u00e0 la pr\u00e9servation de l\u2019environnement et du vivant, et permettre une croissance \u00e9conomique durable, respectueuse des diff\u00e9rents besoins sociaux.<\/p>\n<p style=\"text-align: justify;\"><strong>Mots cl\u00e9s : OMS, RSE, JMST<br \/>\n<\/strong><\/p>\n<p style=\"text-align: justify;\"><strong><a href=\"https:\/\/www.generationsanstabac.org\/\">\u00a9G\u00e9n\u00e9ration Sans Tabac<\/a><\/strong><\/p>\n<p style=\"text-align: right;\"><b><i>FT<\/i><\/b><\/p>\n<hr \/>\n<p style=\"text-align: justify;\"><a href=\"#_ftnref1\" name=\"_ftn1\">[1]<\/a> World Health Organization, <a href=\"https:\/\/www.who.int\/news\/item\/13-12-2021-protect-the-environment-world-no-tobacco-day-2022-will-give-you-one-more-reason-to-quit\">Protect the environment, World No Tobacco Day 2022 will give you one more reason to quit<\/a>, 13\/12\/2021, (consult\u00e9 le 14\/12\/2021)<\/p>\n<p style=\"text-align: justify;\"><span style=\"color: #999999;\"><strong><a style=\"color: #999999;\" href=\"http:\/\/www.cnct.fr\/\" target=\"_blank\" rel=\"noopener noreferrer\">Comit\u00e9 National Contre le Tabagisme |<\/a><\/strong><\/span><\/p>\n","protected":false},"excerpt":{"rendered":"<p>L\u2019Organisation mondiale de la sant\u00e9 (OMS) a annonc\u00e9 lundi 13 d\u00e9cembre que sa campagne pour la Journ\u00e9e mondiale sans tabac sera ax\u00e9e autour du th\u00e8me suivant : \u00ab Le tabac : une menace pour notre environnement \u00bb.<\/p>\n","protected":false},"featured_media":10780,"template":"","tags":[],"thematique":[480],"class_list":["post-20544","actualites","type-actualites","status-publish","has-post-thumbnail","hentry","thematique-environnement"],"acf":[],"_links":{"self":[{"href":"https:\/\/www.generationsanstabac.org\/fr\/wp-json\/wp\/v2\/actualites\/20544","targetHints":{"allow":["GET"]}}],"collection":[{"href":"https:\/\/www.generationsanstabac.org\/fr\/wp-json\/wp\/v2\/actualites"}],"about":[{"href":"https:\/\/www.generationsanstabac.org\/fr\/wp-json\/wp\/v2\/types\/actualites"}],"version-history":[{"count":0,"href":"https:\/\/www.generationsanstabac.org\/fr\/wp-json\/wp\/v2\/actualites\/20544\/revisions"}],"wp:featuredmedia":[{"embeddable":true,"href":"https:\/\/www.generationsanstabac.org\/fr\/wp-json\/wp\/v2\/media\/10780"}],"wp:attachment":[{"href":"https:\/\/www.generationsanstabac.org\/fr\/wp-json\/wp\/v2\/media?parent=20544"}],"wp:term":[{"taxonomy":"post_tag","embeddable":true,"href":"https:\/\/www.generationsanstabac.org\/fr\/wp-json\/wp\/v2\/tags?post=20544"},{"taxonomy":"thematique","embeddable":true,"href":"https:\/\/www.generationsanstabac.org\/fr\/wp-json\/wp\/v2\/thematique?post=20544"}],"curies":[{"name":"wp","href":"https:\/\/api.w.org\/{rel}","templated":true}]}}