{"id":20543,"date":"2021-12-15T08:57:09","date_gmt":"2021-12-15T07:57:09","guid":{"rendered":"https:\/\/www.generationsanstabac.org\/actualites\/la-nouvelle-zelande-va-interdire-le-tabac-aux-futures-generations\/"},"modified":"2021-12-15T08:57:09","modified_gmt":"2021-12-15T07:57:09","slug":"la-nouvelle-zelande-va-interdire-le-tabac-aux-futures-generations","status":"publish","type":"actualites","link":"https:\/\/www.generationsanstabac.org\/fr\/actualites\/la-nouvelle-zelande-va-interdire-le-tabac-aux-futures-generations\/","title":{"rendered":"La Nouvelle-Z\u00e9lande va interdire le tabac aux futures g\u00e9n\u00e9rations"},"content":{"rendered":"<p style=\"text-align: justify;\"><em>La Nouvelle-Z\u00e9lande interdira la vente de tabac \u00e0 sa prochaine g\u00e9n\u00e9ration, dans le but d&rsquo;\u00e9liminer progressivement le tabagisme. Il sera interdit de vendre des cigarettes ou autres produits du tabac \u00e0 toute personne n\u00e9e apr\u00e8s 2008 selon une loi qui devrait \u00eatre promulgu\u00e9e l&rsquo;ann\u00e9e prochaine.<\/em><\/p>\n<p style=\"text-align: justify;\">La Nouvelle-Z\u00e9lande est d\u00e9termin\u00e9e \u00e0 atteindre son objectif d\u2019une g\u00e9n\u00e9ration sans tabac d\u2019ici 2025 (5% de la population totale consommant du tabac).  Actuellement, 13,4% de tous les N\u00e9o-Z\u00e9landais \u00e2g\u00e9s de plus de 15 ans fument, une proportion qui monte \u00e0 31% parmi les indig\u00e8nes maoris. Les Maoris souffrent \u00e9galement d&rsquo;un taux plus \u00e9lev\u00e9 de maladies et de d\u00e9c\u00e8s.<\/p>\n<h2 style=\"text-align: justify;\"><strong>Des in\u00e9galit\u00e9s importantes parmi les populations du pays<\/strong><\/h2>\n<p style=\"text-align: justify;\">Bien que les taux de tabagisme diminuent, il existe encore des in\u00e9galit\u00e9s importantes pour les Maoris, les peuples du Pacifique et ceux vivant dans des zones socio-\u00e9conomiquement d\u00e9favoris\u00e9es. Le taux de tabagisme actuel des adultes n\u00e9o-z\u00e9landais est de 13,4 % en 2019\/2020, contre 16,6 % en 2014\/15  et 18,2 % en 2011\/12. En revanche le taux de tabagisme actuel des Maoris est de 31,4 % en 2019\/20, contre 38,1 % en 2015\/15 et 40,2 % en 2011\/12. Les femmes maories ont le taux de tabagisme le plus \u00e9lev\u00e9 de Nouvelle-Z\u00e9lande, \u00e0 32 %.<\/p>\n<h2 style=\"text-align: justify;\"><strong>Une mesure drastique et in\u00e9dite pour \u00e9liminer progressivement le tabagisme<\/strong><\/h2>\n<p style=\"text-align: justify;\">L\u2019objectif d\u2019une g\u00e9n\u00e9ration sans tabac dans le pays d\u2019ici 2025 a \u00e9t\u00e9 d\u00e9fini en 2011<a href=\"#_ftn1\" name=\"_ftnref1\">[1]<\/a>. Selon le gouvernement, les mesures actuellement en place (taxes, lieux sans tabac, paquet neutre etc.) ont permis de r\u00e9duire de mani\u00e8re consid\u00e9rable la consommation mais il subsiste des in\u00e9galit\u00e9s n\u00e9cessitant des mesures additionnelles. Le 9 d\u00e9cembre 2021<a href=\"#_ftn2\" name=\"_ftnref2\">[2]<\/a>, Ayesha Verrall, la ministre de la sant\u00e9 n\u00e9o-z\u00e9landaise a ainsi d\u00e9voil\u00e9 un nouveau plan visant \u00e0 \u00e9lever progressivement l\u2019\u00e2ge l\u00e9gal du client auquel un d\u00e9bitant peut vendre du tabac. La r\u00e9glementation en vigueur interdit la vente de tabac aux N\u00e9o-Z\u00e9landais de moins de 18 ans comme en France et de nombreux autres pays. Mais, \u00e0 partir de 2027, cet \u00e2ge limite augmentera d\u2019un an tous les ans et le taux de nicotine des cigarettes sera progressivement r\u00e9duit. Le nombre de magasins autoris\u00e9s \u00e0 vendre du tabac sera consid\u00e9rablement r\u00e9duit \u00e0 moins de 500, contre environ 8 000 actuellement.<\/p>\n<p style=\"text-align: justify;\">Ces mesures feront de la Nouvelle-Z\u00e9lande l\u2019un des pays les plus restrictifs au monde en mesure de lutte contre le tabagisme.<\/p>\n<p style=\"text-align: justify;\"><strong>Mots cl\u00e9s : Nouvelle Z\u00e9lande, g\u00e9n\u00e9ration sans tabac, endgame<\/strong><\/p>\n<p><strong><a href=\"https:\/\/www.generationsanstabac.org\/\">\u00a9G\u00e9n\u00e9ration Sans Tabac<\/a><\/strong><\/p>\n<p style=\"text-align: right;\"><b><i>AE<\/i><\/b><\/p>\n<hr \/>\n<p><a href=\"#_ftnref1\" name=\"_ftn1\">[1]<\/a> <a href=\"https:\/\/www.health.govt.nz\/our-work\/preventative-health-wellness\/tobacco-control\/smokefree-aotearoa-2025-action-plan\/history-smokefree-aotearoa-2025\">History of Smokefree Aotearoa 2025<\/a>, Site du minist\u00e8re de la Sant\u00e9, Nouvelle-Z\u00e9lande, consult\u00e9 le 14 d\u00e9cembre 2021<\/p>\n<p><a href=\"#_ftnref2\" name=\"_ftn2\">[2]<\/a> <a href=\"https:\/\/www.health.govt.nz\/publication\/smokefree-aotearoa-2025-action-plan-auahi-kore-aotearoa-mahere-rautaki-2025\">Smokefree Aotearoa 2025 Action Plan &#8211; Auahi Kore Aotearoa Mahere Rautaki 2025<\/a>, Site du minist\u00e8re de la Sant\u00e9, Nouvelle-Z\u00e9lande, 9 d\u00e9cembre 2021, consult\u00e9 le 14 d\u00e9cembre 2021<\/p>\n<p><span style=\"color: #999999;\"><strong><a style=\"color: #999999;\" href=\"http:\/\/www.cnct.fr\/\" target=\"_blank\" rel=\"noopener noreferrer\">Comit\u00e9 National Contre le Tabagisme |<\/a><\/strong><\/span><\/p>\n","protected":false},"excerpt":{"rendered":"<p>La Nouvelle-Z\u00e9lande interdira la vente de tabac \u00e0 sa prochaine g\u00e9n\u00e9ration, dans le but d&rsquo;\u00e9liminer progressivement le tabagisme.<\/p>\n","protected":false},"featured_media":10778,"template":"","tags":[],"thematique":[491,474],"class_list":["post-20543","actualites","type-actualites","status-publish","has-post-thumbnail","hentry","thematique-politiques-publiques","thematique-sante"],"acf":[],"_links":{"self":[{"href":"https:\/\/www.generationsanstabac.org\/fr\/wp-json\/wp\/v2\/actualites\/20543","targetHints":{"allow":["GET"]}}],"collection":[{"href":"https:\/\/www.generationsanstabac.org\/fr\/wp-json\/wp\/v2\/actualites"}],"about":[{"href":"https:\/\/www.generationsanstabac.org\/fr\/wp-json\/wp\/v2\/types\/actualites"}],"version-history":[{"count":0,"href":"https:\/\/www.generationsanstabac.org\/fr\/wp-json\/wp\/v2\/actualites\/20543\/revisions"}],"wp:featuredmedia":[{"embeddable":true,"href":"https:\/\/www.generationsanstabac.org\/fr\/wp-json\/wp\/v2\/media\/10778"}],"wp:attachment":[{"href":"https:\/\/www.generationsanstabac.org\/fr\/wp-json\/wp\/v2\/media?parent=20543"}],"wp:term":[{"taxonomy":"post_tag","embeddable":true,"href":"https:\/\/www.generationsanstabac.org\/fr\/wp-json\/wp\/v2\/tags?post=20543"},{"taxonomy":"thematique","embeddable":true,"href":"https:\/\/www.generationsanstabac.org\/fr\/wp-json\/wp\/v2\/thematique?post=20543"}],"curies":[{"name":"wp","href":"https:\/\/api.w.org\/{rel}","templated":true}]}}