{"id":20541,"date":"2021-12-10T16:05:45","date_gmt":"2021-12-10T15:05:45","guid":{"rendered":"https:\/\/www.generationsanstabac.org\/actualites\/espagne-renforce-reglementations-ensemble-produits-du-tabac-et-de-la-nicotine\/"},"modified":"2021-12-10T16:05:45","modified_gmt":"2021-12-10T15:05:45","slug":"espagne-renforce-reglementations-ensemble-produits-du-tabac-et-de-la-nicotine","status":"publish","type":"actualites","link":"https:\/\/www.generationsanstabac.org\/fr\/actualites\/espagne-renforce-reglementations-ensemble-produits-du-tabac-et-de-la-nicotine\/","title":{"rendered":"L\u2019Espagne renforce ses r\u00e9glementations pour l\u2019ensemble des produits du tabac et de la nicotine"},"content":{"rendered":"<p style=\"text-align: justify;\"><em>Le minist\u00e8re de la Sant\u00e9 espagnol a finalis\u00e9 un ambitieux plan global contre le tabagisme qui introduit, entre autres, l&rsquo;interdiction de fumer sur les terrasses de restaurants, les plages et dans les voitures, une restriction de la publicit\u00e9 en ligne, l\u2019interdiction des ar\u00f4mes, l\u2019introduction du paquet neutre et une hausse des taxes. Ces mesures concernent l\u2019ensemble des produits du tabac et de la nicotine<a href=\"#_ftn1\" name=\"_ftnref1\"><strong>[1]<\/strong><\/a>. Le plan, cens\u00e9 couvrir la p\u00e9riode entre 2021 et 2025 a \u00e9t\u00e9 retard\u00e9 en raison de la pand\u00e9mie<a href=\"#_ftn2\" name=\"_ftnref2\"><strong>[2]<\/strong><\/a>. <\/em><\/p>\n<p style=\"text-align: justify;\">L&rsquo;objectif du plan est de r\u00e9duire d&rsquo;un tiers la mortalit\u00e9 pr\u00e9matur\u00e9e due aux maladies non transmissibles d&rsquo;ici 2030. Il vise \u00e9galement \u00e0 atteindre l&rsquo;objectif fix\u00e9 avec l&rsquo;Organisation mondiale de la sant\u00e9 (OMS) de r\u00e9duire de 30 % la pr\u00e9valence tabagique entre 2010 et 2025. En Espagne, 20 % des citoyens de plus de 15 ans fument r\u00e9guli\u00e8rement, comme l&rsquo;indique l&rsquo;Enqu\u00eate europ\u00e9enne sur la sant\u00e9 en Espagne 2020.<\/p>\n<h2 style=\"text-align: justify;\"><strong>Une strat\u00e9gie globale pour parvenir \u00e0 une g\u00e9n\u00e9ration sans tabac en Espagne<\/strong><\/h2>\n<p style=\"text-align: justify;\">La ministre de la Sant\u00e9, Carolina Darias, a indiqu\u00e9 que l&rsquo;Espagne entendait suivre les normes fix\u00e9es par l&rsquo;Union europ\u00e9enne et l&rsquo;OMS, qui visent \u00e0 parvenir \u00e0 une g\u00e9n\u00e9ration sans tabac dans les ann\u00e9es \u00e0 venir. \u00c0 cette fin, le document de 119 pages a ainsi propos\u00e9 une s\u00e9rie compl\u00e8te de mesures \u00e0 court, moyen et long terme destin\u00e9s \u00e0 prot\u00e9ger le droit \u00e0 la sant\u00e9 des citoyens espagnols, conform\u00e9ment aux obligations du gouvernement en vertu de la <a href=\"https:\/\/apps.who.int\/iris\/bitstream\/handle\/10665\/42812\/9242591017.pdf;jsessionid=E81CDE28E317FC9975BA4B75A33E422E?sequence=1\">Convention-cadre de l\u2019OMS pour la lutte antitabac (CCLAT)<\/a>.<\/p>\n<p style=\"text-align: justify;\">Le Plan global de pr\u00e9vention et de contr\u00f4le du tabagisme pr\u00e9voit ainsi d&rsquo;augmenter fortement les espaces sans tabac\/fum\u00e9e d\u2019ici 2023, notamment au niveau des espaces ext\u00e9rieurs. Sept communaut\u00e9s autonomes d&rsquo;Espagne avaient d\u00e9j\u00e0 adopt\u00e9 la mesure \u00ab\u00a0Terrazas sin Humo\u00a0\u00bb (Terrasses sans fum\u00e9e) comme outil contre la covid qui interdit de fumer des cigarettes traditionnelles et \u00e9lectroniques sur les terrasses ext\u00e9rieures des bars et restaurants<a href=\"#_ftn3\" name=\"_ftnref3\">[3]<\/a>. Dans son nouveau plan, le gouvernement propose de g\u00e9n\u00e9raliser cet interdit \u00e0 tout le pays. Cette \u00e9volution de la r\u00e9glementation nationale inclurait \u00e9galement certains espaces de la sph\u00e8re priv\u00e9e tels que les v\u00e9hicules priv\u00e9s o\u00f9 il serait \u00e9galement interdit de fumer.<\/p>\n<p style=\"text-align: justify;\">Le minist\u00e8re propose par ailleurs de suivre l\u2019exemple de la France et du Royaume-Uni en introduisant un emballage neutre pour les cigarettes manufactur\u00e9es. Les cigarettes et cigares aromatis\u00e9s seront \u00e9galement interdits \u00e0 la vente.<\/p>\n<h2 style=\"text-align: justify;\"><strong>Inclure les nouveaux produits du tabac et de la nicotine dans les r\u00e9glementations<\/strong><\/h2>\n<p style=\"text-align: justify;\">Le plan pr\u00e9par\u00e9 reconna\u00eet qu\u2019il faut \u00eatre vigilant \u00e0 l\u2019\u00e9gard des nouvelles formes de consommation de nicotine comme les cigarettes \u00e9lectroniques et le tabac chauff\u00e9 et qu\u2019une sensibilisation \u00e0 l\u2019\u00e9gard de ces produits doit \u00eatre faite.  Le minist\u00e8re de la Sant\u00e9 souhaite ainsi modifier la loi 28\/2005 et l&rsquo;arr\u00eat\u00e9 royal 579\/2017, en prenant en compte dans la r\u00e9glementation de la lutte contre le tabagisme, la nouvelle donne induite sur le march\u00e9 avec l\u2019apparition de nouveaux produits.<\/p>\n<p style=\"text-align: justify;\">Carolina Darias a manifest\u00e9 son inqui\u00e9tude quant \u00e0 la vente des nouveaux produits en ligne, notamment les cigarettes \u00e9lectroniques, expliquant qu&rsquo;\u00ab il existe un grand nombre de sites internet o\u00f9 des appareils \u00e0 base de nicotine peuvent \u00eatre achet\u00e9s, et les modalit\u00e9s bloquant l&rsquo;acc\u00e8s aux mineurs ne sont ni suffisantes ni efficaces \u00bb. Le gouvernement souhaite ainsi emp\u00eacher la vente de ces produits en ligne et seuls les buralistes devraient \u00eatre habilit\u00e9s \u00e0 vendre du tabac avec un contr\u00f4le renforc\u00e9 de l\u2019\u00e2ge des acheteurs.<\/p>\n<p style=\"text-align: justify;\">Pour pr\u00e9venir l&rsquo;initiation \u00e0 la consommation de tabac, le minist\u00e8re a d\u00e9fini une politique fiscale. Le plan propose de favoriser la r\u00e9vision de la fiscalit\u00e9 des produits du tabac pour parvenir \u00e0 une augmentation et un rapprochement de leur prix. Des taxes sp\u00e9ciales seront appliqu\u00e9es aux cigarettes \u00e9lectroniques afin de r\u00e9duire leur consommation.<\/p>\n<p style=\"text-align: justify;\">Le plan pr\u00e9voit \u00e9galement de transposer la r\u00e8glementation en mati\u00e8re d\u2019interdiction de publicit\u00e9, promotion, parrainage en faveur des produits du tabac aux autres produits, dits connexes, (nouveaux produits de la nicotine). Des m\u00e9canismes de contr\u00f4le et de surveillance de la publicit\u00e9 d\u00e9guis\u00e9e sur les r\u00e9seaux sociaux seront associ\u00e9s pour l\u2019effectivit\u00e9 des mesures.<\/p>\n<p style=\"text-align: justify;\"><strong>Mots cl\u00e9s : Espagne, G\u00e9n\u00e9ration sans tabac, lieux sans tabac, nouveaux produits, r\u00e9glementations, lutte antitabac<\/strong><\/p>\n<p style=\"text-align: justify;\"><strong><a href=\"https:\/\/www.generationsanstabac.org\/\">\u00a9G\u00e9n\u00e9ration Sans Tabac<\/a><\/strong><\/p>\n<p style=\"text-align: right;\"><b><i>AE<\/i><\/b><\/p>\n<hr \/>\n<p><a href=\"#_ftnref1\" name=\"_ftn1\">[1]<\/a> Maria Pascual, <a href=\"https:\/\/www.newtral.es\/sanidad-medidas-tabaco-plan-integral-tabaquismo\/20211210\/\">As\u00ed es el borrador del nuevo Plan Integral de Prevenci\u00f3n y Control del Tabaquismo presentado por Sanidad<\/a>,  10 d\u00e9cembre 2021, consult\u00e9 le jour m\u00eame<\/p>\n<p><a href=\"#_ftnref2\" name=\"_ftn2\">[2]<\/a> G\u00e9n\u00e9ration sans tabac, Espagne : des organisations de sant\u00e9 veulent une g\u00e9n\u00e9ration sans tabac d\u2019ici 2030, 21 janvier 2021, consult\u00e9 le 10 d\u00e9cembre 2021<\/p>\n<p><a href=\"#_ftnref3\" name=\"_ftn3\">[3]<\/a> G\u00e9n\u00e9ration sans tabac, <a href=\"https:\/\/www.generationsanstabac.org\/actualites\/region-espagnole-galice-interdit-fumer-rue-covid19\/\">La r\u00e9gion espagnole de Galice interdit de fumer dans la rue en raison du Covid19<\/a>, 13 ao\u00fbt 2020, consult\u00e9 le 10 d\u00e9cembre 2021<\/p>\n<p><span style=\"color: #999999;\"><strong><a style=\"color: #999999;\" href=\"http:\/\/www.cnct.fr\/\" target=\"_blank\" rel=\"noopener noreferrer\">Comit\u00e9 National Contre le Tabagisme |<\/a><\/strong><\/span><\/p>\n","protected":false},"excerpt":{"rendered":"<p>Le minist\u00e8re de la Sant\u00e9 espagnol a finalis\u00e9 un ambitieux plan global contre le tabagisme qui introduit, entre autres, l&rsquo;interdiction de fumer sur les terrasses de restaurants, les plages et dans les voitures.<\/p>\n","protected":false},"featured_media":10774,"template":"","tags":[],"thematique":[491],"class_list":["post-20541","actualites","type-actualites","status-publish","has-post-thumbnail","hentry","thematique-politiques-publiques"],"acf":[],"_links":{"self":[{"href":"https:\/\/www.generationsanstabac.org\/fr\/wp-json\/wp\/v2\/actualites\/20541","targetHints":{"allow":["GET"]}}],"collection":[{"href":"https:\/\/www.generationsanstabac.org\/fr\/wp-json\/wp\/v2\/actualites"}],"about":[{"href":"https:\/\/www.generationsanstabac.org\/fr\/wp-json\/wp\/v2\/types\/actualites"}],"version-history":[{"count":0,"href":"https:\/\/www.generationsanstabac.org\/fr\/wp-json\/wp\/v2\/actualites\/20541\/revisions"}],"wp:featuredmedia":[{"embeddable":true,"href":"https:\/\/www.generationsanstabac.org\/fr\/wp-json\/wp\/v2\/media\/10774"}],"wp:attachment":[{"href":"https:\/\/www.generationsanstabac.org\/fr\/wp-json\/wp\/v2\/media?parent=20541"}],"wp:term":[{"taxonomy":"post_tag","embeddable":true,"href":"https:\/\/www.generationsanstabac.org\/fr\/wp-json\/wp\/v2\/tags?post=20541"},{"taxonomy":"thematique","embeddable":true,"href":"https:\/\/www.generationsanstabac.org\/fr\/wp-json\/wp\/v2\/thematique?post=20541"}],"curies":[{"name":"wp","href":"https:\/\/api.w.org\/{rel}","templated":true}]}}