{"id":20530,"date":"2021-11-29T15:18:13","date_gmt":"2021-11-29T14:18:13","guid":{"rendered":"https:\/\/www.generationsanstabac.org\/actualites\/philip-morris-distingue-un-megot-or-pour-ses-activites-de-lobby-en-france\/"},"modified":"2021-11-29T15:18:13","modified_gmt":"2021-11-29T14:18:13","slug":"philip-morris-distingue-un-megot-or-pour-ses-activites-de-lobby-en-france","status":"publish","type":"actualites","link":"https:\/\/www.generationsanstabac.org\/fr\/actualites\/philip-morris-distingue-un-megot-or-pour-ses-activites-de-lobby-en-france\/","title":{"rendered":"Philip Morris distingu\u00e9 d\u2019un M\u00e9got d\u2019or pour ses activit\u00e9s de lobby en France"},"content":{"rendered":"<p style=\"text-align: justify;\"><em>Le 18 novembre dernier, le Comit\u00e9 national contre le tabagisme (CNCT) a souhait\u00e9, \u00e0 travers deux tables rondes et une remise de prix, attirer l\u2019attention sur la question de l\u2019ing\u00e9rence de l\u2019industrie du tabac en France, et sur les outils qui existent pour s\u2019en pr\u00e9server. Les prix 5.3 \u2013 pour des politiques sans tabac et sans lobby ont ainsi r\u00e9compens\u00e9 les pires pratiques de lobbying, et ont mis en valeur les meilleures initiatives en faveur de l\u2019ind\u00e9pendance des politiques publiques. Un M\u00e9got d\u2019Or a \u00e9t\u00e9 d\u00e9cern\u00e9 \u00e0 la Pr\u00e9sidente de Philip Morris France, pour l\u2019activit\u00e9 d\u2019ing\u00e9rence de l\u2019entreprise, et son r\u00f4le dans la perp\u00e9tuation de l\u2019\u00e9pid\u00e9mie tabagique<a href=\"#_ftn1\" name=\"_ftnref1\"><strong>[1]<\/strong><\/a>.<\/em><\/p>\n<p style=\"text-align: justify;\">Cet \u00e9v\u00e9nement s\u2019est tenu \u00e0 l\u2019occasion de la sortie de <a href=\"https:\/\/exposetobacco.org\/wp-content\/uploads\/GlobalTIIIndex2021.pdf\">l\u2019Indice g\u00e9n\u00e9ral de l\u2019interf\u00e9rence de l\u2019industrie du tabac<\/a> d\u00e9but novembre. Cet Indice, initi\u00e9 en 2015 en Asie du Sud Est par la coalition STOP vise \u00e0 \u00e9valuer le degr\u00e9 d\u2019interf\u00e9rence de l\u2019industrie dans les politiques d\u2019un pays donn\u00e9<a href=\"#_ftn2\" name=\"_ftnref2\">[2]<\/a><strong>.<\/strong> L\u2019Indice a \u00e9valu\u00e9 pour la troisi\u00e8me ann\u00e9e cons\u00e9cutive la France. Alors qu\u2019elle \u00e9tait plac\u00e9e \u00e0 la deuxi\u00e8me place mondiale pour l\u2019\u00e9dition pr\u00e9c\u00e9dente, la France occupe d\u00e9sormais la quatri\u00e8me position du classement et perd sa place sur le podium<a href=\"#_ftn3\" name=\"_ftnref3\">[3]<\/a>.<\/p>\n<h2 style=\"text-align: justify;\"><strong>Faire conna\u00eetre et appliquer l\u2019arsenal juridique contre l\u2019ing\u00e9rence de l\u2019industrie<\/strong><\/h2>\n<p style=\"text-align: justify;\">L&rsquo;ing\u00e9rence de l&rsquo;industrie du tabac a \u00e9t\u00e9 identifi\u00e9e comme le principal obstacle aux efforts des gouvernements pour mettre en \u0153uvre des mesures de lutte antitabac. Comme le montre l\u2019Indice, la situation en France et globalement \u00e0 l\u2019international s\u2019est d\u00e9grad\u00e9e en raison d\u2019une intensification des op\u00e9rations de relations publiques de l\u2019industrie du tabac, et d\u2019une adaptation de ses pratiques depuis le d\u00e9but de la pand\u00e9mie de Covid 19. Il appara\u00eet que les r\u00e9alisations dans la lutte contre le tabagisme ne sont jamais d\u00e9finitivement acquises. Les pays \u00e0 la derni\u00e8re conf\u00e9rence des Parties du trait\u00e9 de la CCLAT (COP10) ont eux-m\u00eames adopt\u00e9 une d\u00e9claration \u00e0 l\u2019unanimit\u00e9 appelant \u00e0 une grande vigilance dans ce domaine.<\/p>\n<p style=\"text-align: justify;\">Pour se pr\u00e9munir de cette ing\u00e9rence des dispositions existent. Elles renvoient au trait\u00e9 de la <a href=\"https:\/\/www.generationsanstabac.org\/application-de-la-cclat-par-les-parties\/\">Convention-Cadre de l\u2019OMS (CCLAT)<\/a> et plus particuli\u00e8rement \u00e0 son article 5.3 qui exige des Parties qu&rsquo;elles prot\u00e8gent leurs politiques de lutte antitabac contre les int\u00e9r\u00eats commerciaux de l&rsquo;industrie du tabac. Bien qu\u2019entr\u00e9 en vigueur depuis 2005, ces dispositions demeurent largement m\u00e9connues de la part de nombreux d\u00e9cideurs politiques et publics. Le CNCT rappelle ainsi qu\u2019il y a une v\u00e9ritable urgence \u00e0 ce que les d\u00e9cideurs publics s\u2019approprient pleinement ces dispositifs et l\u2019int\u00e8grent dans leurs pratiques.<\/p>\n<h2 style=\"text-align: justify;\"><strong>Les activit\u00e9s de lobby des cigarettiers mis en lumi\u00e8re <\/strong><\/h2>\n<p style=\"text-align: justify;\">Philip Morris France (PMF) a ainsi \u00e9t\u00e9 doublement r\u00e9compens\u00e9 par le panel d\u2019experts avec le M\u00e9got de la langue de bois, d\u00e9cern\u00e9 pour les nombreuses prises de parole de sa Pr\u00e9sidente, Jeanne Poll\u00e8s, dans les m\u00e9dias fran\u00e7ais visant \u00e0 faire du cigarettier un acteur responsable et un partenaire l\u00e9gitime de sant\u00e9 publique, en d\u00e9pit de son bilan humain, social et environnemental d\u00e9sastreux. Le M\u00e9got d\u2019Or a \u00e9galement \u00e9t\u00e9 d\u00e9cern\u00e9 \u00e0 Philip Morris France pour son activit\u00e9 d\u2019ing\u00e9rence incessante et son r\u00f4le dans la perp\u00e9tuation de l\u2019\u00e9pid\u00e9mie tabagique notamment en France. En effet, ces derni\u00e8res ann\u00e9es, Philip Morris est \u00e0 l\u2019origine d\u2019une vaste op\u00e9ration de relations publiques visant \u00e0 faire la promotion de son dispositif de tabac chauff\u00e9. L\u2019entreprise esp\u00e8re ainsi b\u00e9n\u00e9ficier d\u2019une r\u00e9glementation favorable, notamment en mati\u00e8re de fiscalit\u00e9.<\/p>\n<p style=\"text-align: justify;\">Le cigarettier Japan Tobacco International a \u00e9t\u00e9 \u00e9galement distingu\u00e9 pour ses pratiques de contournements en particulier suite \u00e0 l\u2019interdiction du menthol dans les cigarettes et le tabac \u00e0 rouler en mai 2020. Le cigarettier a ainsi mis sur le march\u00e9 de nouvelles cigarettes \u00ab fresh \u00bb contenant des r\u00e9sidus de menthol.<\/p>\n<h2 style=\"text-align: justify;\"><strong>L\u2019industrie du tabac n\u2019est pas une solution \u00e0 l\u2019\u00e9pid\u00e9mie tabagique<\/strong><\/h2>\n<p style=\"text-align: justify;\">Au lendemain de la rencontre, la Pr\u00e9sidente de PMF a r\u00e9agi sur Twitter, d\u00e9non\u00e7ant le \u00ab mauvais gout \u00bb de l\u2019\u00e9v\u00e9nement ainsi que le \u00ab dogmatisme \u00bb et l\u2019 \u00ab immobilisme \u00bb des associations de lutte contre le tabagisme. La Pr\u00e9sidente reproche notamment aux associations et au gouvernement de ne pas int\u00e9grer les nouveaux produits, et tout sp\u00e9cialement le tabac chauff\u00e9, dans la strat\u00e9gie globale de r\u00e9duction du tabagisme. Elle met en avant la somme de 8 milliards d\u2019euros d\u00e9pens\u00e9s par le fabricant \u00e0 ce sujet. Pour le CNCT qui s\u2019appuie sur des documents internes confidentiels du fabricant, <em>la r\u00e9duction de risque qu\u2019affiche Philip Morris n\u2019a rien \u00e0 voir avec ce que les acteurs de sant\u00e9 publique recherchent. Il s\u2019agit simplement d\u2019un discours toilett\u00e9 de marketing destin\u00e9 \u00e0 redorer l\u2019image du fabricant mais qui poursuit exclusivement une finalit\u00e9 financi\u00e8re et non la sant\u00e9 des personnes. Le CNCT rappelle \u00e9galement que le cigarettier continue \u00e0 s\u2019opposer \u00e0 toutes les mesures efficaces pour r\u00e9duire la consommation de l\u2019ensemble des produits du tabac attestant de fait son double discours. \u00bb. <\/em>Lors de la derni\u00e8re session de la Conf\u00e9rence des Parties du trait\u00e9 de la CCLAT, une analyse similaire a \u00e9t\u00e9 faite par les quelques 170 d\u00e9l\u00e9gations r\u00e9unies \u00e0 cette occasion qui ont adopt\u00e9 par consensus une d\u00e9claration de vigilance \u00e0 l\u2019\u00e9gard de l\u2019industrie.<\/p>\n<p style=\"text-align: justify;\">En France, les produits du tabac de Philip Morris sont \u00e0 l\u2019origine de 30 000 d\u00e9c\u00e8s pr\u00e9matur\u00e9s \u00e9vitables chaque ann\u00e9e.<\/p>\n<p style=\"text-align: justify;\"><strong>Mots cl\u00e9s : Prix 5.3, lobby, ing\u00e9rence, Philip Morris France, Jeanne Poll\u00e8s, CNCT<\/strong><\/p>\n<p>\u00a9Cr\u00e9dit photo : <a href=\"https:\/\/cnct.fr\/les-prix-5-3-sans-tabac-et-sans-lobby\/\" target=\"_blank\" rel=\"noopener\">CNCT<\/a><\/p>\n<p style=\"text-align: justify;\"><strong><a href=\"https:\/\/www.generationsanstabac.org\/\">\u00a9G\u00e9n\u00e9ration Sans Tabac<\/a><\/strong><\/p>\n<p style=\"text-align: right;\"><b><i>AE<\/i><\/b><\/p>\n<hr \/>\n<p style=\"text-align: justify;\"><a href=\"#_ftnref1\" name=\"_ftn1\">[1]<\/a> CNCT, <a href=\"https:\/\/cnct.fr\/communiques\/presidente-philip-morris-france-recoit-megot-or-premiere-edition-des-prix-5-3\/\">La Pr\u00e9sidente de Philip Morris France re\u00e7oit un m\u00e9got d\u2019or pour la premi\u00e8re \u00e9dition des prix 5.3 (CNCT),<\/a> 24 novembre 2021, consult\u00e9 le 26 novembre 2021<\/p>\n<p style=\"text-align: justify;\"><a href=\"#_ftnref2\" name=\"_ftn2\">[2]<\/a> G\u00e9n\u00e9ration Sans Tabac, <a href=\"https:\/\/www.generationsanstabac.org\/actualites\/industrie-tabac-a-intensifie-ses-efforts-influence-pendant-la-pandemie-de-covid19\/\">L\u2019industrie du tabac a intensifi\u00e9 ses efforts d\u2019influence pendant la pand\u00e9mie de Covid19<\/a>, 4 novembre 2021, consult\u00e9 le 26 novembre 2021<\/p>\n<p style=\"text-align: justify;\"><a href=\"#_ftnref3\" name=\"_ftn3\">[3]<\/a> CNCT, <a href=\"https:\/\/cnct.fr\/actualites\/lutte-contre-ingerence-industrie-du-tabac-la-france-cede-place-podium-mondial\/\">Lutte contre l\u2019ing\u00e9rence de l\u2019industrie du tabac : la France c\u00e8de sa place du podium mondial<\/a>, 16 novembre 2021, consult\u00e9 le 26 novembre 2021<\/p>\n<p><span style=\"color: #999999;\"><strong><a style=\"color: #999999;\" href=\"http:\/\/www.cnct.fr\/\" target=\"_blank\" rel=\"noopener noreferrer\">Comit\u00e9 National Contre le Tabagisme |<\/a><\/strong><\/span><\/p>\n","protected":false},"excerpt":{"rendered":"<p>Un M\u00e9got d\u2019Or a \u00e9t\u00e9 d\u00e9cern\u00e9 \u00e0 la Pr\u00e9sidente de Philip Morris France, pour l\u2019activit\u00e9 d\u2019ing\u00e9rence de l\u2019entreprise.<\/p>\n","protected":false},"featured_media":10753,"template":"","tags":[],"thematique":[499],"class_list":["post-20530","actualites","type-actualites","status-publish","has-post-thumbnail","hentry","thematique-lobby"],"acf":[],"_links":{"self":[{"href":"https:\/\/www.generationsanstabac.org\/fr\/wp-json\/wp\/v2\/actualites\/20530","targetHints":{"allow":["GET"]}}],"collection":[{"href":"https:\/\/www.generationsanstabac.org\/fr\/wp-json\/wp\/v2\/actualites"}],"about":[{"href":"https:\/\/www.generationsanstabac.org\/fr\/wp-json\/wp\/v2\/types\/actualites"}],"version-history":[{"count":0,"href":"https:\/\/www.generationsanstabac.org\/fr\/wp-json\/wp\/v2\/actualites\/20530\/revisions"}],"wp:featuredmedia":[{"embeddable":true,"href":"https:\/\/www.generationsanstabac.org\/fr\/wp-json\/wp\/v2\/media\/10753"}],"wp:attachment":[{"href":"https:\/\/www.generationsanstabac.org\/fr\/wp-json\/wp\/v2\/media?parent=20530"}],"wp:term":[{"taxonomy":"post_tag","embeddable":true,"href":"https:\/\/www.generationsanstabac.org\/fr\/wp-json\/wp\/v2\/tags?post=20530"},{"taxonomy":"thematique","embeddable":true,"href":"https:\/\/www.generationsanstabac.org\/fr\/wp-json\/wp\/v2\/thematique?post=20530"}],"curies":[{"name":"wp","href":"https:\/\/api.w.org\/{rel}","templated":true}]}}