{"id":20520,"date":"2021-11-16T09:24:00","date_gmt":"2021-11-16T08:24:00","guid":{"rendered":"https:\/\/www.generationsanstabac.org\/actualites\/cop9-de-la-cclat-accord-mondial-pour-relancer-la-lutte-antitabac\/"},"modified":"2021-11-16T09:24:00","modified_gmt":"2021-11-16T08:24:00","slug":"cop9-de-la-cclat-accord-mondial-pour-relancer-la-lutte-antitabac","status":"publish","type":"actualites","link":"https:\/\/www.generationsanstabac.org\/fr\/actualites\/cop9-de-la-cclat-accord-mondial-pour-relancer-la-lutte-antitabac\/","title":{"rendered":"COP9 de la CCLAT : accord mondial pour relancer la lutte antitabac"},"content":{"rendered":"<p style=\"text-align: justify;\"><em>La neuvi\u00e8me session de la Conf\u00e9rence des Parties (COP9) du trait\u00e9 de l\u2019OMS, la Convention Cadre pour la Lutte Antitabac, CCLAT s\u2019est achev\u00e9e ce vendredi 12 novembre par l\u2019adoption d\u2019une d\u00e9claration commune appelant les pays \u00e0 relancer leurs politiques de lutte contre le tabagisme et \u00e0 la prot\u00e9ger de l&rsquo;ing\u00e9rence de l&rsquo;industrie du tabac. Les Parties ont \u00e9galement adopt\u00e9 un m\u00e9canisme de financement innovant en lien avec la Banque Mondiale visant \u00e0 appuyer la coordination et la mise en \u0153uvre des mesures de lutte antitabac de la Convention-Cadre (CCLAT) \u00e0 travers le monde.  <\/em><\/p>\n<p style=\"text-align: justify;\">La CCLAT est le premier trait\u00e9 n\u00e9goci\u00e9 sous les auspices de l&rsquo;Organisation mondiale de la Sant\u00e9. Elle est entr\u00e9e en vigueur en f\u00e9vrier 2005 et r\u00e9unit aujourd\u2019hui 182 parties dans le monde, couvrant 90% de la population mondiale. La COP9 est un rassemblement mondial de d\u00e9l\u00e9gations gouvernementales pour faire avancer le premier trait\u00e9 mondial sur la sant\u00e9, la CCLAT de l&rsquo;OMS. La d\u00e9claration adopt\u00e9e par consensus, met l&rsquo;accent sur l&rsquo;acc\u00e9l\u00e9ration de la mise en \u0153uvre du trait\u00e9 dans une optique de sanitaire, de d\u00e9veloppement durable et \u00e9galement au regard des cons\u00e9quences de la pand\u00e9mie de la covid-19 .<\/p>\n<h2 style=\"text-align: justify;\"><strong>Une volont\u00e9 forte et commune de mettre en \u0153uvre le trait\u00e9 de la CCLAT<\/strong><\/h2>\n<p style=\"text-align: justify;\">Cette 9\u00e8me session de la Conf\u00e9rence des Parties a \u00e9t\u00e9 un succ\u00e8s en d\u00e9pit de sa tenue en format virtuel. 161 Parties ont \u00e9t\u00e9 repr\u00e9sent\u00e9es et plus de 1 500 d\u00e9l\u00e9gu\u00e9s ont particip\u00e9 \u00e0 cet \u00e9v\u00e9nement, t\u00e9moignant de l\u2019engagement des pays \u00e0 l\u2019\u00e9gard de ce trait\u00e9 proposant une strat\u00e9gie compl\u00e8te de mesures pour r\u00e9duire la consommation de tabac.<\/p>\n<p style=\"text-align: justify;\">Comme pour l\u2019ensemble des trait\u00e9s internationaux, ce sont les d\u00e9l\u00e9gations des pays et donc les \u00c9tats qui sont \u00e0 l\u2019origine des d\u00e9cisions prises. La soci\u00e9t\u00e9 civile \u00e9tait \u00e9galement pr\u00e9sente \u00e0 travers les ONG accr\u00e9dit\u00e9es ayant un statut d\u2019observateur et les m\u00e9dias ont assist\u00e9 aux sessions.<\/p>\n<h2 style=\"text-align: justify;\"><strong>Un nouveau m\u00e9canisme de financement en lien avec la Banque Mondiale<\/strong><\/h2>\n<p style=\"text-align: justify;\">Ce nouveau m\u00e9canisme de financement vise \u00e0 renforcer les efforts de lutte antitabac et \u00e0 fournir un soutien financier indispensable \u00e0 la poursuite de la coordination et la mise en \u0153uvre de la Convention. Il sera g\u00e9r\u00e9 en association avec la Banque mondiale et un comit\u00e9 de surveillance compos\u00e9 de Parties et d&rsquo;observateurs d&rsquo;organisations de la soci\u00e9t\u00e9 civile \u00e0 la COP.<\/p>\n<p style=\"text-align: justify;\">Les recettes du fonds viendront s\u2019ajouter \u00e0 celles des contributions \u00e9valu\u00e9es et des fonds extrabudg\u00e9taires d\u00e9j\u00e0 vers\u00e9s par les Parties.<\/p>\n<h2 style=\"text-align: justify;\"><strong>D\u00e9claration relative \u00e0 la CCLAT et \u00e0 la reprise apr\u00e8s la pand\u00e9mie de COVID-19<\/strong><\/h2>\n<p style=\"text-align: justify;\">La crise de la pand\u00e9mie de COVID a par ailleurs fortement perturb\u00e9 l\u2019ensemble des syst\u00e8mes sanitaires et l\u2019ensemble des Parties ont adopt\u00e9 par consensus une d\u00e9claration affirmant que la pand\u00e9mie s\u2019\u00e9tait traduite par une recrudescence de l\u2019ing\u00e9rence de l\u2019industrie du tabac.<\/p>\n<p style=\"text-align: justify;\">Cette \u00ab D\u00e9claration relative \u00e0 la Convention-cadre de l&rsquo;OMS et \u00e0 la reprise apr\u00e8s la pand\u00e9mie de COVID-19 \u00bb, rappelle le conflit fondamental et inconciliable entre les int\u00e9r\u00eats de l\u2019industrie du tabac et ceux de la sant\u00e9 publique et la n\u00e9cessit\u00e9 de prot\u00e9ger les politiques de sant\u00e9 publique des int\u00e9r\u00eats commerciaux de l&rsquo;industrie du tabac. Elle appelle \u00e0 la mise en \u0153uvre des strat\u00e9gies coordonn\u00e9es de mesures de lutte antitabac, et  en particulier \u00e0 recourir \u00e0 des augmentations des taxes sur le tabac dans une optique sanitaire et de d\u00e9veloppement durable.<\/p>\n<p style=\"text-align: justify;\">La prochaine COP pr\u00e9vue en 2023  se tiendra au Panama. Elle abordera en particulier les dossiers concernant la r\u00e9glementation des produits du tabac et les informations associ\u00e9es, et plus particuli\u00e8rement la question de nouveaux produits du tabac. D\u2019ici cette prochaine session, de nombreux travaux seront r\u00e9alis\u00e9s en appui des d\u00e9cisions et sur la base des donn\u00e9es scientifiques ind\u00e9pendantes des int\u00e9r\u00eats commerciaux des fabricants.<\/p>\n<p style=\"text-align: justify;\"><a href=\"https:\/\/www.generationsanstabac.org\/wp-content\/uploads\/2021\/11\/FCTC_COP9_PCONF1Rev2_F.pdf\">Lire la D\u00e9claration<\/a><\/p>\n<p style=\"text-align: justify;\"><strong>Mots cl\u00e9s : COP9, CCLAT, OMS, Banque Mondiale, COVID19, lutte antitabac<\/strong><\/p>\n<p><strong><a href=\"https:\/\/www.generationsanstabac.org\/\">\u00a9G\u00e9n\u00e9ration Sans Tabac<\/a><\/strong><\/p>\n<p style=\"text-align: right;\"><em><strong>AE<\/strong><\/em><\/p>\n<p><span style=\"color: #999999;\"><strong><a style=\"color: #999999;\" href=\"http:\/\/www.cnct.fr\/\" target=\"_blank\" rel=\"noopener noreferrer\">Comit\u00e9 National Contre le Tabagisme |<\/a><\/strong><\/span><\/p>\n","protected":false},"excerpt":{"rendered":"<p>La COP9 s\u2019est achev\u00e9e par l\u2019adoption d\u2019une d\u00e9claration commune appelant les pays \u00e0 relancer leurs politiques de lutte contre le tabagisme.<\/p>\n","protected":false},"featured_media":10737,"template":"","tags":[],"thematique":[491,474],"class_list":["post-20520","actualites","type-actualites","status-publish","has-post-thumbnail","hentry","thematique-politiques-publiques","thematique-sante"],"acf":[],"_links":{"self":[{"href":"https:\/\/www.generationsanstabac.org\/fr\/wp-json\/wp\/v2\/actualites\/20520","targetHints":{"allow":["GET"]}}],"collection":[{"href":"https:\/\/www.generationsanstabac.org\/fr\/wp-json\/wp\/v2\/actualites"}],"about":[{"href":"https:\/\/www.generationsanstabac.org\/fr\/wp-json\/wp\/v2\/types\/actualites"}],"version-history":[{"count":0,"href":"https:\/\/www.generationsanstabac.org\/fr\/wp-json\/wp\/v2\/actualites\/20520\/revisions"}],"wp:featuredmedia":[{"embeddable":true,"href":"https:\/\/www.generationsanstabac.org\/fr\/wp-json\/wp\/v2\/media\/10737"}],"wp:attachment":[{"href":"https:\/\/www.generationsanstabac.org\/fr\/wp-json\/wp\/v2\/media?parent=20520"}],"wp:term":[{"taxonomy":"post_tag","embeddable":true,"href":"https:\/\/www.generationsanstabac.org\/fr\/wp-json\/wp\/v2\/tags?post=20520"},{"taxonomy":"thematique","embeddable":true,"href":"https:\/\/www.generationsanstabac.org\/fr\/wp-json\/wp\/v2\/thematique?post=20520"}],"curies":[{"name":"wp","href":"https:\/\/api.w.org\/{rel}","templated":true}]}}