{"id":20509,"date":"2021-11-03T11:00:58","date_gmt":"2021-11-03T10:00:58","guid":{"rendered":"https:\/\/www.generationsanstabac.org\/actualites\/la-suisse-place-forte-de-linfluence-des-cigarettiers-en-europe\/"},"modified":"2021-11-03T11:00:58","modified_gmt":"2021-11-03T10:00:58","slug":"la-suisse-place-forte-de-linfluence-des-cigarettiers-en-europe","status":"publish","type":"actualites","link":"https:\/\/www.generationsanstabac.org\/fr\/actualites\/la-suisse-place-forte-de-linfluence-des-cigarettiers-en-europe\/","title":{"rendered":"La Suisse, place forte de l\u2019influence des cigarettiers en Europe"},"content":{"rendered":"<p style=\"text-align: justify;\"><em>La Suisse est \u00e0 l\u2019avant derni\u00e8re place du classement du nouvel Indice d\u2019Interf\u00e9rence de l\u2019industrie du tabac, et \u00e0 la derni\u00e8re place en Europe. Ce mauvais score souligne clairement que la Suisse est la place forte europ\u00e9enne de l\u2019industrie du tabac, qui trouve dans ce pays un accueil tr\u00e8s favorable \u00e0 ses actions d\u2019influence, au d\u00e9triment de la sant\u00e9 publique<a href=\"#_ftn1\" name=\"_ftnref1\"><strong>[1]<\/strong><\/a>. <\/em><\/p>\n<p style=\"text-align: justify;\">Depuis 2018, l\u2019Indice g\u00e9n\u00e9ral de l\u2019interf\u00e9rence de l\u2019industrie du tabac vise \u00e0 \u00e9valuer le degr\u00e9 d\u2019ing\u00e9rence des cigarettiers dans plusieurs dizaines de pays dans le monde, et la capacit\u00e9 de ces derniers \u00e0 mettre en place de bonnes pratiques de gouvernance pour se garantir de l\u2019influence de l\u2019industrie du tabac. Sur la base de vingt indicateurs, il mesure les efforts des gouvernements \u00e0 mettre en place des mesures de protection des politiques publiques. Plus le pays obtient un score \u00e9lev\u00e9, plus l\u2019influence des fabricants est grande.<\/p>\n<h2 style=\"text-align: justify;\"><strong>La Suisse sous l\u2019influence de l\u2019industrie du tabac<\/strong><\/h2>\n<p style=\"text-align: justify;\">Avec 92 points sur 100, la Suisse, qui n\u2019a toujours pas ratifi\u00e9 la Convention-cadre de l\u2019Organisation mondiale de la sant\u00e9 pour la lutte antitabac (CCLAT) conna\u00eet ainsi une tr\u00e8s forte ing\u00e9rence de la part des cigarettiers. Selon l\u2019Association suisse pour la pr\u00e9vention du tabagisme, cette influence de l\u2019industrie du tabac dans le d\u00e9bat public a des r\u00e9percussions tr\u00e8s concr\u00e8tes. Apr\u00e8s un travail de plus de six ans, le Parlement suisse a ainsi adopt\u00e9 en octobre une loi \u00ab d\u00e9cevante \u00bb sur les produits du tabac, laissant la Suisse comme le pays le plus permissif d\u2019Europe en mati\u00e8re de publicit\u00e9 en faveur du tabagisme. Un diagnostic similaire avait \u00e9t\u00e9 \u00e9tabli par le Ministre de la Sant\u00e9 suisse lui-m\u00eame, soulignant que <a href=\"https:\/\/www.generationsanstabac.org\/actualites\/suisse-la-nouvelle-loi-sur-le-tabac-insatisfaisante-au-regard-de-la-sante-publique\/\">la nouvelle l\u00e9gislation serait insuffisante pour conduire \u00e0 une r\u00e9duction de la consommation<\/a>. Dans le m\u00eame ordre d\u2019id\u00e9e, les taxes n\u2019ont pas augment\u00e9 depuis 2013, alors qu\u2019elles constituent le levier le plus efficace et le plus rentable pour r\u00e9duire la pr\u00e9valence tabagique.<\/p>\n<h2 style=\"text-align: justify;\"><strong>Le co\u00fbt humain et financier de l\u2019influence de l\u2019industrie du tabac<\/strong><\/h2>\n<p style=\"text-align: justify;\"><a href=\"https:\/\/www.generationsanstabac.org\/actualites\/la-suisse-est-la-patrie-des-multinationales-du-tabac\/\">La forte influence de l\u2019industrie du tabac sur la d\u00e9cision publique en Suisse<\/a> se paye au prix fort. Chaque ann\u00e9e, 9500 personnes meurent dans le pays en raison du tabagisme, actif comme passif. Par ailleurs, la consommation de tabac repr\u00e9sente \u00e9galement un fardeau pour les finances publiques, puisque les seules d\u00e9penses de sant\u00e9 et de perte de productivit\u00e9 li\u00e9es au tabac co\u00fbtent \u00e0 l\u2019Etat 10 milliards de francs suisses par an, soit pr\u00e8s de 9,5 milliards d\u2019euros. En comparaison, les recettes fiscales du tabac ne g\u00e9n\u00e8rent en Suisse de 6,5 milliards de francs.<\/p>\n<p><strong>Mots cl\u00e9s : Suisse, Ing\u00e9rence, Indice d&rsquo;Interf\u00e9rence<br \/>\n<\/strong><\/p>\n<p><strong><a href=\"https:\/\/www.generationsanstabac.org\/\">\u00a9G\u00e9n\u00e9ration Sans Tabac<\/a><\/strong><\/p>\n<p style=\"text-align: right;\"><em><strong>FT<\/strong><\/em><\/p>\n<hr \/>\n<p style=\"text-align: justify;\"><a href=\"#_ftnref1\" name=\"_ftn1\">[1]<\/a> Association suisse pour la pr\u00e9vention du tabagisme, <a href=\"https:\/\/www.at-schweiz.ch\/userfiles\/files\/Downloads\/GTIII\/Communiqu%C3%A9_GlobalTobaccoIndex_F.pdf\">Indice de l\u2019interf\u00e9rence de l\u2019industrie du tabac : la Suisse avant-derni\u00e8re au niveau mondial<\/a>, 02\/11\/2021, (consult\u00e9 le 03\/02\/2021)<\/p>\n<p><span style=\"color: #999999;\"><strong><a style=\"color: #999999;\" href=\"http:\/\/www.cnct.fr\/\" target=\"_blank\" rel=\"noopener noreferrer\">Comit\u00e9 National Contre le Tabagisme |<\/a><\/strong><\/span><\/p>\n","protected":false},"excerpt":{"rendered":"<p>La Suisse est \u00e0 l\u2019avant derni\u00e8re place du classement de l&rsquo;Indice d\u2019Interf\u00e9rence de l\u2019industrie du tabac, et \u00e0 la derni\u00e8re place en Europe.<\/p>\n","protected":false},"featured_media":10720,"template":"","tags":[],"thematique":[499],"class_list":["post-20509","actualites","type-actualites","status-publish","has-post-thumbnail","hentry","thematique-lobby"],"acf":[],"_links":{"self":[{"href":"https:\/\/www.generationsanstabac.org\/fr\/wp-json\/wp\/v2\/actualites\/20509","targetHints":{"allow":["GET"]}}],"collection":[{"href":"https:\/\/www.generationsanstabac.org\/fr\/wp-json\/wp\/v2\/actualites"}],"about":[{"href":"https:\/\/www.generationsanstabac.org\/fr\/wp-json\/wp\/v2\/types\/actualites"}],"version-history":[{"count":0,"href":"https:\/\/www.generationsanstabac.org\/fr\/wp-json\/wp\/v2\/actualites\/20509\/revisions"}],"wp:featuredmedia":[{"embeddable":true,"href":"https:\/\/www.generationsanstabac.org\/fr\/wp-json\/wp\/v2\/media\/10720"}],"wp:attachment":[{"href":"https:\/\/www.generationsanstabac.org\/fr\/wp-json\/wp\/v2\/media?parent=20509"}],"wp:term":[{"taxonomy":"post_tag","embeddable":true,"href":"https:\/\/www.generationsanstabac.org\/fr\/wp-json\/wp\/v2\/tags?post=20509"},{"taxonomy":"thematique","embeddable":true,"href":"https:\/\/www.generationsanstabac.org\/fr\/wp-json\/wp\/v2\/thematique?post=20509"}],"curies":[{"name":"wp","href":"https:\/\/api.w.org\/{rel}","templated":true}]}}