{"id":20508,"date":"2021-11-03T10:40:34","date_gmt":"2021-11-03T09:40:34","guid":{"rendered":"https:\/\/www.generationsanstabac.org\/actualites\/armenie-lutte-antitabac-pourraient-sauver-23000-vies-15-ans\/"},"modified":"2021-11-03T10:40:34","modified_gmt":"2021-11-03T09:40:34","slug":"armenie-lutte-antitabac-pourraient-sauver-23000-vies-15-ans","status":"publish","type":"actualites","link":"https:\/\/www.generationsanstabac.org\/fr\/actualites\/armenie-lutte-antitabac-pourraient-sauver-23000-vies-15-ans\/","title":{"rendered":"Arm\u00e9nie : les mesures antitabac pourraient sauver 23 000 vies en 15 ans"},"content":{"rendered":"<p style=\"text-align: justify;\"><em>Un nouveau rapport<a href=\"#_ftn1\" name=\"_ftnref1\"><strong>[1]<\/strong><\/a> conjoint de l\u2019ONU, du secr\u00e9tariat de la Convention-Cadre et du minist\u00e8re arm\u00e9nien de la sant\u00e9 a \u00e9valu\u00e9 les co\u00fbts que le tabac fait peser sur l&rsquo;\u00e9conomie de l\u2019Arm\u00e9nie &#8211; et les avantages d&rsquo;agir maintenant pour r\u00e9duire la consommation de tabac. Les conclusions du rapport d\u00e9montrent que l&rsquo;adoption et l&rsquo;application de sept mesures de lutte antitabac \u00e9prouv\u00e9es de la CCLAT permettraient, au cours des 15 prochaines ann\u00e9es, de sauver plus de 23 000 vies et d&rsquo;\u00e9viter plus d&rsquo;1,6 milliard d&rsquo;euros de pertes \u00e9conomiques.<\/em><\/p>\n<p style=\"text-align: justify;\">Ce rapport pour la lutte antitabac en Arm\u00e9nie a analys\u00e9 les co\u00fbts sanitaires et \u00e9conomiques de l&rsquo;usage du tabac, ainsi que les avantages potentiels du renforcement de la lutte antitabac dans le pays. Il recommande des mesures concr\u00e8tes, en plus des dispositions de la Convention-cadre de l&rsquo;OMS et est un outil pour les minist\u00e8res dans leurs initiatives de pr\u00e9vention et de lutte contre les m\u00e9faits des produits du tabac<a href=\"#_ftn2\" name=\"_ftnref2\">[2]<\/a>.<\/p>\n<h2 style=\"text-align: justify;\"><strong>Le poids de la consommation de tabac en Arm\u00e9nie<\/strong><\/h2>\n<p style=\"text-align: justify;\">En Arm\u00e9nie, environ 28% des adultes (18 \u2013 69 ans) consomment r\u00e9guli\u00e8rement des produits du tabac. La pr\u00e9valence du tabagisme varie consid\u00e9rablement entre les groupes d\u00e9mographiques. Pr\u00e8s d&rsquo;un homme sur deux fume, contre seulement 1 femme sur 50. Le tabac est \u00e0 l\u2019origine de plus de 5 500 d\u00e9c\u00e8s chaque ann\u00e9e, ce qui repr\u00e9sente pr\u00e8s de 20 % de tous les d\u00e9c\u00e8s dans le pays. La moiti\u00e9 de ces d\u00e9c\u00e8s survient chez les moins de 70 ans.<\/p>\n<p style=\"text-align: justify;\">Pr\u00e8s d&rsquo;un cinqui\u00e8me des d\u00e9c\u00e8s sont dues \u00e0 l&rsquo;exposition \u00e0 la fum\u00e9e secondaire, ce qui est plus du double de la moyenne mondiale. Plus de la moiti\u00e9 des adultes \u00e2g\u00e9s de 18 \u00e0 69 ans sont expos\u00e9s au tabagisme \u00e0 leur domicile et environ 1 sur 4 sont expos\u00e9s sur le lieu de travail<\/p>\n<p style=\"text-align: justify;\">Les fumeurs en Arm\u00e9nie consomment en moyenne 1,2 paquet de cigarettes (24 cigarettes) par jour, un chiffre sup\u00e9rieur \u00e0 la moyenne mondiale de 18 cigarettes par jour et \u00e0 la moyenne de la R\u00e9gion europ\u00e9enne de l&rsquo;OMS de 21 cigarettes par jour. Ces niveaux de consommation conduisent les fumeurs arm\u00e9niens \u00e0 d\u00e9penser en moyenne 28\u20ac par mois en cigarettes, soit environ 9 % du salaire mensuel moyen. Le tabac co\u00fbte \u00e0 l&rsquo;Arm\u00e9nie pr\u00e8s de 500 millions d\u2019euros chaque ann\u00e9e, soit 4,2% de son PIB annuel. Ces co\u00fbts annuels comprennent 138 millions d\u2019euros en d\u00e9penses de sant\u00e9, et 357 millions en capacit\u00e9s de production perdues en raison d&rsquo;une mortalit\u00e9 et d&rsquo;une invalidit\u00e9 pr\u00e9matur\u00e9es.<\/p>\n<h2 style=\"text-align: justify;\"><strong>La mise en place de mesures efficaces permettrait de sauver 23 000 vies<\/strong><\/h2>\n<p style=\"text-align: justify;\">Le gouvernement arm\u00e9nien a pris des mesures sans pr\u00e9c\u00e9dent pour le pays afin de r\u00e9duire la consommation de tabac avec la promulgation de la loi de 2020 sur la r\u00e9duction et la pr\u00e9vention des dommages caus\u00e9s \u00e0 la sant\u00e9 par la consommation de produits du tabac. Une application stricte de la loi d\u00e8s son entr\u00e9e en vigueur et une action continue pour mettre en \u0153uvre des mesures suppl\u00e9mentaires de lutte antitabac peuvent r\u00e9duire le fardeau national de l&rsquo;usage du tabac.<\/p>\n<p style=\"text-align: justify;\">Les r\u00e9sultats d\u00e9montrent que l&rsquo;adoption et l&rsquo;application de sept mesures de lutte antitabac \u00e9prouv\u00e9es de la Convention-Cadre de l\u2019OMS permettraient, au cours des 15 prochaines ann\u00e9es, de sauver plus 23 000 vies et r\u00e9duiraient l&rsquo;incidence des maladies non transmissibles dans le pays, imputables au tabagisme.  Ces mesures sont plus particuli\u00e8rement : l\u2019interdiction de la publicit\u00e9, l\u2019introduction du paquet neutre, la hausse des taxes, l\u2019interdiction de fumer dans les lieux publics, l\u2019apposition d\u2019avertissements sanitaires graphiques, l\u2019aide \u00e0 l\u2019arr\u00eat et des campagnes d\u2019information et pr\u00e9vention sur les dangers associ\u00e9s \u00e0 la consommation de tabac aupr\u00e8s de la population. L&rsquo;adoption des mesures de la Convention-cadre de l&rsquo;OMS permettrait d&rsquo;\u00e9viter plus de 7 800 d\u00e9c\u00e8s pr\u00e9matur\u00e9s dus aux quatre principales MNT (Cancer, diab\u00e8te, maladies respiratoires et cardiovasculaires) d&rsquo;ici 2030, soit environ 20 % de la r\u00e9duction de la mortalit\u00e9 pr\u00e9matur\u00e9e requise pour atteindre la cible 3.4 des objectifs du d\u00e9veloppement durable.<\/p>\n<h2 style=\"text-align: justify;\"><strong>Des mesures cout-efficaces qui engendreraient d\u2019importantes recettes fiscales<\/strong><\/h2>\n<p style=\"text-align: justify;\">Selon les estimations du rapport, les interventions recommand\u00e9es g\u00e9n\u00e8reraient un retour sur investissement sup\u00e9rieur \u00e0 1 au cours des cinq premi\u00e8res ann\u00e9es, ce qui signifie que m\u00eame \u00e0 court terme, la mise en place de mesures par le gouvernement sera rentable.  Chaque dram arm\u00e9nien investi dans la lutte antitabac aujourd\u2019hui, engendra une \u00e9conomie pour le pays de 38 dram d\u2019ici 2024 et de 86 dram d&rsquo;ici 2034. Les mesures les plus rentables sont la hausse des taxes et l\u2019interdiction de la publicit\u00e9 pour les produits du tabac. Par exemple pour 1 dram investi en 2021 pour la bonne application de l\u2019article 13 de la CCLAT (interdiction de la publicit\u00e9, promotion et parrainage), le retour sur investissement sera de 888 d\u2019ici 2034.<\/p>\n<p style=\"text-align: justify;\">Sur les 15 ann\u00e9es, plus d\u20191,6 milliard d\u2019euros de pertes \u00e9conomiques seraient \u00e9vit\u00e9s, et la mise en \u0153uvre entra\u00eenerait des \u00e9conomies suppl\u00e9mentaires d\u2019un demi-milliard d\u2019euros en \u00e9vitant les d\u00e9penses de sant\u00e9 imputables au tabac. Les avantages \u00e9conomiques (1,6 milliard) d\u00e9passeraient de tr\u00e8s loin les co\u00fbts de mise en \u0153uvre des 7 mesures de la Convention-cadre de l&rsquo;OMS \u00e9valu\u00e9es \u00e0 18 millions d\u2019euros.<\/p>\n<p style=\"text-align: justify;\"><strong>Mots cl\u00e9s : Arm\u00e9nie, CCLAT, sant\u00e9, lutte antitabac, croissance<\/strong><\/p>\n<p><strong><a href=\"https:\/\/www.generationsanstabac.org\/\">\u00a9G\u00e9n\u00e9ration Sans Tabac<\/a><\/strong><\/p>\n<p style=\"text-align: right;\"><em><strong>AE<\/strong><\/em><\/p>\n<hr \/>\n<p style=\"text-align: justify;\"><a href=\"#_ftnref1\" name=\"_ftn1\">[1]<\/a> The Case for Investing in WHO FCTC Implementation in Armenia, Programme des Nations unies pour le d\u00e9veloppement, 1er novembre 2021, consult\u00e9 le 2 novembre 2021<\/p>\n<p style=\"text-align: justify;\"><a href=\"#_ftnref2\" name=\"_ftn2\">[2]<\/a> Communiqu\u00e9 de presse, <a href=\"https:\/\/www.am.undp.org\/content\/armenia\/en\/home\/presscenter\/pressreleases\/2019\/armenia-tobacco-control-investment-case.html\">Armenia Tobacco Control Investment Case<\/a>, Programme des Nations unies pour le d\u00e9veloppement, 1er novembre 2021, consult\u00e9 le 2 novembre 2021<\/p>\n<p><span style=\"color: #999999;\"><strong><a style=\"color: #999999;\" href=\"http:\/\/www.cnct.fr\/\" target=\"_blank\" rel=\"noopener noreferrer\">Comit\u00e9 National Contre le Tabagisme |<\/a><\/strong><\/span><\/p>\n","protected":false},"excerpt":{"rendered":"<p>Un nouveau rapport[1] conjoint de l\u2019ONU, du secr\u00e9tariat de la Convention-Cadre et du minist\u00e8re arm\u00e9nien de la sant\u00e9 a \u00e9valu\u00e9 les co\u00fbts que le tabac fait peser sur l&rsquo;\u00e9conomie de l\u2019Arm\u00e9nie &#8211; et les avantages d&rsquo;agir maintenant pour r\u00e9duire la consommation de tabac. Les conclusions du rapport d\u00e9montrent que l&rsquo;adoption et l&rsquo;application de sept mesures [&hellip;]<\/p>\n","protected":false},"featured_media":19944,"template":"","tags":[],"thematique":[491,474],"class_list":["post-20508","actualites","type-actualites","status-publish","has-post-thumbnail","hentry","thematique-politiques-publiques","thematique-sante"],"acf":[],"_links":{"self":[{"href":"https:\/\/www.generationsanstabac.org\/fr\/wp-json\/wp\/v2\/actualites\/20508","targetHints":{"allow":["GET"]}}],"collection":[{"href":"https:\/\/www.generationsanstabac.org\/fr\/wp-json\/wp\/v2\/actualites"}],"about":[{"href":"https:\/\/www.generationsanstabac.org\/fr\/wp-json\/wp\/v2\/types\/actualites"}],"version-history":[{"count":0,"href":"https:\/\/www.generationsanstabac.org\/fr\/wp-json\/wp\/v2\/actualites\/20508\/revisions"}],"wp:featuredmedia":[{"embeddable":true,"href":"https:\/\/www.generationsanstabac.org\/fr\/wp-json\/wp\/v2\/media\/19944"}],"wp:attachment":[{"href":"https:\/\/www.generationsanstabac.org\/fr\/wp-json\/wp\/v2\/media?parent=20508"}],"wp:term":[{"taxonomy":"post_tag","embeddable":true,"href":"https:\/\/www.generationsanstabac.org\/fr\/wp-json\/wp\/v2\/tags?post=20508"},{"taxonomy":"thematique","embeddable":true,"href":"https:\/\/www.generationsanstabac.org\/fr\/wp-json\/wp\/v2\/thematique?post=20508"}],"curies":[{"name":"wp","href":"https:\/\/api.w.org\/{rel}","templated":true}]}}