{"id":20496,"date":"2021-10-19T12:24:11","date_gmt":"2021-10-19T10:24:11","guid":{"rendered":"https:\/\/www.generationsanstabac.org\/actualites\/la-nouvelle-zelande-pourrait-reduire-la-nicotine-dans-le-tabac-et-interdire-les-filtres\/"},"modified":"2021-10-19T12:24:11","modified_gmt":"2021-10-19T10:24:11","slug":"la-nouvelle-zelande-pourrait-reduire-la-nicotine-dans-le-tabac-et-interdire-les-filtres","status":"publish","type":"actualites","link":"https:\/\/www.generationsanstabac.org\/fr\/actualites\/la-nouvelle-zelande-pourrait-reduire-la-nicotine-dans-le-tabac-et-interdire-les-filtres\/","title":{"rendered":"La Nouvelle-Z\u00e9lande pourrait r\u00e9duire la nicotine dans le tabac et interdire les filtres"},"content":{"rendered":"<p style=\"text-align: justify;\"><em>Les niveaux de nicotine dans les produits du tabac pourraient \u00eatre drastiquement diminu\u00e9s en Nouvelle-Z\u00e9lande, tout comme les filtres pourraient bient\u00f4t \u00eatre interdits. La mise en place de ces mesures est encourag\u00e9e par la Ministre n\u00e9o-z\u00e9landaise en charge de la sant\u00e9, Ayesha Verrall. <\/em><\/p>\n<p style=\"text-align: justify;\">La ministre n\u00e9o-z\u00e9landaise vient de publier son Plan d\u2019action pour une g\u00e9n\u00e9ration sans tabac, pr\u00e9vue en 2025<a href=\"#_ftn1\" name=\"_ftnref1\">[1]<\/a>. Lanc\u00e9 d\u00e8s 2010 dans le pays, le projet de parvenir \u00e0 moins de 5% de fumeurs d\u2019ici 2025 a permis une am\u00e9lioration significative de la situation tabagique et sanitaire : seuls 12% des N\u00e9o-z\u00e9landais sont aujourd\u2019hui des fumeurs quotidiens. Toutefois, comme le souligne le document du Minist\u00e8re de la Sant\u00e9, ces progr\u00e8s cachent de fortes disparit\u00e9s sociales et ethniques. En particulier, dans son \u00e9ditorial, la Ministre insiste sur la n\u00e9cessit\u00e9 d\u2019intensifier les politiques de sant\u00e9 publique chez les Maoris, davantage confront\u00e9s \u00e0 l\u2019\u00e9pid\u00e9mie tabagique.<\/p>\n<h2 style=\"text-align: justify;\"><strong>R\u00e9duire les niveaux de nicotine \u00e0 des \u00ab niveaux minimaux \u00bb<\/strong><\/h2>\n<p style=\"text-align: justify;\">Au-del\u00e0 de r\u00e9duire les in\u00e9galit\u00e9s entre les communaut\u00e9s en mati\u00e8re de tabac et de sant\u00e9, le Plan d\u2019action se fixe pour objectifs d\u2019encourager les fumeurs \u00e0 stopper leur consommation, et dissuader les jeunes de s\u2019initier au tabagisme. Pour ce faire, la Ministre de la sant\u00e9 propose notamment de rendre les produits du tabac moins accessibles, moins attractifs et addictifs, et financi\u00e8rement moins abordables. En particulier, le Plan d\u2019action propose de r\u00e9duire la nicotine \u00e0 des \u00ab niveaux minimaux \u00bb, pour diminuer les m\u00e9canismes de d\u00e9pendance, chez les plus jeunes comme chez les fumeurs quotidiens, qui pourraient \u00eatre amen\u00e9s \u00e0 r\u00e9duire progressivement leur consommation tabagique, et rendre plus ais\u00e9es leurs tentatives de sevrage.<\/p>\n<h2 style=\"text-align: justify;\"><strong>Interdire les filtres pour pr\u00e9server la sant\u00e9 publique et l\u2019environnement en Nouvelle-Z\u00e9lande<\/strong><\/h2>\n<p style=\"text-align: justify;\">Le Plan d\u2019action sugg\u00e8re \u00e9galement d\u2019interdire les filtres dans les produits du tabac, en rappelant que l\u2019usage de ceux-ci ne s\u2019accompagne d\u2019aucune diminution de la dangerosit\u00e9 des cigarettes, et qu\u2019une telle mesure pourrait m\u00eame r\u00e9duire la pr\u00e9valence tabagique. En effet, dans la mesure o\u00f9 ces filtres sont con\u00e7us par l\u2019industrie du tabac pour rendre la fum\u00e9e de tabac plus agr\u00e9able, moins irritante, et pour alt\u00e9rer la perception du fumeur sur les risques r\u00e9els de sa consommation, leur interdiction appara\u00eet comme une mesure de sant\u00e9 publique. L\u2019argument sanitaire n\u2019est toutefois pas le seul \u00e0 \u00eatre mobilis\u00e9 par la Ministre, puisque l\u2019interdiction est \u00e9galement motiv\u00e9e par des <a href=\"https:\/\/www.generationsanstabac.org\/actualites\/tribune-michele-rivasi-filtres-ecocide\/\">consid\u00e9rations environnementales<\/a>. Ainsi, le Plan d\u2019action pointe les m\u00e9gots comme la \u00ab source de pollution mondiale la plus envahissante \u00bb, en soulignant que 78% des d\u00e9chets ramass\u00e9s en Nouvelle-Z\u00e9lande sont des m\u00e9gots de cigarettes.<\/p>\n<p style=\"text-align: justify;\">Enfin, une s\u00e9rie d\u2019autres mesures sont propos\u00e9es dans le Plan d\u2019action, comme l\u2019instauration d\u2019un prix minimum pour les produits du tabac, l\u2019interdiction de toute innovation ayant pour cons\u00e9quence de renforcer l\u2019attractivit\u00e9 et l\u2019addictivit\u00e9 du tabac, ou la r\u00e9duction du nombre de points de vente en Nouvelle-Z\u00e9lande dans une optique de diminuer l\u2019accessibilit\u00e9 des produits du tabac, et d\u2019en d\u00e9normaliser la consommation.<\/p>\n<p style=\"text-align: justify;\"><strong>Mots cl\u00e9s : Nouvelle-Z\u00e9lande, Nicotine, Filtres<\/strong><\/p>\n<p style=\"text-align: right;\"><em><strong>FT<\/strong><\/em><\/p>\n<hr \/>\n<p style=\"text-align: justify;\"><a href=\"#_ftnref1\" name=\"_ftn1\">[1]<\/a> Ministry of Health, New Zealand Government, <a href=\"https:\/\/www.health.govt.nz\/system\/files\/documents\/publications\/proposals_for_a_smokefree_aotearoa_2025_action_plan-final.pdf\">Proposals for a Smokefree Aotearoa 2025 Action Plan<\/a>, 2021, (consult\u00e9 le 18\/10\/2021)<\/p>\n<p><span style=\"color: #999999;\"><strong><a style=\"color: #999999;\" href=\"http:\/\/www.cnct.fr\/\" target=\"_blank\" rel=\"noopener noreferrer\">Comit\u00e9 National Contre le Tabagisme |<\/a><\/strong><\/span><\/p>\n","protected":false},"excerpt":{"rendered":"<p>En Nouvelle-Z\u00e9lande, la Ministre de la sant\u00e9 propose d&rsquo;interdire les filtres et r\u00e9duire les niveaux de nicotine dans les produits du tabac.<\/p>\n","protected":false},"featured_media":10694,"template":"","tags":[],"thematique":[480,491],"class_list":["post-20496","actualites","type-actualites","status-publish","has-post-thumbnail","hentry","thematique-environnement","thematique-politiques-publiques"],"acf":[],"_links":{"self":[{"href":"https:\/\/www.generationsanstabac.org\/fr\/wp-json\/wp\/v2\/actualites\/20496","targetHints":{"allow":["GET"]}}],"collection":[{"href":"https:\/\/www.generationsanstabac.org\/fr\/wp-json\/wp\/v2\/actualites"}],"about":[{"href":"https:\/\/www.generationsanstabac.org\/fr\/wp-json\/wp\/v2\/types\/actualites"}],"version-history":[{"count":0,"href":"https:\/\/www.generationsanstabac.org\/fr\/wp-json\/wp\/v2\/actualites\/20496\/revisions"}],"wp:featuredmedia":[{"embeddable":true,"href":"https:\/\/www.generationsanstabac.org\/fr\/wp-json\/wp\/v2\/media\/10694"}],"wp:attachment":[{"href":"https:\/\/www.generationsanstabac.org\/fr\/wp-json\/wp\/v2\/media?parent=20496"}],"wp:term":[{"taxonomy":"post_tag","embeddable":true,"href":"https:\/\/www.generationsanstabac.org\/fr\/wp-json\/wp\/v2\/tags?post=20496"},{"taxonomy":"thematique","embeddable":true,"href":"https:\/\/www.generationsanstabac.org\/fr\/wp-json\/wp\/v2\/thematique?post=20496"}],"curies":[{"name":"wp","href":"https:\/\/api.w.org\/{rel}","templated":true}]}}