{"id":20493,"date":"2021-10-14T12:46:27","date_gmt":"2021-10-14T10:46:27","guid":{"rendered":"https:\/\/www.generationsanstabac.org\/actualites\/une-lanceuse-dalerte-compare-facebook-a-lindustrie-du-tabac\/"},"modified":"2021-10-14T12:46:27","modified_gmt":"2021-10-14T10:46:27","slug":"une-lanceuse-dalerte-compare-facebook-a-lindustrie-du-tabac","status":"publish","type":"actualites","link":"https:\/\/www.generationsanstabac.org\/fr\/actualites\/une-lanceuse-dalerte-compare-facebook-a-lindustrie-du-tabac\/","title":{"rendered":"Une lanceuse d\u2019alerte compare Facebook \u00e0 l\u2019industrie du tabac"},"content":{"rendered":"<p style=\"text-align: justify;\"><em>En t\u00e9moignant devant une commission du S\u00e9nat am\u00e9ricain, une ex-salari\u00e9e de Facebook \u00e9tablit un parall\u00e8le entre les strat\u00e9gies appliqu\u00e9es par cette plateforme et celles d\u00e9ploy\u00e9es par l\u2019industrie du tabac. Ce rapprochement fut d\u00e9j\u00e0 effectu\u00e9 en 2020 par un autre ancien salari\u00e9 de Facebook.<\/em><\/p>\n<p style=\"text-align: justify;\"><em>\u00ab Facebook vous dira que le respect de la vie priv\u00e9e implique qu\u2019ils ne peuvent pas vous confier leurs donn\u00e9es. Ce n\u2019est pas vrai. Quand les entreprises du tabac pr\u00e9tendaient que les filtres de cigarettes \u00e9taient plus sains pour les consommateurs, les scientifiques pouvaient invalider ces messages commerciaux et confirmer que, en fait, ils constituaient une menace plus grande pour la sant\u00e9 humaine. Le public ne peut pas faire de m\u00eame avec Facebook \u00bb <\/em>a d\u00e9clar\u00e9 Frances Haugen le 5 octobre 2021 devant la commission du Commerce du S\u00e9nat am\u00e9ricain, qui enqu\u00eate actuellement sur la responsabilit\u00e9 du c\u00e9l\u00e8bre r\u00e9seau social dans la d\u00e9gradation de la sant\u00e9 mentale des adolescents<a href=\"#_ftn1\" name=\"_ftnref1\">[1]<\/a>.<\/p>\n<h2 style=\"text-align: justify;\"><strong>Une d\u00e9sinformation sciemment orchestr\u00e9e chez Facebook<\/strong><\/h2>\n<p style=\"text-align: justify;\">Salari\u00e9e de Facebook de 2019 \u00e0 mai 2021, Frances Haugen \u00e9tait en charge des produits algorithmiques au service de la d\u00e9sinformation civique, puis du contre-espionnage. R\u00e9vuls\u00e9e par l\u2019exploitation des contenus haineux en vue de gonfler l\u2019audience de la plateforme et les profits du groupe, Mme Haugen a quitt\u00e9 l\u2019entreprise en emportant des milliers de pages de documents confidentiels. Elle diffuse aujourd\u2019hui ces documents via le Wall Street Journal ou en les remettant \u00e0 la commission du S\u00e9nat enqu\u00eatant sur les pratiques de Facebook aupr\u00e8s des adolescents. Elle a en outre d\u00e9pos\u00e9 huit plaintes contre son ancien employeur aupr\u00e8s de la Securities and Exchange Commission (SEC), sur des motifs de tromperie des investisseurs<a href=\"#_ftn2\" name=\"_ftnref2\">[2]<\/a>.<\/p>\n<p style=\"text-align: justify;\">Frances Haugen estime ainsi que la dissimulation d\u2019informations essentielles qui nuisent aux consommateurs et au bien commun en vue de maximiser les profits est l\u2019un des points de ressemblance entre le r\u00e9seau social et le secteur du tabac. Pour l\u2019industrie du tabac, il s\u2019agissait de dissimuler le caract\u00e8re canc\u00e9rog\u00e8ne des cigarettes ; pour Facebook, la libre diffusion de messages haineux ou racistes peut conduire \u00e0 influencer les esprits et \u00e0 provoquer des affrontements ou des tensions sociales. La tentative d\u2019insurrection du 6 janvier 2021 sur le Congr\u00e8s am\u00e9ricain est ainsi un exemple d\u2019une situation que les dirigeants de Facebook ont sciemment laiss\u00e9 s\u2019envenimer pour maintenir de fortes audiences, alors qu\u2019ils \u00e9taient en mesure de la r\u00e9guler. Des \u00e9v\u00e9nements encore plus dramatiques opposant des communaut\u00e9s de fa\u00e7on meurtri\u00e8re ont aussi \u00e9t\u00e9 observ\u00e9s en Ethiopie et au Myanmar<a href=\"#_ftn3\" name=\"_ftnref3\">[3]<\/a>.<\/p>\n<p style=\"text-align: justify;\">Mme Haugen r\u00e9v\u00e8le par ailleurs que des \u00e9tudes internes ont montr\u00e9 comment Instagram, propri\u00e9t\u00e9 de Facebook, peut nuire \u00e0 la sant\u00e9 mentale des adolescents, en particulier aupr\u00e8s de ceux rencontrant des probl\u00e8mes de d\u00e9pression ou d\u2019image corporelle. <em>\u00ab C\u2019est comme pour les cigarettes. Les adolescents n\u2019ont pas une bonne auto-r\u00e9gulation \u00bb<\/em>, ajoute-t-elle. Et comme dans le cas du tabac, ces \u00e9tudes n\u2019ont pas \u00e9t\u00e9 rendues publiques, le PDG Mark Zuckerberg affirmant au contraire l\u2019inverse.<\/p>\n<h2 style=\"text-align: justify;\"><strong>A la recherche d\u2019une plus forte addictivit\u00e9<\/strong><\/h2>\n<p style=\"text-align: justify;\">Un rapprochement similaire entre Facebook et l\u2019industrie du tabac avait \u00e9t\u00e9 op\u00e9r\u00e9 en septembre 2020 par Tim Kendall, un autre ancien salari\u00e9 de Facebook devenu lui aussi lanceur d\u2019alerte. Celui-ci \u00e9tablissait notamment un parall\u00e8le entre la strat\u00e9gie de Facebook pour d\u00e9velopper l\u2019addictivit\u00e9 de sa plateforme, en ajoutant des fonctions de mise \u00e0 jour des statuts ou d\u2019\u00e9tiquetage des photos, et les efforts des industriels du tabac pour optimiser le potentiel addictif de la nicotine, en la couplant avec du sucre ou du menthol<a href=\"#_ftn4\" name=\"_ftnref4\">[4]<\/a>.<\/p>\n<p style=\"text-align: justify;\">Devant le Congr\u00e8s am\u00e9ricain, Tim Kendall consid\u00e9rait que Facebook s\u2019est directement inspir\u00e9 de la d\u00e9marche des industriels du tabac, \u00ab l\u2019engagement \u00bb de l\u2019utilisateur de la plateforme correspondant \u00e0 l\u2019accoutumance du fumeur. La large persistance des contenus haineux a quant \u00e0 elle pour but de susciter des \u00e9motions incitant les utilisateurs \u00e0 passer plus de temps et \u00e0 intervenir davantage sur le r\u00e9seau. <em>\u00ab Permettre la d\u00e9sinformation, les th\u00e9ories du complot et les fausses nouvelles [\u2026] agissaient comme les bronchodilatateurs de Big Tobacco, permettant \u00e0 la fum\u00e9e de cigarette de couvrir plus de surface des poumons \u00bb<\/em>, d\u00e9clarait M. Kendall.<\/p>\n<p style=\"text-align: justify;\">Comme Tim Kendall, Frances Haugen a implor\u00e9 les autorit\u00e9s \u00e0 r\u00e9guler Facebook par diff\u00e9rents moyens, qu\u2019ils soient financiers ou r\u00e9glementaires. D\u2019autres voix, venant de cofondateurs de Facebook ou d\u2019anciens collaborateurs, avaient pour leur part appel\u00e9 \u00e0 son d\u00e9mant\u00e8lement. Les dirigeants de Facebook ont quant \u00e0 eux d\u00e9menti ces accusations et ont d\u00e9nonc\u00e9 des vols de documents.<\/p>\n<h2 style=\"text-align: justify;\"><strong>Les limites de ce rapprochement<\/strong><\/h2>\n<p style=\"text-align: justify;\">A bien des \u00e9gards et malgr\u00e9 toutes les critiques pesant sur Facebook, l\u2019industrie du tabac reste sensiblement plus mortif\u00e8re avec 8 millions de morts pr\u00e9matur\u00e9es \u00e9vitables. Les entreprises de tabac continuent \u00e0 \u00eatre point\u00e9es et condamn\u00e9es pour leurs multiples violations aux l\u00e9gislations (travail des enfants, implication dans la contrebande, corruption, etc.) m\u00eame si elles d\u00e9ploient des initiatives tous azimuts pour pr\u00e9senter une nouvelle image.<\/p>\n<p><strong>Mots-cl\u00e9s : Facebook, industrie du tabac, d\u00e9sinformation, addictivit\u00e9<\/strong><\/p>\n<p>\u00a9Cr\u00e9dit photo : Matt McClain \/ POOL\/EPA\/Newscom\/MaxPPP<\/p>\n<p style=\"text-align: right;\"><em><strong>MF<\/strong><\/em><\/p>\n<hr \/>\n<p><a href=\"#_ftnref1\" name=\"_ftn1\">[1]<\/a> <a href=\"https:\/\/www.rev.com\/blog\/transcripts\/facebook-whistleblower-frances-haugen-opening-statement-transcript-senate-hearing-on-children-social-media\"><em>Facebook Whistleblower Frances Haugen Opening Statement Transcript: Senate Hearing on Children &amp; Social Media<\/em><\/a><em>, <\/em>Rev, publi\u00e9 le 5 octobre 2021, consult\u00e9 12 octobre 2021.<\/p>\n<p><a href=\"#_ftnref2\" name=\"_ftn2\">[2]<\/a> Leloup D, Piquard A, <a href=\"https:\/\/www.lemonde.fr\/pixels\/article\/2021\/10\/05\/devant-le-congres-americain-une-lanceuse-d-alerte-compare-facebook-a-l-industrie-du-tabac-et-appelle-a-sa-regulation_6097257_4408996.html\"><em>Devant le Congr\u00e8s am\u00e9ricain, une lanceuse d\u2019alerte compare Facebook \u00e0 \u00ab l\u2019industrie du tabac \u00bb et appelle \u00e0 sa r\u00e9gulation<\/em><\/a>, publi\u00e9 le 5 octobre 2021, consult\u00e9 12 octobre 2021.<\/p>\n<p><a href=\"#_ftnref3\" name=\"_ftn3\">[3]<\/a> Freedland J, <a href=\"https:\/\/www.oxtero.com\/2021\/10\/09\/facebook-est-il-lindustrie-du-tabac-du-21e-siecle-jonathan-freedland\/\"><em>Facebook est-il l\u2019industrie du tabac du 21e si\u00e8cle ?<\/em><\/a>, Oxtero, publi\u00e9 le 9 octobre 2021, consult\u00e9 12 octobre 2021.<\/p>\n<p><a href=\"#_ftnref4\" name=\"_ftn4\">[4]<\/a> Simon-Rainaud M, <a href=\"https:\/\/www.01net.com\/actualites\/un-ancien-ponte-de-facebook-compare-les-techniques-du-reseau-social-a-celles-de-l-industrie-du-tabac-1981612.html\"><em>Un ancien ponte de Facebook compare les techniques du r\u00e9seau social \u00e0 celles de l&rsquo;industrie du tabac<\/em><\/a>, 01Net, publi\u00e9 le 25 septembre 2020, consult\u00e9 12 octobre 2021.<\/p>\n<p><span style=\"color: #999999;\"><strong><a style=\"color: #999999;\" href=\"http:\/\/www.cnct.fr\/\" target=\"_blank\" rel=\"noopener noreferrer\">Comit\u00e9 National Contre le Tabagisme |<\/a><\/strong><\/span><\/p>\n","protected":false},"excerpt":{"rendered":"<p>Une ex-salari\u00e9e de Facebook \u00e9tablit un parall\u00e8le entre les strat\u00e9gies appliqu\u00e9es par Facebook et celles d\u00e9ploy\u00e9es par l\u2019industrie du tabac.<\/p>\n","protected":false},"featured_media":10688,"template":"","tags":[],"thematique":[507],"class_list":["post-20493","actualites","type-actualites","status-publish","has-post-thumbnail","hentry","thematique-marketing-publicite"],"acf":[],"_links":{"self":[{"href":"https:\/\/www.generationsanstabac.org\/fr\/wp-json\/wp\/v2\/actualites\/20493","targetHints":{"allow":["GET"]}}],"collection":[{"href":"https:\/\/www.generationsanstabac.org\/fr\/wp-json\/wp\/v2\/actualites"}],"about":[{"href":"https:\/\/www.generationsanstabac.org\/fr\/wp-json\/wp\/v2\/types\/actualites"}],"version-history":[{"count":0,"href":"https:\/\/www.generationsanstabac.org\/fr\/wp-json\/wp\/v2\/actualites\/20493\/revisions"}],"wp:featuredmedia":[{"embeddable":true,"href":"https:\/\/www.generationsanstabac.org\/fr\/wp-json\/wp\/v2\/media\/10688"}],"wp:attachment":[{"href":"https:\/\/www.generationsanstabac.org\/fr\/wp-json\/wp\/v2\/media?parent=20493"}],"wp:term":[{"taxonomy":"post_tag","embeddable":true,"href":"https:\/\/www.generationsanstabac.org\/fr\/wp-json\/wp\/v2\/tags?post=20493"},{"taxonomy":"thematique","embeddable":true,"href":"https:\/\/www.generationsanstabac.org\/fr\/wp-json\/wp\/v2\/thematique?post=20493"}],"curies":[{"name":"wp","href":"https:\/\/api.w.org\/{rel}","templated":true}]}}