{"id":20486,"date":"2021-10-06T07:30:47","date_gmt":"2021-10-06T05:30:47","guid":{"rendered":"https:\/\/www.generationsanstabac.org\/actualites\/belgique-justice-poursuit-quatre-multinationales-du-tabac-pour-entente-sur-les-prix\/"},"modified":"2021-10-06T07:30:47","modified_gmt":"2021-10-06T05:30:47","slug":"belgique-justice-poursuit-quatre-multinationales-du-tabac-pour-entente-sur-les-prix","status":"publish","type":"actualites","link":"https:\/\/www.generationsanstabac.org\/fr\/actualites\/belgique-justice-poursuit-quatre-multinationales-du-tabac-pour-entente-sur-les-prix\/","title":{"rendered":"La justice belge poursuit quatre multinationales du tabac pour entente sur les prix"},"content":{"rendered":"<p style=\"text-align: justify;\"><em>En se communicant leurs prix par l\u2019interm\u00e9diaire des grossistes de tabac, les quatre principaux fabricants de cigarettes en Belgique, d\u00e9j\u00e0 condamn\u00e9s aux Pays-Bas pour des faits similaires, se savaient pourtant en infraction des lois sur la libre concurrence.<\/em><\/p>\n<p style=\"text-align: justify;\">Une instruction de l\u2019Autorit\u00e9 belge de la Concurrence (ABC) a \u00e9t\u00e9 lanc\u00e9e en mai 2017, suivie de perquisitions en juin 2017 dans les locaux de Philip Morris Benelux, de British American Tobacco Belgium, de JT International Company Netherlands (Japan Tobacco) et des \u00c9tablissements L. Lacroix Fils (d\u00e9tenus par Imperial Brands). Elle se concr\u00e9tise aujourd\u2019hui sous la forme de poursuites judiciaires contre ces quatre multinationales pour \u00e9changes d\u2019informations sur les prix, qui constituent des pratiques restrictives de la concurrence<a href=\"#_ftn1\" name=\"_ftnref1\">[1]<\/a>.<\/p>\n<h2 style=\"text-align: justify;\"><strong>D\u00e9lit d\u2019entrave \u00e0 la concurrence<\/strong><\/h2>\n<p style=\"text-align: justify;\">Les quatre multinationales, souvent d\u00e9sign\u00e9es sous le nom de Big Four pour leur omnipr\u00e9sence dans le monde occidental, repr\u00e9sentent \u00e0 elles seules 90% du march\u00e9 belge du tabac. Elles communiquaient leurs tarifs aux grossistes de tabac, qui leur fournissaient en retour des informations sur les tarifs de leurs concurrents. Il s\u2019agit donc d\u2019une forme indirecte d\u2019entente illicite sur les prix, afin de contourner les lois de la concurrence et tenter d\u2019\u00e9chapper aux accusations d\u2019entente. Des pratiques qui pourraient s\u2019\u00eatre \u00e9tal\u00e9es sur plusieurs ann\u00e9es, estime l\u2019ABC.<\/p>\n<h2 style=\"text-align: justify;\"><strong>Une condamnation aux Pays-Bas pour des faits similaires<\/strong><\/h2>\n<p style=\"text-align: justify;\">Cette proc\u00e9dure belge rappelle une situation tr\u00e8s semblable aux Pays-Bas, o\u00f9 l\u2019Autorit\u00e9 n\u00e9erlandaise de la concurrence (ACM) avait inflig\u00e9 en mai 2020 \u00e0 ces quatre m\u00eames industriels une amende totale de 82 millions d\u2019euros<a href=\"#_ftn2\" name=\"_ftnref2\">[2]<\/a>. Le proc\u00e9d\u00e9 mis en cause \u00e9tait identique, consistant pour chaque fabricant \u00e0 communiquer ses tarifs aux grossistes et \u00e0 aligner ses prix sur ceux des concurrents. Les quatre cigarettiers avaient tent\u00e9 d\u2019emp\u00eacher la publication de ce jugement, qui n\u2019avait pu \u00eatre connu que quatre mois apr\u00e8s avoir \u00e9t\u00e9 prononc\u00e9. La p\u00e9riode vis\u00e9e par ces faits s\u2019\u00e9talait de 2008 \u00e0 2011, ce qui laisse soup\u00e7onner qu\u2019un tel syst\u00e8me a longtemps prosp\u00e9r\u00e9, ne serait-ce qu\u2019au Benelux. Des soup\u00e7ons, enqu\u00eates, perquisitions et saisies pour entente illicite ont aussi concern\u00e9 ces m\u00eames industriels en France en 2015 et en 2018<a href=\"#_ftn3\" name=\"_ftnref3\">[3]<\/a>, et en Suisse en 2020.<\/p>\n<h2 style=\"text-align: justify;\"><strong>Des pratiques d\u2019entente persistantes en Belgique<\/strong><\/h2>\n<p style=\"text-align: justify;\">L\u2019entente sur les prix est une pratique r\u00e9currente de l\u2019industrie du tabac devenue dans une large mesure un oligopole, destin\u00e9e \u00e0 limiter la concurrence, \u00e0 pr\u00e9server l\u2019attractivit\u00e9 des produits et \u00e0 contenir l\u2019effet des hausses de taxes. Elle correspond \u00e0 une tentative de contournement des strat\u00e9gies publiques de hausses des prix, qui sont des leviers reconnus pour faire baisser la consommation de tabac. Ces ententes n\u2019emp\u00eachent par ailleurs pas l\u2019existence d\u2019une forte concurrence entre industriels sur les nouveaux produits de tabac et de la nicotine (tabac chauff\u00e9\/grill\u00e9 notamment, mais aussi cigarette \u00e9lectronique, pouches, etc.)<a href=\"#_ftn4\" name=\"_ftnref4\">[4]<\/a>.<\/p>\n<p style=\"text-align: justify;\"><strong>Mots-cl\u00e9s : entente illicite, prix du tabac, concurrence, Big Four, Belgique.<\/strong><\/p>\n<p style=\"text-align: justify;\"><strong><a href=\"https:\/\/www.generationsanstabac.org\/\">\u00a9G\u00e9n\u00e9ration Sans Tabac<\/a><\/strong><\/p>\n<p style=\"text-align: right;\"><strong><em>MF<\/em><\/strong><\/p>\n<hr \/>\n<p style=\"text-align: justify;\"><a href=\"#_ftnref1\" name=\"_ftn1\">[1]<\/a> <a href=\"https:\/\/www.rtbf.be\/info\/economie\/detail_des-cigarettiers-poursuivis-pour-echange-d-infos-sur-les-prix-entre-concurrents?id=10852551\"><em>Des cigarettiers poursuivis pour \u00e9change d&rsquo;infos sur les prix entre concurrents<\/em><\/a>, RTBF, publi\u00e9 le 1<sup>er<\/sup> octobre 2021, consult\u00e9 le 5 octobre 2021.<\/p>\n<p style=\"text-align: justify;\"><a href=\"#_ftnref2\" name=\"_ftn2\">[2]<\/a> G\u00e9n\u00e9ration Sans Tabac, <a href=\"https:\/\/www.generationsanstabac.org\/actualites\/entente-illicite-prix\/\"><em>Pays-Bas. L\u2019industrie du tabac condamn\u00e9e pour entente illicite sur les prix<\/em><\/a><em>. <\/em>, publi\u00e9 le 30 septembre 2020, consult\u00e9 le 5 octobre 2021.<\/p>\n<p style=\"text-align: justify;\"><a href=\"#_ftnref3\" name=\"_ftn3\">[3]<\/a> <a href=\"https:\/\/www.lepoint.fr\/economie\/perquisitions-en-france-chez-les-geants-du-tabac-soupconnes-de-pratiques-anticoncurrentielles-24-01-2018-2189364_28.php\"><em>Perquisitions en France chez les g\u00e9ants du tabac soup\u00e7onn\u00e9s de pratiques anticoncurrentielles<\/em><\/a>, Le Point, publi\u00e9 le 24 janvier 2018, consult\u00e9 le 5 octobre 2021.<\/p>\n<p style=\"text-align: justify;\"><a href=\"#_ftnref4\" name=\"_ftn4\">[4]<\/a> G\u00e9n\u00e9ration Sans Tabac, <a href=\"https:\/\/www.generationsanstabac.org\/actualites\/les-mini-cigarettes-pour-iqos-interdites-dimportation-aux-etats-unis\/\"><em>Les mini-cigarettes pour IQOS interdites d\u2019importation aux Etats-Unis<\/em><\/a>, publi\u00e9 le 4 octobre 2021, consult\u00e9 le 5 octobre 2021.<\/p>\n<p style=\"text-align: justify;\"><span style=\"color: #999999;\"><strong><a style=\"color: #999999;\" href=\"http:\/\/www.cnct.fr\/\" target=\"_blank\" rel=\"noopener noreferrer\">Comit\u00e9 National Contre le Tabagisme |<\/a><\/strong><\/span><\/p>\n","protected":false},"excerpt":{"rendered":"<p>Les 4 principaux fabricants de cigarettes en Belgique, d\u00e9j\u00e0 condamn\u00e9s aux Pays-Bas, se savaient pourtant en infraction des lois sur la libre concurrence<\/p>\n","protected":false},"featured_media":19905,"template":"","tags":[],"thematique":[502],"class_list":["post-20486","actualites","type-actualites","status-publish","has-post-thumbnail","hentry","thematique-justice"],"acf":[],"_links":{"self":[{"href":"https:\/\/www.generationsanstabac.org\/fr\/wp-json\/wp\/v2\/actualites\/20486","targetHints":{"allow":["GET"]}}],"collection":[{"href":"https:\/\/www.generationsanstabac.org\/fr\/wp-json\/wp\/v2\/actualites"}],"about":[{"href":"https:\/\/www.generationsanstabac.org\/fr\/wp-json\/wp\/v2\/types\/actualites"}],"version-history":[{"count":0,"href":"https:\/\/www.generationsanstabac.org\/fr\/wp-json\/wp\/v2\/actualites\/20486\/revisions"}],"wp:featuredmedia":[{"embeddable":true,"href":"https:\/\/www.generationsanstabac.org\/fr\/wp-json\/wp\/v2\/media\/19905"}],"wp:attachment":[{"href":"https:\/\/www.generationsanstabac.org\/fr\/wp-json\/wp\/v2\/media?parent=20486"}],"wp:term":[{"taxonomy":"post_tag","embeddable":true,"href":"https:\/\/www.generationsanstabac.org\/fr\/wp-json\/wp\/v2\/tags?post=20486"},{"taxonomy":"thematique","embeddable":true,"href":"https:\/\/www.generationsanstabac.org\/fr\/wp-json\/wp\/v2\/thematique?post=20486"}],"curies":[{"name":"wp","href":"https:\/\/api.w.org\/{rel}","templated":true}]}}