{"id":20473,"date":"2021-09-23T07:45:13","date_gmt":"2021-09-23T05:45:13","guid":{"rendered":"https:\/\/www.generationsanstabac.org\/actualites\/irlande-hausse-du-tabagisme-et-du-vapotage-chez-les-adolescents\/"},"modified":"2021-09-23T07:45:13","modified_gmt":"2021-09-23T05:45:13","slug":"irlande-hausse-du-tabagisme-et-du-vapotage-chez-les-adolescents","status":"publish","type":"actualites","link":"https:\/\/www.generationsanstabac.org\/fr\/actualites\/irlande-hausse-du-tabagisme-et-du-vapotage-chez-les-adolescents\/","title":{"rendered":"Irlande : hausse du tabagisme et du vapotage chez les adolescents"},"content":{"rendered":"<p style=\"text-align: justify;\"><em>Selon une \u00e9tude publi\u00e9e dans ERJ Open Research<a href=\"#_ftn1\" name=\"_ftnref1\"><strong>[1]<\/strong><\/a>, pour la premi\u00e8re fois en 25 ans, les taux de consommateurs de tabac chez les adolescents irlandais sont en hausse. L&rsquo;\u00e9tude montre \u00e9galement que les taux de vapoteurs ont augment\u00e9 au cours des quatre derni\u00e8res ann\u00e9es. Des r\u00e9sultats qui vont \u00e0 l\u2019encontre de l\u2019objectif d\u2019une g\u00e9n\u00e9ration sans tabac et sans nicotine d\u2019ici 2025 dans le pays. <\/em><\/p>\n<p style=\"text-align: justify;\">Les chercheurs ont \u00e9tudi\u00e9 les donn\u00e9es de consommation des adolescents irlandais issues de l\u2019enqu\u00eate du European School Survey Project on Alcohol and Other Drugs (ESPAD). Cette enqu\u00eate est r\u00e9alis\u00e9e tous les quatre ans dans 35 pays europ\u00e9ens aupr\u00e8s d&rsquo;environ 100 000 jeunes de 15 \u00e0 16 ans. Sur l\u2019\u00e9chantillon total, on d\u00e9nombrait 1 493 adolescents irlandais dans l&rsquo;enqu\u00eate de 2015 et 1 949 dans celle de 2019.<\/p>\n<h2 style=\"text-align: justify;\"><strong>Les profils des adolescents fumeurs<\/strong><\/h2>\n<p style=\"text-align: justify;\">Les \u00e9l\u00e8ves issus de familles biparentales et recompos\u00e9es \u00e9taient moins susceptibles d&rsquo;\u00eatre des fumeurs r\u00e9guliers que ceux issus de familles monoparentales. L&rsquo;absent\u00e9isme \u00e9tait significativement associ\u00e9 au tabagisme actuel, les \u00e9l\u00e8ves ayant d\u00e9clar\u00e9 avoir manqu\u00e9 5 jours d&rsquo;\u00e9cole ou plus dans le mois \u00e9tant plus susceptibles d&rsquo;\u00eatre des fumeurs. Le risque \u00e9tait plus prononc\u00e9 pour les gar\u00e7ons (61 %) que pour les filles (46 %).<\/p>\n<p style=\"text-align: justify;\">Les \u00e9l\u00e8ves qui ont d\u00e9clar\u00e9 que la plupart\/tous leurs amis fumaient \u00e9taient plus susceptibles d&rsquo;\u00eatre des fumeurs que ceux qui n&rsquo;avaient pas d&rsquo;amis fumeurs et cela \u00e9tait plus prononc\u00e9 pour les filles (33 %) que pour les gar\u00e7ons (8 %).<\/p>\n<h2 style=\"text-align: justify;\"><strong>L\u2019objectif d\u2019une Irlande sans tabac d\u2019ici 2025 mis en question<\/strong><\/h2>\n<p style=\"text-align: justify;\">Les r\u00e9sultats de l&rsquo;enqu\u00eate 2019 ont montr\u00e9 que 16,2 % des gar\u00e7ons fumaient r\u00e9guli\u00e8rement des cigarettes manufactur\u00e9es, contre 13,1 % en 2015. Ce taux est demeur\u00e9 inchang\u00e9 pour les filles entre 2015 et 2019 et s\u2019\u00e9tablit \u00e0 12,8%. La pr\u00e9valence tabagique \u00e9tait en constante baisse depuis 1995 o\u00f9 l\u2019on d\u00e9nombrait alors 41% de consommateurs r\u00e9guliers de tabac chez les adolescents.<\/p>\n<p style=\"text-align: justify;\">En ce qui concerne la consommation de produits du vapotage, en 2015, 23 % des adolescents (filles et gar\u00e7ons) d\u00e9claraient avoir d\u00e9j\u00e0 utilis\u00e9 des cigarettes \u00e9lectroniques. Ce chiffre est pass\u00e9 \u00e0 37 % en 2019. En 2019, 18,1% des adolescents ont d\u00e9clar\u00e9 \u00eatre des consommateurs r\u00e9guliers de produits du vapotage contre 10,1 % en 2015. L&rsquo;Irlande a \u00e9t\u00e9 le seul pays \u00e0 inclure des questions sur la cigarette \u00e9lectronique dans l&rsquo;enqu\u00eate ESPAD de 2015, offrant une occasion unique de surveiller la tendance de l&rsquo;utilisation de la cigarette \u00e9lectronique et son effet sur les taux de tabagisme chez les adolescents.<\/p>\n<p style=\"text-align: justify;\">L&rsquo;\u00e9tude a r\u00e9v\u00e9l\u00e9 que les adolescents qui ont admis avoir utilis\u00e9 des cigarettes \u00e9lectroniques \u00e9taient \u00e9galement plus susceptibles d\u2019\u00eatre \u00e9galement fumeurs et d\u2019avoir donc une double consommation (vapotage et tabac).<\/p>\n<p style=\"text-align: justify;\">En Irlande, le gouvernement s&rsquo;est fix\u00e9 pour objectif de rendre le pays \u00ab sans tabac \u00bb d&rsquo;ici 2025, ce qui signifie que le taux de tabagisme devrait \u00eatre inf\u00e9rieur \u00e0 5% dans l\u2019ensemble de la population. Les recherches pr\u00e9c\u00e9dentes sugg\u00e9raient que cet objectif serait difficilement atteint pour l&rsquo;ensemble de la population, mais jusqu&rsquo;\u00e0 pr\u00e9sent, l\u2019objectif demeurait atteignable pour les adolescents. Ces r\u00e9sultats sont susceptibles de remettre en cause la r\u00e9alisation de cet objectif.<\/p>\n<h2 style=\"text-align: justify;\"><strong>Des mesures suppl\u00e9mentaires n\u00e9cessaires pour endiguer la pr\u00e9valence des jeunes <\/strong><\/h2>\n<p style=\"text-align: justify;\">En Irlande, des initiatives politiques et l\u00e9gislatives successives ont entra\u00een\u00e9 une baisse de l\u2019accessibilit\u00e9 et l\u2019attractivit\u00e9 des produits du tabac et de la nicotine chez les adolescents. L&rsquo;Irlande a \u00e9t\u00e9 le premier pays au monde \u00e0 interdire strictement de fumer dans tous les lieux de travail notamment les restaurants, bars (pubs) en 2004. C\u2019est \u00e9galement l\u2019un des premiers pays \u00e0 avoir adopt\u00e9 le paquet neutre. Les augmentations successives des taxes sur les produits du tabac ont aussi contribu\u00e9 \u00e0 cette r\u00e9duction de la pr\u00e9valence. L&rsquo;augmentation significative du tabagisme chez les adolescents (gar\u00e7ons) en Irlande en 2019 sugg\u00e8re que de nouvelles restrictions r\u00e9glementaires sont n\u00e9cessaires, par exemple en augmentant l&rsquo;\u00e2ge d&rsquo;achat des produits du tabac et de la nicotine \u00e0 21 ans et \u00e9galement en mettant en place davantage d\u2019espaces publics o\u00f9 il est interdit de fumer ou vapoter.<\/p>\n<p style=\"text-align: justify;\">Les r\u00e9sultats soutiennent la n\u00e9cessit\u00e9 d&rsquo;\u00e9tendre les mesures actuelles de lutte antitabac \u00e0 destination des mineurs aux cigarettes \u00e9lectroniques pour limiter ce que l\u2019on appelle \u00ab la renormalisation \u00bb du tabagisme<a href=\"#_ftn2\" name=\"_ftnref2\">[2]<\/a>&#8211;<a href=\"#_ftn3\" name=\"_ftnref3\">[3]<\/a>.<\/p>\n<p style=\"text-align: justify;\"><strong>Mots-cl\u00e9s : Irlande, G\u00e9n\u00e9ration sans  tabac, 2025, tabac, vapotage, adolescents<\/strong><\/p>\n<p><strong><a href=\"https:\/\/www.generationsanstabac.org\/\">\u00a9G\u00e9n\u00e9ration Sans Tabac<\/a><\/strong><\/p>\n<p style=\"text-align: right;\"><strong><em>AE<\/em><\/strong><\/p>\n<hr \/>\n<p><a href=\"#_ftnref1\" name=\"_ftn1\">[1]<\/a> Sunday S, Hanafin J, Clancy L. Increased smoking and e-cigarette use among Irish teenagers: A new threat to Tobacco Free Ireland 2025. ERJ Open Res 2021; in press (https:\/\/doi.org\/10.1183\/23120541.00438-2021)<\/p>\n<p><a href=\"#_ftnref2\" name=\"_ftn2\">[2]<\/a> Amalia B, Liu X, Lugo A, Fu M, Odone A, Van Den Brandt PA, et al. Exposure to Secondhand Aerosol of Electronic Cigarettes in Indoor Settings in 12 European Countries: Data from the Tackshs Survey. Tobacco Control. 2020;<\/p>\n<p><a href=\"#_ftnref3\" name=\"_ftn3\">[3]<\/a> Liu J, Zhao S, Chen X, Falk E, Albarrac\u00edn D. The influence of peer behavior as a function of social and cultural closeness: A meta-analysis of normative influence on adolescent smoking initiation and continuation. Psychological Bulletin. 2017 Oct;143(10):1082\u2013115.<\/p>\n<p><span style=\"color: #999999;\"><strong><a style=\"color: #999999;\" href=\"http:\/\/www.cnct.fr\/\" target=\"_blank\" rel=\"noopener noreferrer\">Comit\u00e9 National Contre le Tabagisme |<\/a><\/strong><\/span><\/p>\n","protected":false},"excerpt":{"rendered":"<p>Selon une r\u00e9cente \u00e9tude, pour la premi\u00e8re fois en 25 ans, les taux de consommateurs de tabac chez les adolescents en Irlande sont en hausse.<\/p>\n","protected":false},"featured_media":20474,"template":"","tags":[],"thematique":[474],"class_list":["post-20473","actualites","type-actualites","status-publish","has-post-thumbnail","hentry","thematique-sante"],"acf":[],"_links":{"self":[{"href":"https:\/\/www.generationsanstabac.org\/fr\/wp-json\/wp\/v2\/actualites\/20473","targetHints":{"allow":["GET"]}}],"collection":[{"href":"https:\/\/www.generationsanstabac.org\/fr\/wp-json\/wp\/v2\/actualites"}],"about":[{"href":"https:\/\/www.generationsanstabac.org\/fr\/wp-json\/wp\/v2\/types\/actualites"}],"version-history":[{"count":0,"href":"https:\/\/www.generationsanstabac.org\/fr\/wp-json\/wp\/v2\/actualites\/20473\/revisions"}],"wp:featuredmedia":[{"embeddable":true,"href":"https:\/\/www.generationsanstabac.org\/fr\/wp-json\/wp\/v2\/media\/20474"}],"wp:attachment":[{"href":"https:\/\/www.generationsanstabac.org\/fr\/wp-json\/wp\/v2\/media?parent=20473"}],"wp:term":[{"taxonomy":"post_tag","embeddable":true,"href":"https:\/\/www.generationsanstabac.org\/fr\/wp-json\/wp\/v2\/tags?post=20473"},{"taxonomy":"thematique","embeddable":true,"href":"https:\/\/www.generationsanstabac.org\/fr\/wp-json\/wp\/v2\/thematique?post=20473"}],"curies":[{"name":"wp","href":"https:\/\/api.w.org\/{rel}","templated":true}]}}