{"id":20447,"date":"2021-08-13T08:00:58","date_gmt":"2021-08-13T06:00:58","guid":{"rendered":"https:\/\/www.generationsanstabac.org\/actualites\/tabac-et-covid-19-promotion-aides-a-arret-vs-les-agissements-industrie\/"},"modified":"2021-08-13T08:00:58","modified_gmt":"2021-08-13T06:00:58","slug":"tabac-et-covid-19-promotion-aides-a-arret-vs-les-agissements-industrie","status":"publish","type":"actualites","link":"https:\/\/www.generationsanstabac.org\/fr\/actualites\/tabac-et-covid-19-promotion-aides-a-arret-vs-les-agissements-industrie\/","title":{"rendered":"Tabac et Covid-19 : promotion des aides \u00e0 l\u2019arr\u00eat VS. les pratiques de l\u2019industrie"},"content":{"rendered":"<p style=\"text-align: justify;\"><em>Apr\u00e8s 18 mois de pand\u00e9mie de COVID-19, l\u2019industrie du tabac montre qu\u2019elle sait s\u2019adapter et mettre \u00e0 profit toutes les situations exceptionnelles. Les \u00e9tats r\u00e9agissent eux aussi : les Etats-Unis encouragent ainsi l\u2019arr\u00eat du tabac aupr\u00e8s des populations les plus d\u00e9munies.<\/em><\/p>\n<p style=\"text-align: justify;\">La crise mondiale d\u00e9clench\u00e9e par la pand\u00e9mie n\u2019a pas calm\u00e9 les ardeurs de l\u2019industrie du tabac, bien au contraire, comme le souligne un article paru sur le site de The Lancet[<a href=\"https:\/\/www.thelancet.com\/journals\/lanres\/article\/PIIS2213-2600(21)00361-1\/fulltext\">1<\/a>].<\/p>\n<h2 style=\"text-align: justify;\"><strong>L\u2019industrie du tabac aux aguets<\/strong><\/h2>\n<p style=\"text-align: justify;\">Habitu\u00e9e \u00e0 se saisir des derni\u00e8res tendances et \u00e0 exploiter les \u00e9v\u00e9nements historiques, cette industrie a d\u00e9ploy\u00e9 d\u00e8s le d\u00e9but de la pand\u00e9mie de cons\u00e9quents efforts pour tenter de tirer profit de la crise et de minimiser ses pertes. <em>\u00ab Ils voulaient aussi se prot\u00e9ger eux-m\u00eames de toute retomb\u00e9e potentielle d\u2019une pand\u00e9mie caus\u00e9e par un virus respiratoire \u00bb<\/em>, commente Tom Hird, chercheur du Tobacco Control Research Group de l\u2019Universit\u00e9 de Bath. Les industriels ont ainsi multipli\u00e9, au nom de la responsabilit\u00e9 sociale des entreprises (RSE), les initiatives d\u2019assistance sanitaire aux \u00e9tats, en leur offrant, \u00e0 grand renfort de publicit\u00e9, des masques (Costa Rica) et des \u00e9quipements de protection (Bengladesh), des tests (Indon\u00e9sie), des ventilateurs (Gr\u00e8ce) ou encore des apports financiers (Roumanie, Italie, Ukraine, Inde).<\/p>\n<p style=\"text-align: justify;\">Ces initiatives, essentiellement tourn\u00e9es vers les pays les plus fumeurs, ont notamment pour objectif de restreindre par la suite les mesures de protection contre le tabagisme que ces pays pensaient ou auraient pu prendre. Si les pays les plus riches et les plus impliqu\u00e9s dans la lutte antitabac ont su faire jouer l\u2019article 5.3 de la Convention-Cadre pour la lutte antitabac (CCLAT) afin de tenir l\u2019industrie \u00e0 l\u2019\u00e9cart, les pays \u00e9conomiquement les plus fragiles ont eu plus de mal \u00e0 refuser ces offres. Les industriels ont aussi financ\u00e9 des recherches qui accr\u00e9ditent l\u2019hypoth\u00e8se d\u2019un effet protecteur de la nicotine[<a href=\"https:\/\/www.generationsanstabac.org\/actualites\/retrait-invalidite-article-scientifique-fumeurs-moins-atteints-covid-19\/\">2<\/a>], jusqu\u2019ici non d\u00e9montr\u00e9e, afin de promouvoir en parall\u00e8le sur les r\u00e9seaux sociaux leurs e-cigarettes[<a href=\"https:\/\/tobaccocontrol.bmj.com\/content\/early\/2020\/08\/26\/tobaccocontrol-2020-055855\">3<\/a>] ou leurs produits de tabac chauff\u00e9\/grill\u00e9. <em>\u00ab Cela d\u00e9tourne l\u2019attention des terribles dommages respiratoires caus\u00e9s par le tabagisme \u00bb<\/em>, compl\u00e8te Tom Hird.<\/p>\n<h2 style=\"text-align: justify;\"><strong>Une vigilance de certains l\u00e9gislateurs<\/strong><\/h2>\n<p style=\"text-align: justify;\">Ces tactiques de l\u2019industrie ne laissent pas indiff\u00e9rents les l\u00e9gislateurs. Des \u00e9lus \u00e9tatsuniens ont ainsi somm\u00e9 Philip Morris International (PMI) et British American Tobacco (BAT) de s\u2019expliquer sur leur manque d\u2019\u00e9thique \u00e0 inonder les r\u00e9seaux sociaux de publicit\u00e9s pour les cigarettes \u00e9lectroniques[<a href=\"https:\/\/www.thelancet.com\/journals\/lanres\/article\/PIIS2213-2600(21)00361-1\/fulltext\">1<\/a>].<\/p>\n<p style=\"text-align: justify;\">Plus r\u00e9cemment, deux s\u00e9nateurs, l\u2019un d\u00e9mocrate, l\u2019autre r\u00e9publicaine, ont d\u00e9fendu un projet de loi permettant de garantir durant la pand\u00e9mie un acc\u00e8s gratuit aux outils de sevrage tabagique pour les populations les plus pr\u00e9caires et qui b\u00e9n\u00e9ficient d\u2019une aide m\u00e9dicale[<a href=\"https:\/\/www.tobaccofreekids.org\/press-releases\/2021_08_06_quit-because-of-covid-act\">4<\/a>]. Cette loi, applaudie par les acteurs de sant\u00e9, entend notamment venir en aide aux populations les plus fragiles face au tabac, qui ont aussi \u00e9t\u00e9 les plus touch\u00e9es par l\u2019\u00e9pid\u00e9mie. Une \u00e9tude conduite par Medicaid a par exemple montr\u00e9 que chaque dollar investi dans l\u2019arr\u00eat du tabagisme permet d\u2019en \u00e9conomiser au moins trois, en \u00e9vitant de nombreuses hospitalisations.<\/p>\n<h2 style=\"text-align: justify;\"><strong>Les in\u00e9galit\u00e9s sociales restent des facteurs aggravants<\/strong><\/h2>\n<p style=\"text-align: justify;\">L\u2019\u00e9valuation des risques encourus par les fumeurs \u2013 et les fumeurs passifs \u2013 face au SARS-Cov-2 n\u2019est pas encore formellement \u00e9tablie, mais sugg\u00e8re tr\u00e8s fortement des cons\u00e9quences plus s\u00e9v\u00e8res pour les fumeurs que pour les non-fumeurs[<a href=\"https:\/\/www.ncbi.nlm.nih.gov\/pmc\/articles\/PMC7709785\/#bib0300\">5<\/a>]. Les cat\u00e9gories sociales les moins bien loties sont moins arm\u00e9es pour affronter cette situation : elles fument davantage que d\u2019autres cat\u00e9gories socioprofessionnelles, sont plus touch\u00e9es par les maladies li\u00e9es au tabagisme et rencontrent davantage de difficult\u00e9s \u00e0 arr\u00eater de fumer ; elles ont par ailleurs davantage souffert des cons\u00e9quences \u00e9conomiques de la crise sanitaire[<a href=\"https:\/\/www.insee.fr\/fr\/statistiques\/4797670?sommaire=4928952\">6<\/a>]. Il semble donc non seulement logique, mais indispensable de faciliter l\u2019acc\u00e8s \u00e0 tous les moyens leur permettant de mettre un terme \u00e0 leur tabagisme. Le conseil d\u2019arr\u00eat du tabac pour rester en bonne sant\u00e9 et mieux traverser la crise sanitaire peut cependant \u00eatre adress\u00e9 \u00e0 tous les fumeurs, quel que soit leur statut. Les efforts d\u00e9ploy\u00e9s par l\u2019industrie du tabac pour alimenter les doutes et d\u00e9tourner l\u2019attention ne sauraient quant \u00e0 eux faire oublier qu\u2019\u00e0 ce jour, l\u2019\u00e9pid\u00e9mie de tabagisme, avec ses huit millions de d\u00e9c\u00e8s annuels, tue davantage que celle li\u00e9e au coronavirus.<\/p>\n<p style=\"text-align: justify;\"><strong>Mots-cl\u00e9s : COVID-19, industrie du tabac, RSE, e-cigarette.<\/strong><\/p>\n<p><strong><a href=\"https:\/\/www.generationsanstabac.org\/\">\u00a9G\u00e9n\u00e9ration Sans Tabac<\/a><\/strong><\/p>\n<p style=\"text-align: right;\"><strong><em>MF<\/em><\/strong><\/p>\n<hr \/>\n<p>[1] Khan Burki T, The Lancet \u2013 Respiratoy Medecine, <a href=\"https:\/\/www.thelancet.com\/journals\/lanres\/article\/PIIS2213-2600(21)00361-1\/fulltext\"><em>Tobacco industry capitalises on the COVID-19 pandemic<\/em><\/a><em>. <\/em>Publi\u00e9 le 29 juillet 2021, consult\u00e9 le 10 ao\u00fbt 2021.<\/p>\n<p>[2] G\u00e9n\u00e9ration Sans Tabac, <a href=\"https:\/\/www.generationsanstabac.org\/actualites\/retrait-invalidite-article-scientifique-fumeurs-moins-atteints-covid-19\/\"><em>Nicotine et Covid : un conflit d\u2019int\u00e9r\u00eat non d\u00e9clar\u00e9 invalide une \u00e9tud<\/em><\/a><em>e. <\/em>Publi\u00e9 le 28 avril 2021, consult\u00e9 le 10 ao\u00fbt 2021.<\/p>\n<p>[3] Ramamurthi D, Chau C, Jackler R, <a href=\"https:\/\/tobaccocontrol.bmj.com\/content\/early\/2020\/08\/26\/tobaccocontrol-2020-055855\"><em>Exploitation of the COVID-19 pandemic by e-cigarette marketers<\/em><\/a>. Tob Control 2020;0:1\u20134.<\/p>\n<p>[4] Matthew L. Myers, Campaign for Tobacco-Free Kids, <em>Tobacco-Free Kids Strongly <\/em><a href=\"https:\/\/www.tobaccofreekids.org\/press-releases\/2021_08_06_quit-because-of-covid-act\"><em>Supports the Quit Because of COVID-19 Act that Will Expand Medicaid and CHIP Coverage for Tobacco Cessation Treatments<\/em><\/a><em>. <\/em>Publi\u00e9 le 6 ao\u00fbt 2021, consult\u00e9 le 10 ao\u00fbt 2021.<\/p>\n<p>[5] Thomas D, Berlin I, <a href=\"https:\/\/www.ncbi.nlm.nih.gov\/pmc\/articles\/PMC7709785\/#bib0300\"><em>Covid-19 et tabagisme<\/em><\/a>, Archives des Maladies du C\u0153ur et des  Vaisseaux &#8211; Pratique. 2021 Jan; 2021(294): 26\u201329. Publi\u00e9 en ligne le 2 d\u00e9cembre 2020, consult\u00e9 le 26 avril 2020.<\/p>\n<p>[6] Barhoumi M, Jonchery A, Lombardo P, Le Minez S, Mainaud T, Raynaud E, Pailh\u00e9 A, Solaz A, Pollak C, INSEE. <a href=\"https:\/\/www.insee.fr\/fr\/statistiques\/4797670?sommaire=4928952\"><em>Les in\u00e9galit\u00e9s sociales \u00e0 l\u2019\u00e9preuve de la crise sanitaire : un bilan du premier confinement<\/em><\/a><em>. <\/em>Publi\u00e9 le 3 d\u00e9cembre 2020, consult\u00e9 le 11 ao\u00fbt 2021.<\/p>\n<p><span style=\"color: #999999;\"><strong><a style=\"color: #999999;\" href=\"http:\/\/www.cnct.fr\/\" target=\"_blank\" rel=\"noopener noreferrer\">Comit\u00e9 National Contre le Tabagisme |<\/a><\/strong><\/span><\/p>\n","protected":false},"excerpt":{"rendered":"<p>Apr\u00e8s 18 mois de pand\u00e9mie de COVID-19, l\u2019industrie du tabac montre qu\u2019elle sait s\u2019adapter et mettre \u00e0 profit toutes les situations exceptionnelles. Les \u00e9tats r\u00e9agissent eux aussi : les Etats-Unis encouragent ainsi l\u2019arr\u00eat du tabac aupr\u00e8s des populations les plus d\u00e9munies.<\/p>\n","protected":false},"featured_media":19732,"template":"","tags":[],"thematique":[499,474],"class_list":["post-20447","actualites","type-actualites","status-publish","has-post-thumbnail","hentry","thematique-lobby","thematique-sante"],"acf":[],"_links":{"self":[{"href":"https:\/\/www.generationsanstabac.org\/fr\/wp-json\/wp\/v2\/actualites\/20447","targetHints":{"allow":["GET"]}}],"collection":[{"href":"https:\/\/www.generationsanstabac.org\/fr\/wp-json\/wp\/v2\/actualites"}],"about":[{"href":"https:\/\/www.generationsanstabac.org\/fr\/wp-json\/wp\/v2\/types\/actualites"}],"version-history":[{"count":0,"href":"https:\/\/www.generationsanstabac.org\/fr\/wp-json\/wp\/v2\/actualites\/20447\/revisions"}],"wp:featuredmedia":[{"embeddable":true,"href":"https:\/\/www.generationsanstabac.org\/fr\/wp-json\/wp\/v2\/media\/19732"}],"wp:attachment":[{"href":"https:\/\/www.generationsanstabac.org\/fr\/wp-json\/wp\/v2\/media?parent=20447"}],"wp:term":[{"taxonomy":"post_tag","embeddable":true,"href":"https:\/\/www.generationsanstabac.org\/fr\/wp-json\/wp\/v2\/tags?post=20447"},{"taxonomy":"thematique","embeddable":true,"href":"https:\/\/www.generationsanstabac.org\/fr\/wp-json\/wp\/v2\/thematique?post=20447"}],"curies":[{"name":"wp","href":"https:\/\/api.w.org\/{rel}","templated":true}]}}