{"id":20399,"date":"2021-06-14T13:53:41","date_gmt":"2021-06-14T11:53:41","guid":{"rendered":"https:\/\/www.generationsanstabac.org\/actualites\/hausses-de-taxes-sur-les-produits-du-tabac-et-de-la-nicotine-en-allemagne\/"},"modified":"2021-06-14T13:53:41","modified_gmt":"2021-06-14T11:53:41","slug":"hausses-de-taxes-sur-les-produits-du-tabac-et-de-la-nicotine-en-allemagne","status":"publish","type":"actualites","link":"https:\/\/www.generationsanstabac.org\/fr\/actualites\/hausses-de-taxes-sur-les-produits-du-tabac-et-de-la-nicotine-en-allemagne\/","title":{"rendered":"Hausses de taxes sur les produits du tabac et de la nicotine en Allemagne"},"content":{"rendered":"<p style=\"text-align: justify;\"><em>En Allemagne, apr\u00e8s plus de cinq ans sans augmentation, le Parlement a approuv\u00e9 la hausse des taxes sur le tabac, le tabac chauff\u00e9 et les cigarettes \u00e9lectroniques. Ces hausses de taxes, bien que limit\u00e9es, ont rencontr\u00e9 l\u2019opposition de l\u2019industrie du tabac et de la nicotine<a href=\"#_ftn1\" name=\"_ftnref1\"><strong>[1]<\/strong><\/a>. <\/em><\/p>\n<p style=\"text-align: justify;\">Les membres du Bundestag ont d\u00e9cid\u00e9 d\u2019augmenter de 10 centimes la taxe sur le paquet de 20 cigarettes, pour l\u2019ann\u00e9e en cours, et l\u2019ann\u00e9e prochaine. En 2025 et 2026, cette augmentation passera \u00e0 15 centimes. Cette augmentation est ainsi plus forte que celle propos\u00e9e initialement par le gouvernement f\u00e9d\u00e9ral. Selon le journal allemand Die Zeit, cette hausse de taxes devrait \u00eatre avalis\u00e9e par le Conseil f\u00e9d\u00e9ral vendredi 25 juin.<\/p>\n<h2 style=\"text-align: justify;\"><strong>Une hausse sur le tabac tr\u00e8s limit\u00e9e<\/strong><\/h2>\n<p style=\"text-align: justify;\">Bien que plus forte que pr\u00e9vue, cette augmentation des taxes sur le tabac demeure toutefois particuli\u00e8rement limit\u00e9e. Si les hausses de taxes constituent le levier le plus efficace et le plus rentable pour lutte contre le tabagisme, celles-ci doivent \u00eatre r\u00e9guli\u00e8res et significatives. En dessous d\u2019un certain seuil, l\u2019augmentation du prix des cigarettes ne fait pas diminuer la consommation, p\u00e9nalisant ainsi le pouvoir d\u2019achat des fumeurs les plus pr\u00e9caires, sans b\u00e9n\u00e9fice significatif en mati\u00e8re de sant\u00e9 publique. C\u2019est pr\u00e9cis\u00e9ment pour cette raison que l\u2019industrie du tabac d\u00e9ploie un lobbying pour bloquer par principe toute hausse de taxes, m\u00eame limit\u00e9e, qui l\u2019emp\u00eache d\u2019augmenter ses marges b\u00e9n\u00e9ficiaires, et a fortiori les fortes hausses de taxes, la p\u00e9nalisant par une r\u00e9duction de la consommation.<\/p>\n<h2 style=\"text-align: justify;\"><strong>Une hausse sur l\u2019ensemble des produits du tabac et de la nicotine<\/strong><\/h2>\n<p style=\"text-align: justify;\">Cette hausse de taxes concerne par ailleurs l\u2019ensemble des produits du tabac et de la nicotine. Ainsi, le liquide de cigarette \u00e9lectronique, co\u00fbte aujourd\u2019hui environ 5 euros pour un flacon de 10 millilitres. La taxe qui lui est associ\u00e9e devrait d\u00e9passer 1,60 euro en 2022, et 3,20 en 2026. Les produits du tabac chauff\u00e9 vont \u00e9galement \u00eatre soumis \u00e0 une plus forte taxation. Ces hausses de taxes ont rencontr\u00e9 l\u2019hostilit\u00e9 des fabricants, affirmant que les moindres niveaux de toxicit\u00e9 de ces produits devraient s\u2019accompagner d\u2019une fiscalit\u00e9 pr\u00e9f\u00e9rentielle. Toutefois, aucune \u00e9tude ind\u00e9pendante n\u2019est parvenue \u00e0 ce jour \u00e0 d\u00e9montrer que la consommation de tabac chauff\u00e9 \u00e9tait moins dangereuse pour la sant\u00e9 que celle de cigarettes manufactur\u00e9es. De son c\u00f4t\u00e9, l\u2019Alliance for Tobacco outdoor enjoyment, front group de l\u2019industrie,  a d\u00e9clar\u00e9 vouloir saisir la Cour constitutionnelle pour protester contre cette \u00ab augmentation de taxe disproportionn\u00e9e \u00bb.<\/p>\n<h2 style=\"text-align: justify;\"><strong>La forte influence de l\u2019industrie du tabac en Allemagne <\/strong><\/h2>\n<p style=\"text-align: justify;\">En mati\u00e8re de lutte contre le tabagisme, l\u2019Allemagne se caract\u00e9rise par <a href=\"https:\/\/www.generationsanstabac.org\/actualites\/atlas-2020-du-tabac-en-allemagne-situation-preoccupante\/\">sa situation pr\u00e9occupante<\/a>. Comme mentionn\u00e9 plus haut, aucune hausse de taxe significative n\u2019a \u00e9t\u00e9 mise en place depuis plusieurs ann\u00e9es. En 2007, le paquet co\u00fbtait en moyenne 5,90 euros, contre 6,77 en 2018. Il y a encore quelques mois, l\u2019Allemagne autorisait la publicit\u00e9 pour le tabac sur les panneaux d\u2019affichage. L\u2019interdiction, mise en place \u00e0 partir de septembre 2020, comporte de longues p\u00e9riodes de transition. Par ailleurs, la r\u00e9glementation sur les espaces sans tabac et sans fum\u00e9e demeure aujourd\u2019hui tr\u00e8s lacunaire, les avertissements sanitaires graphiques n\u2019ont \u00e9t\u00e9 introduits qu\u2019\u00e0 la suite de la directive europ\u00e9enne de 2014, tandis que l\u2019emballage neutre n\u2019est pas \u00e0 l\u2019ordre du jour. Cette situation, due \u00e0 une forte influence de l\u2019industrie du tabac sur les d\u00e9cideurs publics, se traduit par un co\u00fbt humain consid\u00e9rable : chaque ann\u00e9e, 127 000 personnes meurent du tabagisme en Allemagne<a href=\"#_ftn2\" name=\"_ftnref2\">[2]<\/a>.<\/p>\n<p style=\"text-align: right;\"><strong><em>F.T<\/em><\/strong><\/p>\n<p style=\"text-align: justify;\"><strong>Mots cl\u00e9s : Allemagne, Taxes, Ing\u00e9rence, Lobbying<\/strong><\/p>\n<p style=\"text-align: justify;\"><strong><a href=\"https:\/\/www.generationsanstabac.org\/\">\u00a9G\u00e9n\u00e9ration Sans Tabac<\/a><\/strong><\/p>\n<hr \/>\n<p style=\"text-align: justify;\"><a href=\"#_ftnref1\" name=\"_ftn1\">[1]<\/a> Zeit Online, <a href=\"https:\/\/www.zeit.de\/politik\/deutschland\/2021-06\/tabaksteuer-bundesregierung-erhoehung-zigaretten-e-zigaretten\">Zigaretten und E-Zigaretten werden teurer<\/a>, 11\/06\/2021, (consult\u00e9 le 14\/06\/2021)<\/p>\n<p style=\"text-align: justify;\"><a href=\"#_ftnref2\" name=\"_ftn2\">[2]<\/a> German Cancer Research Center, Schaller, Katrin &amp; Kahnert, Sarah &amp; Graen, Laura &amp; Mons, Ute &amp; Ouedraogo, Nobila. (2020). <a href=\"https:\/\/www.dkfz.de\/de\/tabakkontrolle\/download\/Publikationen\/sonstVeroeffentlichungen\/Tabakatlas-Deutschland-2020.pdf\">Tabakatlas Deutschland 2020<\/a><\/p>\n<p style=\"text-align: justify;\"><span style=\"color: #999999;\"><strong><a style=\"color: #999999;\" href=\"http:\/\/www.cnct.fr\/\" target=\"_blank\" rel=\"noopener noreferrer\">Comit\u00e9 National Contre le Tabagisme |<\/a><\/strong><\/span><\/p>\n","protected":false},"excerpt":{"rendered":"<p>En Allemagne, apr\u00e8s plus de cinq ans sans augmentation, le Parlement a approuv\u00e9 la hausse des taxes sur le tabac, le tabac chauff\u00e9 et les cigarettes \u00e9lectroniques. Ces hausses de taxes, bien que limit\u00e9es, ont rencontr\u00e9 l\u2019opposition de l\u2019industrie du tabac et de la nicotine.<\/p>\n","protected":false},"featured_media":10550,"template":"","tags":[],"thematique":[499,491],"class_list":["post-20399","actualites","type-actualites","status-publish","has-post-thumbnail","hentry","thematique-lobby","thematique-politiques-publiques"],"acf":[],"_links":{"self":[{"href":"https:\/\/www.generationsanstabac.org\/fr\/wp-json\/wp\/v2\/actualites\/20399","targetHints":{"allow":["GET"]}}],"collection":[{"href":"https:\/\/www.generationsanstabac.org\/fr\/wp-json\/wp\/v2\/actualites"}],"about":[{"href":"https:\/\/www.generationsanstabac.org\/fr\/wp-json\/wp\/v2\/types\/actualites"}],"version-history":[{"count":0,"href":"https:\/\/www.generationsanstabac.org\/fr\/wp-json\/wp\/v2\/actualites\/20399\/revisions"}],"wp:featuredmedia":[{"embeddable":true,"href":"https:\/\/www.generationsanstabac.org\/fr\/wp-json\/wp\/v2\/media\/10550"}],"wp:attachment":[{"href":"https:\/\/www.generationsanstabac.org\/fr\/wp-json\/wp\/v2\/media?parent=20399"}],"wp:term":[{"taxonomy":"post_tag","embeddable":true,"href":"https:\/\/www.generationsanstabac.org\/fr\/wp-json\/wp\/v2\/tags?post=20399"},{"taxonomy":"thematique","embeddable":true,"href":"https:\/\/www.generationsanstabac.org\/fr\/wp-json\/wp\/v2\/thematique?post=20399"}],"curies":[{"name":"wp","href":"https:\/\/api.w.org\/{rel}","templated":true}]}}