{"id":20394,"date":"2021-06-10T09:10:54","date_gmt":"2021-06-10T07:10:54","guid":{"rendered":"https:\/\/www.generationsanstabac.org\/actualites\/jeunes-utilisateurs-e-cigarettes-electroniques-seraient-plus-souvent-asthmatiques\/"},"modified":"2021-06-10T09:10:54","modified_gmt":"2021-06-10T07:10:54","slug":"jeunes-utilisateurs-e-cigarettes-electroniques-seraient-plus-souvent-asthmatiques","status":"publish","type":"actualites","link":"https:\/\/www.generationsanstabac.org\/fr\/actualites\/jeunes-utilisateurs-e-cigarettes-electroniques-seraient-plus-souvent-asthmatiques\/","title":{"rendered":"Les jeunes utilisateurs de cigarettes \u00e9lectroniques seraient plus souvent asthmatiques"},"content":{"rendered":"<p style=\"text-align: justify;\">Des chercheurs canadiens (K Zhang <em>et al<\/em>, The Hospital for Sick Children, Toronto, ON, Canada) ont pr\u00e9sent\u00e9, dans le cadre de la conf\u00e9rence annuelle 2021 de l\u2019American Thoracic Society, un suivi de cohorte, constitu\u00e9e \u00e0 partir de la Canadian Community Health Survey, concernant 17 190 personnes \u00e2g\u00e9es de 12 ans et plus interrog\u00e9es en 2015-2016 et 2017-2018 [1].<\/p>\n<p style=\"text-align: justify;\">L\u2019\u00e9tude de cette cohorte montre que 16,7 % des r\u00e9pondants ont utilis\u00e9 une cigarette \u00e9lectronique dans les 30 derniers jours. En prenant en compte les possibles facteurs confondants, il apparait que les usagers de e-cigarettes avaient un risque de pr\u00e9senter une maladie asthmatique 19 % plus \u00e9lev\u00e9 que les non usagers de cigarettes \u00e9lectronique non-fumeurs. En comparaison, les fumeurs de tabac avaient un risque augment\u00e9 de 20 % et les ex-fumeurs de 33%. Parmi les personnes atteintes de maladie asthmatique, les utilisateurs de cigarettes \u00e9lectroniques avaient un risque de pr\u00e9senter une crise d\u2019asthme, au cours des 12 derniers mois, sup\u00e9rieur de 29% par rapport aux non usagers.<\/p>\n<p style=\"text-align: justify;\">Les auteurs concluent que \u00ab l\u2019usage de cigarettes \u00e9lectroniques est associ\u00e9 \u00e0 un risque significativement plus \u00e9lev\u00e9 de pr\u00e9senter une maladie asthmatique, risque comparable \u00e0 celui de fumeurs \u00bb. Ce risque qui peut \u00eatre \u00e9vit\u00e9 doit \u00eatre pris en compte en soins primaires, en particulier chez les sujets jeunes.<\/p>\n<p><strong>Mots-cl\u00e9s : cigarettes \u00e9lectroniques, e-cigarettes, vapotage, asthme, maladie respiratoire, jeunes <\/strong><\/p>\n<p><strong><a href=\"https:\/\/www.generationsanstabac.org\/\">\u00a9G\u00e9n\u00e9ration Sans Tabac<\/a><\/strong><\/p>\n<hr \/>\n<p>[1] To T, Zhang K, Terebessy E, Fong I, Zhu J, Vozoris N, Borkhoff C, Moraes TJ, Chow C, Schwartz R, <a href=\"https:\/\/conference.thoracic.org\/program\/abstract-search.php?sid=P7043\"><em>Does Vaping Increase the Odds of Asthma?: A Canadian Community Health Survey Study<\/em><\/a><em>. <\/em>Publi\u00e9 le 14 mai 2021, consult\u00e9 le 18 mai 2021.<\/p>\n<p><span style=\"color: #999999;\"><strong><a style=\"color: #999999;\" href=\"http:\/\/www.cnct.fr\/\" target=\"_blank\" rel=\"noopener noreferrer\">Comit\u00e9 National Contre le Tabagisme |<\/a><\/strong><\/span><\/p>\n","protected":false},"excerpt":{"rendered":"<p>Des chercheurs canadiens (K Zhang et al, The Hospital for Sick Children, Toronto, ON, Canada) ont pr\u00e9sent\u00e9, dans le cadre de la conf\u00e9rence annuelle 2021 de l\u2019American Thoracic Society, un suivi de cohorte, constitu\u00e9e \u00e0 partir de la Canadian Community Health Survey, concernant 17 190 personnes \u00e2g\u00e9es de 12 ans et plus interrog\u00e9es en 2015-2016 et 2017-2018.<\/p>\n","protected":false},"featured_media":10543,"template":"","tags":[],"thematique":[516,474],"class_list":["post-20394","actualites","type-actualites","status-publish","has-post-thumbnail","hentry","thematique-nouveaux-produits","thematique-sante"],"acf":[],"_links":{"self":[{"href":"https:\/\/www.generationsanstabac.org\/fr\/wp-json\/wp\/v2\/actualites\/20394","targetHints":{"allow":["GET"]}}],"collection":[{"href":"https:\/\/www.generationsanstabac.org\/fr\/wp-json\/wp\/v2\/actualites"}],"about":[{"href":"https:\/\/www.generationsanstabac.org\/fr\/wp-json\/wp\/v2\/types\/actualites"}],"version-history":[{"count":0,"href":"https:\/\/www.generationsanstabac.org\/fr\/wp-json\/wp\/v2\/actualites\/20394\/revisions"}],"wp:featuredmedia":[{"embeddable":true,"href":"https:\/\/www.generationsanstabac.org\/fr\/wp-json\/wp\/v2\/media\/10543"}],"wp:attachment":[{"href":"https:\/\/www.generationsanstabac.org\/fr\/wp-json\/wp\/v2\/media?parent=20394"}],"wp:term":[{"taxonomy":"post_tag","embeddable":true,"href":"https:\/\/www.generationsanstabac.org\/fr\/wp-json\/wp\/v2\/tags?post=20394"},{"taxonomy":"thematique","embeddable":true,"href":"https:\/\/www.generationsanstabac.org\/fr\/wp-json\/wp\/v2\/thematique?post=20394"}],"curies":[{"name":"wp","href":"https:\/\/api.w.org\/{rel}","templated":true}]}}