{"id":20392,"date":"2021-06-07T12:37:46","date_gmt":"2021-06-07T10:37:46","guid":{"rendered":"https:\/\/www.generationsanstabac.org\/actualites\/commission-europenne-intensifier-lutte-tabagisme\/"},"modified":"2021-06-07T12:37:46","modified_gmt":"2021-06-07T10:37:46","slug":"commission-europenne-intensifier-lutte-tabagisme","status":"publish","type":"actualites","link":"https:\/\/www.generationsanstabac.org\/fr\/actualites\/commission-europenne-intensifier-lutte-tabagisme\/","title":{"rendered":"La Commission europ\u00e9enne appelle \u00e0 intensifier la r\u00e9glementation sur le tabac"},"content":{"rendered":"<p style=\"text-align: justify;\"><em>La Commission europ\u00e9enne appelle \u00e0 engager des actions plus strictes en mati\u00e8re de contr\u00f4le du tabac. Si le continent enregistre une l\u00e9g\u00e8re baisse de la consommation depuis dix ans, les efforts en sant\u00e9 publique doivent \u00eatre intensifi\u00e9s pour parvenir \u00e0 une g\u00e9n\u00e9ration sans tabac d\u2019ici 2040<a href=\"#_ftn1\" name=\"_ftnref1\"><strong>[1]<\/strong><\/a>. <\/em><\/p>\n<h2 style=\"text-align: justify;\"><strong>Parvenir \u00e0 une g\u00e9n\u00e9ration europ\u00e9enne sans tabac d\u2019ici 2040<\/strong><\/h2>\n<p style=\"text-align: justify;\">Le plan europ\u00e9en de lutte contre le cancer est \u00e0 l\u2019origine de l\u2019objectif d\u2019atteindre la premi\u00e8re g\u00e9n\u00e9ration sans tabac d\u2019ici 2040, c\u2019est-\u00e0-dire la premi\u00e8re g\u00e9n\u00e9ration ayant une pr\u00e9valence tabagique inf\u00e9rieure \u00e0 5%. A l\u2019heure actuelle, 25% des citoyens de l\u2019Union europ\u00e9enne sont consommateurs de tabac. Le tabagisme est identifi\u00e9 par le plan europ\u00e9en comme \u00e9tant le \u00ab plus grand risque sanitaire \u00e9vitable de l\u2019Union europ\u00e9enne \u00bb, \u00e0 l\u2019origine de 27% de l\u2019ensemble des cancers.<\/p>\n<h2 style=\"text-align: justify;\"><strong>La perspective de la r\u00e9vision de la directive sur les produits du tabac<\/strong><\/h2>\n<p style=\"text-align: justify;\">Cet objectif d\u2019une g\u00e9n\u00e9ration sans tabac d\u2019ici 2040 a \u00e9t\u00e9 r\u00e9p\u00e9t\u00e9 par Stella Kyriakides, la commissaire europ\u00e9enne \u00e0 la sant\u00e9, \u00e0 l\u2019occasion de la Journ\u00e9e mondiale sans tabac du 31 mai. Selon elle, la r\u00e9glementation de l\u2019Union europ\u00e9enne a jou\u00e9 un r\u00f4le de premier plan dans la diminution de la consommation tabagique, mais doit \u00eatre aujourd\u2019hui renforc\u00e9e. A ce titre, la r\u00e9vision de la directive sur les produits du tabac constituera une \u00e9tape cruciale pour la sant\u00e9 publique. La r\u00e9vision de la directive aura notamment pour mission de proposer un cadre r\u00e9glementaire sur les nouveaux produits du tabac et de la nicotine, dont l\u2019apparition massive sur le march\u00e9 est post\u00e9rieure \u00e0 2014. La g\u00e9n\u00e9ralisation du paquet neutre, la mise en place d\u2019un syst\u00e8me de suivi et de tra\u00e7abilit\u00e9 pleinement ind\u00e9pendant de l\u2019industrie du tabac ou encore l\u2019instauration de quotas d\u2019approvisionnement des march\u00e9s font \u00e9galement partie des enjeux en mati\u00e8re de lutte contre le tabagisme \u00e0 l\u2019\u00e9chelle europ\u00e9enne.<\/p>\n<p style=\"text-align: justify;\">Par ailleurs, la directive europ\u00e9enne de 2011 relative aux droits d\u2019accise sur le tabac est actuellement en cours de r\u00e9vision. La question de la hausse des taxes, en tant qu\u2019instrument le plus efficace pour r\u00e9duire la pr\u00e9valence tabagique, rev\u00eat un enjeu sanitaire majeur, et fait l\u2019objet d\u2019un intense lobbying de la part des cigarettiers, qui visent \u00e0 maintenir des niveaux de fiscalit\u00e9 les plus bas possibles.<\/p>\n<p style=\"text-align: right;\"><strong><em>F.T<\/em><\/strong><\/p>\n<p><strong>Mots cl\u00e9s : Union europ\u00e9enne, Commission<br \/>\n<\/strong><\/p>\n<p><strong><a href=\"https:\/\/www.generationsanstabac.org\/\">\u00a9G\u00e9n\u00e9ration Sans Tabac<\/a><\/strong><\/p>\n<hr \/>\n<p style=\"text-align: justify;\"><a href=\"#_ftnref1\" name=\"_ftn1\">[1]<\/a> Euractiv, <a href=\"https:\/\/www.euractiv.com\/section\/health-consumers\/news\/eu-wants-tobacco-free-generation-as-smoking-numbers-rise-worldwide\/\">EU wants tobacco-free generation as smoking numbers rise worldwide<\/a>, 04\/06\/2021, (consult\u00e9 le 07\/06\/2021)<\/p>\n<p style=\"text-align: justify;\"><span style=\"color: #999999;\"><strong><a style=\"color: #999999;\" href=\"http:\/\/www.cnct.fr\/\" target=\"_blank\" rel=\"noopener noreferrer\">Comit\u00e9 National Contre le Tabagisme |<\/a><\/strong><\/span><\/p>\n","protected":false},"excerpt":{"rendered":"<p>La Commission europ\u00e9enne appelle \u00e0 engager des actions plus strictes en mati\u00e8re de contr\u00f4le du tabac. Si le continent enregistre une l\u00e9g\u00e8re baisse de la consommation depuis dix ans, les efforts en sant\u00e9 publique doivent \u00eatre intensifi\u00e9s pour parvenir \u00e0 une g\u00e9n\u00e9ration sans tabac d\u2019ici 2040.<\/p>\n","protected":false},"featured_media":10540,"template":"","tags":[],"thematique":[474],"class_list":["post-20392","actualites","type-actualites","status-publish","has-post-thumbnail","hentry","thematique-sante"],"acf":[],"_links":{"self":[{"href":"https:\/\/www.generationsanstabac.org\/fr\/wp-json\/wp\/v2\/actualites\/20392","targetHints":{"allow":["GET"]}}],"collection":[{"href":"https:\/\/www.generationsanstabac.org\/fr\/wp-json\/wp\/v2\/actualites"}],"about":[{"href":"https:\/\/www.generationsanstabac.org\/fr\/wp-json\/wp\/v2\/types\/actualites"}],"version-history":[{"count":0,"href":"https:\/\/www.generationsanstabac.org\/fr\/wp-json\/wp\/v2\/actualites\/20392\/revisions"}],"wp:featuredmedia":[{"embeddable":true,"href":"https:\/\/www.generationsanstabac.org\/fr\/wp-json\/wp\/v2\/media\/10540"}],"wp:attachment":[{"href":"https:\/\/www.generationsanstabac.org\/fr\/wp-json\/wp\/v2\/media?parent=20392"}],"wp:term":[{"taxonomy":"post_tag","embeddable":true,"href":"https:\/\/www.generationsanstabac.org\/fr\/wp-json\/wp\/v2\/tags?post=20392"},{"taxonomy":"thematique","embeddable":true,"href":"https:\/\/www.generationsanstabac.org\/fr\/wp-json\/wp\/v2\/thematique?post=20392"}],"curies":[{"name":"wp","href":"https:\/\/api.w.org\/{rel}","templated":true}]}}