{"id":20386,"date":"2021-05-31T12:49:32","date_gmt":"2021-05-31T10:49:32","guid":{"rendered":"https:\/\/www.generationsanstabac.org\/actualites\/interdire-la-vente-de-tabac-aux-moins-de-21-ans-quels-enjeux\/"},"modified":"2021-05-31T12:49:32","modified_gmt":"2021-05-31T10:49:32","slug":"interdire-la-vente-de-tabac-aux-moins-de-21-ans-quels-enjeux","status":"publish","type":"actualites","link":"https:\/\/www.generationsanstabac.org\/fr\/actualites\/interdire-la-vente-de-tabac-aux-moins-de-21-ans-quels-enjeux\/","title":{"rendered":"Interdire la vente de tabac aux moins de 21 ans : quels enjeux ?"},"content":{"rendered":"<p style=\"text-align: justify;\"><em>A l\u2019occasion de la Journ\u00e9e mondiale sans tabac au Royaume-Uni, l\u2019Action on smoking and health (ASH) ainsi que des universitaires de l\u2019University College London (UCL) appellent les pouvoirs publics britanniques \u00e0 envisager le rel\u00e8vement \u00e0 21 ans de l\u2019\u00e2ge l\u00e9gal de vente de tabac. Selon l\u2019ONG, une telle mesure aurait des effets significatifs pour la sant\u00e9 publique<a href=\"#_ftn1\" name=\"_ftnref1\"><strong>[1]<\/strong><\/a>. <\/em><\/p>\n<p style=\"text-align: justify;\">ASH appelle le gouvernement britannique \u00e0 tenir compte d\u2019une \u00e9tude parue dans la revue scientifique The Lancet, qui d\u00e9montre qu\u2019une tr\u00e8s large majorit\u00e9 de fumeurs s\u2019initient au tabac avant leurs 21 ans<a href=\"#_ftn2\" name=\"_ftnref2\">[2]<\/a>.<\/p>\n<h2 style=\"text-align: justify;\"><strong>Un effet b\u00e9n\u00e9fique imm\u00e9diat et significatif sur la sant\u00e9 publique<\/strong><\/h2>\n<p style=\"text-align: justify;\">Les chiffres pr\u00e9sent\u00e9s dans The Lancet soulignent le caract\u00e8re p\u00e9diatrique de l\u2019\u00e9pid\u00e9mie tabagique. En effet, selon l\u2019\u00e9tude, les trois quarts des fumeurs dans le monde ont fum\u00e9 leur premi\u00e8re cigarette avant 21 ans. Selon la mod\u00e9lisation des universitaires de l\u2019UCL, et l\u2019exp\u00e9rience am\u00e9ricaine, l\u2019application d\u2019une telle mesure aurait pour effet de r\u00e9duire de 30% la pr\u00e9valence tabagique aupr\u00e8s des 18-21 ans d\u00e8s la premi\u00e8re ann\u00e9e. En quelques ann\u00e9es, l\u2019\u00e9largissement de l\u2019interdiction aurait pour effet de consid\u00e9rablement diminuer la pr\u00e9valence tabagique de l\u2019ensemble de la population. Selon le Professeur Robert West, professeur \u00e9m\u00e9rite \u00e0 l\u2019University College London \u00ab l\u2019augmentation de l\u2019\u00e2ge de vente du tabac \u00e0 21 ans conduira \u00e0 une baisse imm\u00e9diate et substantielle de la pr\u00e9valence tabagique chez les jeunes adultes, bien plus importante que toute autre mesure politique envisag\u00e9e \u00bb. Au total, cette proposition pourrait prot\u00e9ger et \u00e9carter plus de cent mille personnes du tabagisme d\u00e8s la premi\u00e8re ann\u00e9e de son application.<\/p>\n<h2 style=\"text-align: justify;\"><strong>Une mesure pl\u00e9biscit\u00e9e par l\u2019opinion publique<\/strong><\/h2>\n<p style=\"text-align: justify;\">Selon une enqu\u00eate r\u00e9alis\u00e9e par Ash, en partenariat avec l\u2019institut de sondage YouGov, le rel\u00e8vement de l\u2019\u00e2ge de la vente de tabac rencontre le soutien de l\u2019opinion publique et d\u00e9passe les clivages partisans. Ainsi, 64% des anglais adultes d\u00e9clarent soutenir cette mesure de sant\u00e9 publique, tandis que seulement 15% s\u2019y opposent. Cette tendance se v\u00e9rifie m\u00eame aupr\u00e8s des 18-24 ans, les principaux concern\u00e9s. En effet, au sein de cette tranche d\u2019\u00e2ge, 54% d\u2019entre eux affirment soutenir la mesure, et seulement 24% s\u2019y opposer.<\/p>\n<h2 style=\"text-align: justify;\"><strong>Une mesure juridiquement envisageable<\/strong><\/h2>\n<p style=\"text-align: justify;\">Si la majorit\u00e9, en Angleterre comme en France, est fix\u00e9e \u00e0 18 ans, ce chiffre demeure arbitraire, et ne signifie pas n\u00e9cessairement qu\u2019un individu devient \u00e0 ce stade un adulte sur tous les plans. D\u2019un point de vue sanitaire et biologique, le d\u00e9veloppement c\u00e9r\u00e9bral n\u2019est ainsi pas encore totalement achev\u00e9. De ce fait, plus l\u2019\u00e2ge d\u2019initiation au tabagisme est bas, plus la personne risque de d\u00e9velopper une forte addiction \u00e0 sa consommation. Par ailleurs, le passage des 18 ans ne se traduit pas par l\u2019acquisition par l\u2019individu de l\u2019enti\u00e8ret\u00e9 de ses droits. En effet, un certain nombre d\u2019exceptions subsistent : en France, une personne doit par exemple avoir 21 ans pour pouvoir pr\u00e9tendre au permis des poids lourds exc\u00e9dant 7,5 tonnes, et doit attendre 24 ans pour se pr\u00e9senter aux \u00e9lections s\u00e9natoriales. De ce fait, l\u2019\u00e9largissement de l\u2019\u00e2ge de vente de tabac \u00e0 21 ans est donc juridiquement envisageable.<\/p>\n<p style=\"text-align: right;\"><strong><em>F.T<\/em><\/strong><\/p>\n<p style=\"text-align: justify;\"><strong>Mots cl\u00e9s : Interdiction, 21, mineurs, ASH, The Lancet, \u00e9tude, Angleterre<\/strong><\/p>\n<p>Cr\u00e9dit photo : \u00a9BELPRESS\/MAXPPP\/GERARD HOUIN<\/p>\n<p><strong><a href=\"https:\/\/www.generationsanstabac.org\/\">\u00a9G\u00e9n\u00e9ration Sans Tabac<\/a><\/strong><\/p>\n<hr \/>\n<p style=\"text-align: justify;\"><a href=\"#_ftnref1\" name=\"_ftn1\">[1]<\/a> ASH, <a href=\"https:\/\/ash.org.uk\/media-and-news\/press-releases-media-and-news\/on-world-no-tobacco-day-ash-calls-on-government-to-do-more-to-protect-young-people-and-consult-on-raising-the-age-of-sale-to-21\/\">On World No Tobacco Day ASH calls on Government to do more to protect young people and consult on raising the age of sale to 21<\/a>, 28\/05\/2021, (consult\u00e9 le 31\/05\/2021)<\/p>\n<p style=\"text-align: justify;\"><a href=\"#_ftnref2\" name=\"_ftn2\">[2]<\/a> Spatial, temporal, and demographic patterns in tobacco smoking prevalence and attributable disease: a systematic analysis of 204 countries and territories from the Global Burden of Disease Study 2019, The Lancet. 2021, (27\/05\/2021)<\/p>\n<p><span style=\"color: #999999;\"><strong><a style=\"color: #999999;\" href=\"http:\/\/www.cnct.fr\/\" target=\"_blank\" rel=\"noopener noreferrer\">Comit\u00e9 National Contre le Tabagisme |<\/a><\/strong><\/span><\/p>\n","protected":false},"excerpt":{"rendered":"<p>A l\u2019occasion de la Journ\u00e9e mondiale sans tabac au Royaume-Uni, l\u2019Action on smoking and health (ASH) ainsi que des universitaires de l\u2019University College London (UCL) appellent les pouvoirs publics britanniques \u00e0 envisager le rel\u00e8vement \u00e0 21 ans de l\u2019\u00e2ge l\u00e9gal de vente de tabac. Selon l\u2019ONG, une telle mesure aurait des effets significatifs pour la sant\u00e9 publique.<\/p>\n","protected":false},"featured_media":10528,"template":"","tags":[],"thematique":[491,474],"class_list":["post-20386","actualites","type-actualites","status-publish","has-post-thumbnail","hentry","thematique-politiques-publiques","thematique-sante"],"acf":[],"_links":{"self":[{"href":"https:\/\/www.generationsanstabac.org\/fr\/wp-json\/wp\/v2\/actualites\/20386","targetHints":{"allow":["GET"]}}],"collection":[{"href":"https:\/\/www.generationsanstabac.org\/fr\/wp-json\/wp\/v2\/actualites"}],"about":[{"href":"https:\/\/www.generationsanstabac.org\/fr\/wp-json\/wp\/v2\/types\/actualites"}],"version-history":[{"count":0,"href":"https:\/\/www.generationsanstabac.org\/fr\/wp-json\/wp\/v2\/actualites\/20386\/revisions"}],"wp:featuredmedia":[{"embeddable":true,"href":"https:\/\/www.generationsanstabac.org\/fr\/wp-json\/wp\/v2\/media\/10528"}],"wp:attachment":[{"href":"https:\/\/www.generationsanstabac.org\/fr\/wp-json\/wp\/v2\/media?parent=20386"}],"wp:term":[{"taxonomy":"post_tag","embeddable":true,"href":"https:\/\/www.generationsanstabac.org\/fr\/wp-json\/wp\/v2\/tags?post=20386"},{"taxonomy":"thematique","embeddable":true,"href":"https:\/\/www.generationsanstabac.org\/fr\/wp-json\/wp\/v2\/thematique?post=20386"}],"curies":[{"name":"wp","href":"https:\/\/api.w.org\/{rel}","templated":true}]}}