{"id":20378,"date":"2021-05-26T16:30:18","date_gmt":"2021-05-26T14:30:18","guid":{"rendered":"https:\/\/www.generationsanstabac.org\/actualites\/france-cuisante-defaite-pour-philip-morris\/"},"modified":"2021-05-26T16:30:18","modified_gmt":"2021-05-26T14:30:18","slug":"france-cuisante-defaite-pour-philip-morris","status":"publish","type":"actualites","link":"https:\/\/www.generationsanstabac.org\/fr\/actualites\/france-cuisante-defaite-pour-philip-morris\/","title":{"rendered":"France : cuisante d\u00e9faite pour Philip Morris"},"content":{"rendered":"<p style=\"text-align: justify;\"><em>La participation de Philip Morris au dixi\u00e8me anniversaire des Dialogues de l\u2019Inclusion et de la RSE, qui se tiendront le 27 mai prochain au Minist\u00e8re de l\u2019\u00c9conomie et des Finances, a \u00e9t\u00e9 annul\u00e9e, suite \u00e0 la mobilisation des acteurs de sant\u00e9 publique en France et \u00e0 l\u2019international, et \u00e0 la d\u00e9cision gouvernementale de conditionner sa pr\u00e9sence \u00e0 l\u2019exclusion du cigarettier. <\/em><\/p>\n<p style=\"text-align: justify;\">Le 27 mai, Philip Morris France, \u00e0 travers sa pr\u00e9sidente Jeanne Poll\u00e8s, devait participer au dixi\u00e8me anniversaire des Dialogues de l\u2019Inclusion et de la RSE, au Minist\u00e8re de l\u2019Economie et des Finances, sous le haut patronage du Pr\u00e9sident de la R\u00e9publique et en pr\u00e9sence d\u2019Elisabeth Moreno, charg\u00e9e de l\u2019\u00c9galit\u00e9 entre les femmes et les hommes, de la Diversit\u00e9 et de l\u2019\u00c9galit\u00e9 des chances. Cet \u00e9v\u00e9nement, ayant pour objectif de valoriser des entreprises pour leur \u00ab <em>incidence globale, positive, durable et responsable sur l\u2019ensemble de notre soci\u00e9t\u00e9, en contribuant significativement \u00e0 l\u2019am\u00e9lioration du bien-\u00eatre collectif<\/em> \u00bb, devait mettre \u00e0 l\u2019honneur le fabricant mondial de tabac et sa politique salariale.<\/p>\n<h2 style=\"text-align: justify;\"><strong>Le refus des autorit\u00e9s publiques de participer aux Dialogues avec Philip Morris<\/strong><\/h2>\n<p style=\"text-align: justify;\">La pr\u00e9sence de Philip Morris \u00e0 un tel \u00e9v\u00e9nement a suscit\u00e9 une tr\u00e8s forte r\u00e9action de la part des acteurs de sant\u00e9 publique fran\u00e7ais, qui ont alert\u00e9 les autorit\u00e9s fran\u00e7aises et leurs partenaires europ\u00e9ens. Bruno Le Maire, Ministre de l\u2019Economie et des Finances a rapidement r\u00e9agi, indiquant son refus de participer \u00e0 un tel \u00e9v\u00e9nement en la pr\u00e9sence de Philip Morris. Convaincus par les arguments pr\u00e9sent\u00e9s par les d\u00e9fenseurs de la sant\u00e9 publique, les organisateurs ont ainsi exclu Philip Morris de l\u2019\u00e9v\u00e9nement.<\/p>\n<p style=\"text-align: justify;\">Dans les derni\u00e8res semaines, deux \u00e9v\u00e9nements similaires ont \u00e9t\u00e9 annul\u00e9s pour les m\u00eames raisons. Ces \u00e9checs successifs tendent \u00e0 d\u00e9montrer la difficult\u00e9 rencontr\u00e9e par l\u2019industrie du tabac \u00e0 cultiver une certaine cr\u00e9dibilit\u00e9 aupr\u00e8s des d\u00e9cideurs politiques.<\/p>\n<h2 style=\"text-align: justify;\"><strong>L\u2019industrie du tabac n\u2019est pas une industrie responsable<\/strong><\/h2>\n<p style=\"text-align: justify;\">La pr\u00e9sence du leader mondial du tabac \u00e0 un \u00e9v\u00e9nement d\u00e9di\u00e9 \u00e0 la construction d\u2019une \u00e9conomie \u00ab <em>plus ouverte, inclusive et responsable<\/em> \u00bb comporte de nombreux paradoxes. D\u2019abord, d\u2019un point de vue juridique, elle est une entorse aux engagements internationaux de la France \u00e0 l\u2019\u00e9gard de la Convention-cadre de l\u2019OMS, notamment en mati\u00e8re de protection des politiques publiques de l\u2019ing\u00e9rence de l\u2019industrie du tabac.<\/p>\n<p style=\"text-align: justify;\">Par ailleurs, la cr\u00e9dibilit\u00e9 du discours d\u00e9velopp\u00e9 par l\u2019industrie du tabac sur sa responsabilit\u00e9 sociale peut l\u00e9gitimement \u00eatre interrog\u00e9e. En effet, \u00e0 lui seul, le fabricant Philip Morris est \u00e0 l\u2019origine de la mort de plus de 30 000 personnes par an en France. De plus, la compagnie, au-del\u00e0 de discours d\u2019intention, continue \u00e0 mettre en place des strat\u00e9gies contestables dans le but de maintenir la norme tabagique et la d\u00e9pendance nicotinique. Ainsi, de nombreuses publications ont par exemple d\u00e9montr\u00e9 la mise en place par PMI de campagnes marketing agressives ciblant les mineurs, et tout particuli\u00e8rement dans les pays \u00e0 faibles niveaux de revenus. De m\u00eame, les atteintes environnementales perp\u00e9tr\u00e9es par le cigarettier sont majeures, tout comme sont point\u00e9s l\u2019implication de cette industrie dans l\u2019exploitation des femmes, dans le travail des enfants et dans <a href=\"https:\/\/www.generationsanstabac.org\/actualites\/afrique-contrebande-philip-morris-terrorisme\/\">l\u2019organisation de la contrebande de tabac en Afrique de l\u2019Ouest<\/a>, source de financement d\u2019organisations djihadistes et facteur majeur de d\u00e9stabilisation r\u00e9gionale.<\/p>\n<p style=\"text-align: right;\"><strong><em>F.T<\/em><\/strong><\/p>\n<p><strong>Mots cl\u00e9s : Philip Morris, RSE, Ing\u00e9rence<br \/>\n<\/strong><\/p>\n<p><strong><a href=\"https:\/\/www.generationsanstabac.org\/\">\u00a9G\u00e9n\u00e9ration Sans Tabac<\/a><\/strong><\/p>\n<hr \/>\n<p><span style=\"color: #999999;\"><strong><a style=\"color: #999999;\" href=\"http:\/\/www.cnct.fr\/\" target=\"_blank\" rel=\"noopener noreferrer\">Comit\u00e9 National Contre le Tabagisme |<\/a><\/strong><\/span><\/p>\n","protected":false},"excerpt":{"rendered":"<p>La participation de Philip Morris au dixi\u00e8me anniversaire des Dialogues de l\u2019Inclusion et de la RSE, qui se tiendront le 27 mai prochain au Minist\u00e8re de l\u2019\u00c9conomie et des Finances, a \u00e9t\u00e9 annul\u00e9e, suite \u00e0 la mobilisation des acteurs de sant\u00e9 publique en France et \u00e0 l\u2019international, et \u00e0 la d\u00e9cision gouvernementale de conditionner sa pr\u00e9sence \u00e0 l\u2019exclusion du cigarettier.<\/p>\n","protected":false},"featured_media":20379,"template":"","tags":[],"thematique":[502,499],"class_list":["post-20378","actualites","type-actualites","status-publish","has-post-thumbnail","hentry","thematique-justice","thematique-lobby"],"acf":[],"_links":{"self":[{"href":"https:\/\/www.generationsanstabac.org\/fr\/wp-json\/wp\/v2\/actualites\/20378","targetHints":{"allow":["GET"]}}],"collection":[{"href":"https:\/\/www.generationsanstabac.org\/fr\/wp-json\/wp\/v2\/actualites"}],"about":[{"href":"https:\/\/www.generationsanstabac.org\/fr\/wp-json\/wp\/v2\/types\/actualites"}],"version-history":[{"count":0,"href":"https:\/\/www.generationsanstabac.org\/fr\/wp-json\/wp\/v2\/actualites\/20378\/revisions"}],"wp:featuredmedia":[{"embeddable":true,"href":"https:\/\/www.generationsanstabac.org\/fr\/wp-json\/wp\/v2\/media\/20379"}],"wp:attachment":[{"href":"https:\/\/www.generationsanstabac.org\/fr\/wp-json\/wp\/v2\/media?parent=20378"}],"wp:term":[{"taxonomy":"post_tag","embeddable":true,"href":"https:\/\/www.generationsanstabac.org\/fr\/wp-json\/wp\/v2\/tags?post=20378"},{"taxonomy":"thematique","embeddable":true,"href":"https:\/\/www.generationsanstabac.org\/fr\/wp-json\/wp\/v2\/thematique?post=20378"}],"curies":[{"name":"wp","href":"https:\/\/api.w.org\/{rel}","templated":true}]}}